{"id":17621,"date":"2025-02-09T19:43:01","date_gmt":"2025-02-09T22:43:01","guid":{"rendered":"https:\/\/vimagazine.com.br\/?p=17621"},"modified":"2025-02-09T19:43:03","modified_gmt":"2025-02-09T22:43:03","slug":"ex-bbb-amanda-gontijo-compartilha-experiencia-da-suspensao-do-uso-de-hormonios-para-se-preparar-para-a-fertilizacao-in-vitro","status":"publish","type":"post","link":"https:\/\/vimagazine.com.br\/?p=17621","title":{"rendered":"Ex-BBB Amanda Gontijo compartilha experi\u00eancia da suspens\u00e3o do uso de horm\u00f4nios para se preparar para a fertiliza\u00e7\u00e3o in vitro"},"content":{"rendered":"\n<figure class=\"wp-block-image aligncenter size-large is-resized\"><img src=\"https:\/\/vimagazine.com.br\/wp-content\/uploads\/2025\/02\/WhatsApp-Image-2025-02-07-at-17.27.25-526x1024.jpeg\" alt=\"\" class=\"wp-image-17622\" width=\"386\" height=\"752\" srcset=\"https:\/\/vimagazine.com.br\/wp-content\/uploads\/2025\/02\/WhatsApp-Image-2025-02-07-at-17.27.25-526x1024.jpeg 526w, https:\/\/vimagazine.com.br\/wp-content\/uploads\/2025\/02\/WhatsApp-Image-2025-02-07-at-17.27.25-154x300.jpeg 154w, https:\/\/vimagazine.com.br\/wp-content\/uploads\/2025\/02\/WhatsApp-Image-2025-02-07-at-17.27.25.jpeg 589w\" sizes=\"(max-width: 386px) 100vw, 386px\" \/><\/figure>\n\n\n\n<figure class=\"wp-block-image aligncenter size-large is-resized\"><img src=\"https:\/\/vimagazine.com.br\/wp-content\/uploads\/2025\/02\/WhatsApp-Image-2025-02-07-at-17.27.18-668x1024.jpeg\" alt=\"\" class=\"wp-image-17623\" width=\"398\" height=\"610\" srcset=\"https:\/\/vimagazine.com.br\/wp-content\/uploads\/2025\/02\/WhatsApp-Image-2025-02-07-at-17.27.18-668x1024.jpeg 668w, https:\/\/vimagazine.com.br\/wp-content\/uploads\/2025\/02\/WhatsApp-Image-2025-02-07-at-17.27.18-196x300.jpeg 196w, https:\/\/vimagazine.com.br\/wp-content\/uploads\/2025\/02\/WhatsApp-Image-2025-02-07-at-17.27.18.jpeg 754w\" sizes=\"(max-width: 398px) 100vw, 398px\" \/><\/figure>\n\n\n\n<p>Desde jovem, a influencer e ex-BBB&nbsp;<strong>Amanda Gontijo<\/strong>&nbsp;sempre sonhou em ter um filho e assim poder construir uma fam\u00edlia. Ap\u00f3s iniciar sua carreira na moda e participar do reality Big Brother Brasil 14, a beldade focou pesado em sua carreira e o seu grande sonho acabou ficando em segundo plano, o que dificultou a forma\u00e7\u00e3o inclusive de ter um relacionamento s\u00e9rio e construir uma fam\u00edlia.<\/p>\n\n\n\n<p>Cinco anos atr\u00e1s, Amanda conheceu&nbsp;<strong>Danilo Monteiro<\/strong>&nbsp;com quem se casou e planejaram a possibilidade de ter um filho, mas desejavam primeiro estabilidade profissional e financeira. Em abril do ano passado, decidiram procurar o Dr Felipe Lazar para iniciar o tratamento de FIV, priorizando a sa\u00fade do futuro beb\u00ea. Com o casamento marcado para novembro de 2024, optaram por adiar o tratamento at\u00e9 depois da cerim\u00f4nia.<\/p>\n\n\n\n<p>Ap\u00f3s o casamento, come\u00e7aram os exames e o tratamento de estimula\u00e7\u00e3o ovariana. Durante a lua de mel, come\u00e7aram o est\u00edmulo e, ap\u00f3s 10 dias, realizaram a coleta dos \u00f3vulos, que foram considerados de boa qualidade. Danilo tem estado muito envolvido no processo, acompanhando consultas e todo o tratamento. No in\u00edcio queria ter de forma natural .&nbsp; Mas devido aos devido aos benef\u00edcios da FIV em identificar poss\u00edveis problemas de sa\u00fade no material gen\u00e9tico , decidiram pelo tratamento<\/p>\n\n\n\n<p>O casal est\u00e1 comprometido em fazer tudo o que puder para garantir a sa\u00fade do futuro beb\u00ea.<\/p>\n\n\n\n<p>Mas da\u00ed vem a pergunta &#8211; Por que fazer a fiv?<\/p>\n\n\n\n<p>&#8220;Sempre idealizei que ter um filho vai muito al\u00e9m de gerar uma crian\u00e7a, acredito que mais que dar a luz a um beb\u00ea, \u00e9 ter um ambiente familiar, unido para esse beb\u00ea crescer. Minha carreira come\u00e7ou no mundo da moda aos 16 anos e come\u00e7ou a deslanchar ap\u00f3s o BBB14 , e depois do Reality o meu objetivo de vida era: Trabalhar, viajar, conhecer o mundo que existia fora do per\u00edmetro de Divin\u00f3polis. Sendo assim, mal cabia um relacionamento, quem dir\u00e1 um Beb\u00ea!&#8221;, afirmou a influencer.<\/p>\n\n\n\n<p>Os anos foram passando e h\u00e1 5 anos atr\u00e1s ao conhecer seu atual marido Danilo, come\u00e7ou um relacionamento que passou por todas as etapas desde namoro, noivado e casamento, e juntos sempre foram conversando sobre terem filhos, por\u00e9m era algo mais distante pois ambos quer\u00edamos adquirir estabilidade profissional e financeira para poder pensar nisso apenas mais pra frente.<\/p>\n\n\n\n<p>Por\u00e9m em abril do ano passado, optaram por procurarem pelo&nbsp;<strong>Dr Felipe Lazar<\/strong>, pois j\u00e1 estavam achando que seria o momento ideal para engravidar, e desde o in\u00edcio desse pensamento ambos queriam que fosse FIV, por quest\u00f5es de seguran\u00e7a com o Beb\u00ea.<\/p>\n\n\n\n<p>Como j\u00e1 est\u00e1vamos com o casamento marcado para dia 09\/11\/24 decidi adiar mais um pouco pois queria estar em forma para o casamento. Ent\u00e3o combinamos, que assim que passa-se o casamento dar\u00edamos in\u00edcio ao Tratamento, pois sabia que nesse processo de est\u00edmulos eu iria ganhar um pouco de peso, teria muitas oxida\u00e7\u00f5es de humor (que uma noiva n\u00e3o pode ter) al\u00e9m de ser um tratamento caro, e j\u00e1 est\u00e1vamos gastando muito com o casamento.<\/p>\n\n\n\n<p>Danilo tem acompanhado muito de perto todo esse processo, desde consultas, inje\u00e7\u00f5es sendo aplicadas, no dia da coleta, ele entrou na cirurgia para ver todo o processo e acompanhar cada fase, at\u00e9 pelo fato dele tamb\u00e9m ser m\u00e9dico (cirurgi\u00e3o pl\u00e1stico) ele \u00e9 extremamente cauteloso, e como estamos planejando tudo junto, ele est\u00e1 fazendo muita quest\u00e3o de ver tudo de perto.<\/p>\n\n\n\n<p>&#8220;No in\u00edcio Danilo n\u00e3o queria fazer a fiv, queria ter de forma natural, mas depois de muita conversa consegui convenc\u00ea-lo sobre os benef\u00edcios que o processo fiv pode nos proporcionar al\u00e9m de poder identificar doen\u00e7as provenientes de um material que n\u00e3o tem mais 20 anos, e pode sim ap\u00f3s os 25 come\u00e7ar a acarretar algum problema&#8221;, declara Amanda que agora aguarda ansiosa pelo resultado do processo para que em breve possa ser a mais nova mam\u00e3e de 2025.<\/p>\n\n\n\n<p><strong>Cr\u00e9dito das Fotos: Divulga\u00e7\u00e3o<\/strong><\/p>\n","protected":false},"excerpt":{"rendered":"<p>Desde jovem, a influencer e ex-BBB&nbsp;Amanda Gontijo&nbsp;sempre sonhou em ter um filho e assim poder&#8230;<\/p>\n","protected":false},"author":19,"featured_media":17624,"comment_status":"closed","ping_status":"open","sticky":false,"template":"","format":"standard","meta":{"om_disable_all_campaigns":false,"_monsterinsights_skip_tracking":false,"_monsterinsights_sitenote_active":false,"_monsterinsights_sitenote_note":"","_monsterinsights_sitenote_category":0,"spay_email":""},"categories":[1],"tags":[],"jetpack_featured_media_url":"https:\/\/vimagazine.com.br\/wp-content\/uploads\/2025\/02\/Danilo-Monteiro-Dr-Felipe-Lazar-e-Amanda-GontijoAA.jpg","_links":{"self":[{"href":"https:\/\/vimagazine.com.br\/index.php?rest_route=\/wp\/v2\/posts\/17621"}],"collection":[{"href":"https:\/\/vimagazine.com.br\/index.php?rest_route=\/wp\/v2\/posts"}],"about":[{"href":"https:\/\/vimagazine.com.br\/index.php?rest_route=\/wp\/v2\/types\/post"}],"author":[{"embeddable":true,"href":"https:\/\/vimagazine.com.br\/index.php?rest_route=\/wp\/v2\/users\/19"}],"replies":[{"embeddable":true,"href":"https:\/\/vimagazine.com.br\/index.php?rest_route=%2Fwp%2Fv2%2Fcomments&post=17621"}],"version-history":[{"count":1,"href":"https:\/\/vimagazine.com.br\/index.php?rest_route=\/wp\/v2\/posts\/17621\/revisions"}],"predecessor-version":[{"id":17625,"href":"https:\/\/vimagazine.com.br\/index.php?rest_route=\/wp\/v2\/posts\/17621\/revisions\/17625"}],"wp:featuredmedia":[{"embeddable":true,"href":"https:\/\/vimagazine.com.br\/index.php?rest_route=\/wp\/v2\/media\/17624"}],"wp:attachment":[{"href":"https:\/\/vimagazine.com.br\/index.php?rest_route=%2Fwp%2Fv2%2Fmedia&parent=17621"}],"wp:term":[{"taxonomy":"category","embeddable":true,"href":"https:\/\/vimagazine.com.br\/index.php?rest_route=%2Fwp%2Fv2%2Fcategories&post=17621"},{"taxonomy":"post_tag","embeddable":true,"href":"https:\/\/vimagazine.com.br\/index.php?rest_route=%2Fwp%2Fv2%2Ftags&post=17621"}],"curies":[{"name":"wp","href":"https:\/\/api.w.org\/{rel}","templated":true}]}}