{"id":17626,"date":"2025-02-09T20:08:34","date_gmt":"2025-02-09T23:08:34","guid":{"rendered":"https:\/\/vimagazine.com.br\/?p=17626"},"modified":"2025-02-09T20:08:35","modified_gmt":"2025-02-09T23:08:35","slug":"lancamento-da-colecao-boho-glam-da-aloicia-modas-com-a-influencer-claudia-metne","status":"publish","type":"post","link":"https:\/\/vimagazine.com.br\/?p=17626","title":{"rendered":"Lan\u00e7amento da cole\u00e7\u00e3o Boho Glam da Aloicia Modas, com a influencer Claudia M\u00e9tne"},"content":{"rendered":"\n<figure class=\"wp-block-image aligncenter size-large is-resized\"><img src=\"https:\/\/vimagazine.com.br\/wp-content\/uploads\/2025\/02\/WhatsApp-Image-2025-02-03-at-21.41.43-1-1-768x1024.jpeg\" alt=\"\" class=\"wp-image-17627\" width=\"521\" height=\"695\" srcset=\"https:\/\/vimagazine.com.br\/wp-content\/uploads\/2025\/02\/WhatsApp-Image-2025-02-03-at-21.41.43-1-1-768x1024.jpeg 768w, https:\/\/vimagazine.com.br\/wp-content\/uploads\/2025\/02\/WhatsApp-Image-2025-02-03-at-21.41.43-1-1-225x300.jpeg 225w, https:\/\/vimagazine.com.br\/wp-content\/uploads\/2025\/02\/WhatsApp-Image-2025-02-03-at-21.41.43-1-1.jpeg 960w\" sizes=\"(max-width: 521px) 100vw, 521px\" \/><\/figure>\n\n\n\n<figure class=\"wp-block-image aligncenter size-large is-resized\"><img src=\"https:\/\/vimagazine.com.br\/wp-content\/uploads\/2025\/02\/WhatsApp-Image-2025-02-03-at-21.41.43-2-1-720x1024.jpeg\" alt=\"\" class=\"wp-image-17628\" width=\"501\" height=\"712\" srcset=\"https:\/\/vimagazine.com.br\/wp-content\/uploads\/2025\/02\/WhatsApp-Image-2025-02-03-at-21.41.43-2-1-720x1024.jpeg 720w, https:\/\/vimagazine.com.br\/wp-content\/uploads\/2025\/02\/WhatsApp-Image-2025-02-03-at-21.41.43-2-1-211x300.jpeg 211w, https:\/\/vimagazine.com.br\/wp-content\/uploads\/2025\/02\/WhatsApp-Image-2025-02-03-at-21.41.43-2-1-768x1092.jpeg 768w, https:\/\/vimagazine.com.br\/wp-content\/uploads\/2025\/02\/WhatsApp-Image-2025-02-03-at-21.41.43-2-1.jpeg 900w\" sizes=\"(max-width: 501px) 100vw, 501px\" \/><\/figure>\n\n\n\n<figure class=\"wp-block-image aligncenter size-large is-resized\"><img src=\"https:\/\/vimagazine.com.br\/wp-content\/uploads\/2025\/02\/WhatsApp-Image-2025-02-03-at-21.41.43-4-1-667x1024.jpeg\" alt=\"\" class=\"wp-image-17629\" width=\"462\" height=\"710\" srcset=\"https:\/\/vimagazine.com.br\/wp-content\/uploads\/2025\/02\/WhatsApp-Image-2025-02-03-at-21.41.43-4-1-667x1024.jpeg 667w, https:\/\/vimagazine.com.br\/wp-content\/uploads\/2025\/02\/WhatsApp-Image-2025-02-03-at-21.41.43-4-1-195x300.jpeg 195w, https:\/\/vimagazine.com.br\/wp-content\/uploads\/2025\/02\/WhatsApp-Image-2025-02-03-at-21.41.43-4-1-768x1179.jpeg 768w, https:\/\/vimagazine.com.br\/wp-content\/uploads\/2025\/02\/WhatsApp-Image-2025-02-03-at-21.41.43-4-1.jpeg 834w\" sizes=\"(max-width: 462px) 100vw, 462px\" \/><\/figure>\n\n\n\n<p>Hoje, a moda se reinventa com um toque nost\u00e1lgico e elegante no lan\u00e7amento da cole\u00e7\u00e3o Boho Glam da Aloicia Modas, com a renomada influencer Claudia M\u00e9tne. Inspirada nos vibrantes anos 70, esta cole\u00e7\u00e3o combina o esp\u00edrito livre do estilo boho com um refinamento contempor\u00e2neo, capturando a ess\u00eancia \u00fanica da \u00e9poca em cada pe\u00e7a.&nbsp;<\/p>\n\n\n\n<p>Claudia M\u00e9tne, conhecida por seu estilo sofisticado e influ\u00eancia marcante na moda, colaborou de perto com a Aloicia para trazer \u00e0 vida designs que exalam glamour e personalidade. &nbsp;<\/p>\n\n\n\n<p>&#8220;\u00c9 uma honra colaborar com a Aloicia nesta cole\u00e7\u00e3o Boho Glam&#8221;, compartilha Claudia M\u00e9tne. &#8220;N\u00f3s buscamos n\u00e3o apenas reviver o estilo ic\u00f4nico dos anos 70, mas tamb\u00e9m incorporar um toque contempor\u00e2neo que torna cada pe\u00e7a \u00fanica e atemporal.&#8221;&nbsp;<\/p>\n\n\n\n<p>A cole\u00e7\u00e3o \u00e9 uma celebra\u00e7\u00e3o da liberdade criativa e da eleg\u00e2ncia descomplicada, projetada para mulheres que valorizam o estilo e a qualidade.Seja para um evento especial ou para o dia a dia, a cole\u00e7\u00e3o Boho Glam da Aloicia Modas promete ser a escolha perfeita para quem busca expressar sua personalidade atrav\u00e9s da moda. Descubra a magia dos anos 70 revisitada com classe, entre Claudia M\u00e9tne e Aloicia Modas.&nbsp;<\/p>\n","protected":false},"excerpt":{"rendered":"<p>Hoje, a moda se reinventa com um toque nost\u00e1lgico e elegante no lan\u00e7amento da cole\u00e7\u00e3o&#8230;<\/p>\n","protected":false},"author":19,"featured_media":17630,"comment_status":"closed","ping_status":"open","sticky":false,"template":"","format":"standard","meta":{"om_disable_all_campaigns":false,"_monsterinsights_skip_tracking":false,"_monsterinsights_sitenote_active":false,"_monsterinsights_sitenote_note":"","_monsterinsights_sitenote_category":0,"spay_email":""},"categories":[1],"tags":[],"jetpack_featured_media_url":"https:\/\/vimagazine.com.br\/wp-content\/uploads\/2025\/02\/WhatsApp-Image-2025-02-03-at-21.43.39-2.jpeg","_links":{"self":[{"href":"https:\/\/vimagazine.com.br\/index.php?rest_route=\/wp\/v2\/posts\/17626"}],"collection":[{"href":"https:\/\/vimagazine.com.br\/index.php?rest_route=\/wp\/v2\/posts"}],"about":[{"href":"https:\/\/vimagazine.com.br\/index.php?rest_route=\/wp\/v2\/types\/post"}],"author":[{"embeddable":true,"href":"https:\/\/vimagazine.com.br\/index.php?rest_route=\/wp\/v2\/users\/19"}],"replies":[{"embeddable":true,"href":"https:\/\/vimagazine.com.br\/index.php?rest_route=%2Fwp%2Fv2%2Fcomments&post=17626"}],"version-history":[{"count":1,"href":"https:\/\/vimagazine.com.br\/index.php?rest_route=\/wp\/v2\/posts\/17626\/revisions"}],"predecessor-version":[{"id":17631,"href":"https:\/\/vimagazine.com.br\/index.php?rest_route=\/wp\/v2\/posts\/17626\/revisions\/17631"}],"wp:featuredmedia":[{"embeddable":true,"href":"https:\/\/vimagazine.com.br\/index.php?rest_route=\/wp\/v2\/media\/17630"}],"wp:attachment":[{"href":"https:\/\/vimagazine.com.br\/index.php?rest_route=%2Fwp%2Fv2%2Fmedia&parent=17626"}],"wp:term":[{"taxonomy":"category","embeddable":true,"href":"https:\/\/vimagazine.com.br\/index.php?rest_route=%2Fwp%2Fv2%2Fcategories&post=17626"},{"taxonomy":"post_tag","embeddable":true,"href":"https:\/\/vimagazine.com.br\/index.php?rest_route=%2Fwp%2Fv2%2Ftags&post=17626"}],"curies":[{"name":"wp","href":"https:\/\/api.w.org\/{rel}","templated":true}]}}