{"id":17690,"date":"2025-02-12T19:13:22","date_gmt":"2025-02-12T22:13:22","guid":{"rendered":"https:\/\/vimagazine.com.br\/?p=17690"},"modified":"2025-02-12T19:34:02","modified_gmt":"2025-02-12T22:34:02","slug":"miss-parana-paula-assuncao-participa-hoje-da-preliminar-e-e-forte-concorrente-ao-titulo-de-miss-brasil-2025","status":"publish","type":"post","link":"https:\/\/vimagazine.com.br\/?p=17690","title":{"rendered":"<strong>Miss Paran\u00e1 Paula Assun\u00e7\u00e3o participa hoje da preliminar e \u00e9 forte concorrente ao t\u00edtulo de Miss Brasil 2025!<\/strong>"},"content":{"rendered":"\n<p>Em confinamento desde o \u00faltimo dia 08 de fevereiro no Hotel Nacional Inn Jaragu\u00e1, em S\u00e3o Paulo, Paula Assun\u00e7\u00e3o, Miss Paran\u00e1 2025, participa hoje a noite da preliminar e amanh\u00e3 da grande final onde ela \u00e9 a grande favorita ao t\u00edtulo de Miss Brasil 2025. <\/p>\n\n\n\n<figure class=\"wp-block-image size-large is-resized\"><img src=\"https:\/\/vimagazine.com.br\/wp-content\/uploads\/2025\/02\/bd69c05e-e186-4f82-916d-9ec6c806efc1-682x1024.jpg\" alt=\"\" class=\"wp-image-17692\" width=\"839\" height=\"1260\" srcset=\"https:\/\/vimagazine.com.br\/wp-content\/uploads\/2025\/02\/bd69c05e-e186-4f82-916d-9ec6c806efc1-682x1024.jpg 682w, https:\/\/vimagazine.com.br\/wp-content\/uploads\/2025\/02\/bd69c05e-e186-4f82-916d-9ec6c806efc1-200x300.jpg 200w, https:\/\/vimagazine.com.br\/wp-content\/uploads\/2025\/02\/bd69c05e-e186-4f82-916d-9ec6c806efc1-768x1153.jpg 768w, https:\/\/vimagazine.com.br\/wp-content\/uploads\/2025\/02\/bd69c05e-e186-4f82-916d-9ec6c806efc1-1023x1536.jpg 1023w, https:\/\/vimagazine.com.br\/wp-content\/uploads\/2025\/02\/bd69c05e-e186-4f82-916d-9ec6c806efc1-1024x1537.jpg 1024w, https:\/\/vimagazine.com.br\/wp-content\/uploads\/2025\/02\/bd69c05e-e186-4f82-916d-9ec6c806efc1.jpg 1066w\" sizes=\"(max-width: 839px) 100vw, 839px\" \/><\/figure>\n\n\n\n<p><strong><em>Trajet\u00f3ria Pessoal e Profissional<\/em><\/strong><\/p>\n\n\n\n<p>Natural de Foz do Igua\u00e7u, Paula \u00e9 uma modelo internacional e estudante de administra\u00e7\u00e3o. Al\u00e9m de sua carreira nas passarelas, ela se destaca como ativista social, especialmente com seu projeto \u201cPassarela Inclusiva\u201d em Londrina, onde atua como embaixadora de a\u00e7\u00f5es humanit\u00e1rias. Este projeto visa promover a inclus\u00e3o e a diversidade no universo da moda, refletindo seu compromisso com causas sociais e culturais. A frase que a acompanha, \u201cA verdadeira beleza vai al\u00e9m da apar\u00eancia\u201d, \u00e9 um testemunho de sua filosofia de vida. Paula acredita que a beleza se manifesta n\u00e3o apenas na apar\u00eancia, mas tamb\u00e9m nas a\u00e7\u00f5es e no impacto positivo que podemos ter na sociedade.<\/p>\n\n\n\n<figure class=\"wp-block-image size-large is-resized\"><img src=\"https:\/\/vimagazine.com.br\/wp-content\/uploads\/2025\/02\/54d57beb-0cc3-43a7-b770-e92090719b4f-878x1024.jpg\" alt=\"\" class=\"wp-image-17694\" width=\"848\" height=\"988\" srcset=\"https:\/\/vimagazine.com.br\/wp-content\/uploads\/2025\/02\/54d57beb-0cc3-43a7-b770-e92090719b4f-878x1024.jpg 878w, https:\/\/vimagazine.com.br\/wp-content\/uploads\/2025\/02\/54d57beb-0cc3-43a7-b770-e92090719b4f-257x300.jpg 257w, https:\/\/vimagazine.com.br\/wp-content\/uploads\/2025\/02\/54d57beb-0cc3-43a7-b770-e92090719b4f-768x896.jpg 768w, https:\/\/vimagazine.com.br\/wp-content\/uploads\/2025\/02\/54d57beb-0cc3-43a7-b770-e92090719b4f.jpg 1008w\" sizes=\"(max-width: 848px) 100vw, 848px\" \/><\/figure>\n\n\n\n<p><strong><em>Conquistas e Reconhecimentos<\/em><\/strong><\/p>\n\n\n\n<p>A trajet\u00f3ria de Paula \u00e9 repleta de conquistas significativas. Recentemente, ela foi coroada Miss Planet Internacional 2024, um marco importante que destacou suas habilidades de comunica\u00e7\u00e3o, especialmente em ingl\u00eas, ao receber o pr\u00eamio de melhor entrevista. Essa vit\u00f3ria n\u00e3o apenas ressalta seu talento, mas tamb\u00e9m a prepara para se destacar em competi\u00e7\u00f5es internacionais, onde a comunica\u00e7\u00e3o \u00e9 essencial.<\/p>\n\n\n\n<p><strong><em>Comprometimento com Causas Sociais e Culturais<\/em><\/strong><\/p>\n\n\n\n<p>A prepara\u00e7\u00e3o de Paula para o Miss Brasil vai al\u00e9m da beleza exterior; ela \u00e9 uma defensora fervorosa de quest\u00f5es sociais e culturais. Sua capacidade de discutir temas relevantes com profundidade e empatia ressoa positivamente tanto com o p\u00fablico quanto com os jurados. Paula se dedica a utilizar sua plataforma para promover mudan\u00e7as significativas, mostrando que a verdadeira beleza est\u00e1 intrinsicamente ligada \u00e0 responsabilidade social.<\/p>\n\n\n\n<p><strong><em>Expectativas para o Futuro<\/em><\/strong><\/p>\n\n\n\n<p>Com a expectativa crescendo em torno de sua candidatura ao Miss Brasil 2025, muitos torcem por seu sucesso nas pr\u00f3ximas etapas do concurso. A combina\u00e7\u00e3o de beleza, intelig\u00eancia e um forte senso de responsabilidade social torna Paula Assun\u00e7\u00e3o uma representante exemplar do Brasil. Sua jornada est\u00e1 sendo acompanhada de perto, e a comunidade est\u00e1 ansiosa para ver como ela brilhar\u00e1 na grande final.<\/p>\n\n\n\n<p>Para acompanhar mais sobre sua trajet\u00f3ria e apoio, siga seu perfil no Instagram: <a href=\"https:\/\/www.instagram.com\/paullaassuncao\" target=\"_blank\" rel=\"noreferrer noopener\">@paullaassuncao<\/a>. A jornada de Paula \u00e9 uma inspira\u00e7\u00e3o para muitos, e sua dedica\u00e7\u00e3o em fazer a diferen\u00e7a na sociedade \u00e9 um testemunho do que significa ser uma verdadeira representante da beleza brasileira.<\/p>\n\n\n\n<p><strong><em>T\u00edtulos conquistados:<\/em><\/strong><\/p>\n\n\n\n<p>Miss fashion Tv &#8211; Model Awards 2021<\/p>\n\n\n\n<p>Miss Europe Portugal 2022<\/p>\n\n\n\n<p>Miss Europe top 5<\/p>\n\n\n\n<p>Miss Europe continental Dubai 2022<\/p>\n\n\n\n<p>Miss Europe continental 2nd runner up<\/p>\n\n\n\n<p>Miss turismo International 2022<\/p>\n\n\n\n<p>Miss Supraglobal Brasil 2022<\/p>\n\n\n\n<p>Miss Supraglobal 1st runner up<\/p>\n\n\n\n<p>Miss Supraglobal best Bikini<\/p>\n\n\n\n<p>Miss Mission Brazil 2022<\/p>\n\n\n\n<p>Miss Elite Brazil 2022<\/p>\n\n\n\n<p>Miss Elite Congeniality<\/p>\n\n\n\n<p>Miss Eco Brasil 2023<\/p>\n\n\n\n<p>Miss Eco Iternational top 10<\/p>\n\n\n\n<p>Miss Supranational Cataratas do Igua\u00e7u 2024<\/p>\n\n\n\n<p>Miss Planet Brazil 2024<\/p>\n\n\n\n<p>Miss Planet best interview<\/p>\n\n\n\n<p>Miss Paran\u00e1 2025<\/p>\n","protected":false},"excerpt":{"rendered":"<p>Em confinamento desde o \u00faltimo dia 08 de fevereiro no Hotel Nacional Inn Jaragu\u00e1, em&#8230;<\/p>\n","protected":false},"author":2,"featured_media":17693,"comment_status":"closed","ping_status":"open","sticky":false,"template":"","format":"standard","meta":{"om_disable_all_campaigns":false,"_monsterinsights_skip_tracking":false,"_monsterinsights_sitenote_active":false,"_monsterinsights_sitenote_note":"","_monsterinsights_sitenote_category":0,"spay_email":""},"categories":[26,31],"tags":[571,1000],"jetpack_featured_media_url":"https:\/\/vimagazine.com.br\/wp-content\/uploads\/2025\/02\/e028055d-0d2f-490a-a562-04d971c76ee8.jpg","_links":{"self":[{"href":"https:\/\/vimagazine.com.br\/index.php?rest_route=\/wp\/v2\/posts\/17690"}],"collection":[{"href":"https:\/\/vimagazine.com.br\/index.php?rest_route=\/wp\/v2\/posts"}],"about":[{"href":"https:\/\/vimagazine.com.br\/index.php?rest_route=\/wp\/v2\/types\/post"}],"author":[{"embeddable":true,"href":"https:\/\/vimagazine.com.br\/index.php?rest_route=\/wp\/v2\/users\/2"}],"replies":[{"embeddable":true,"href":"https:\/\/vimagazine.com.br\/index.php?rest_route=%2Fwp%2Fv2%2Fcomments&post=17690"}],"version-history":[{"count":1,"href":"https:\/\/vimagazine.com.br\/index.php?rest_route=\/wp\/v2\/posts\/17690\/revisions"}],"predecessor-version":[{"id":17695,"href":"https:\/\/vimagazine.com.br\/index.php?rest_route=\/wp\/v2\/posts\/17690\/revisions\/17695"}],"wp:featuredmedia":[{"embeddable":true,"href":"https:\/\/vimagazine.com.br\/index.php?rest_route=\/wp\/v2\/media\/17693"}],"wp:attachment":[{"href":"https:\/\/vimagazine.com.br\/index.php?rest_route=%2Fwp%2Fv2%2Fmedia&parent=17690"}],"wp:term":[{"taxonomy":"category","embeddable":true,"href":"https:\/\/vimagazine.com.br\/index.php?rest_route=%2Fwp%2Fv2%2Fcategories&post=17690"},{"taxonomy":"post_tag","embeddable":true,"href":"https:\/\/vimagazine.com.br\/index.php?rest_route=%2Fwp%2Fv2%2Ftags&post=17690"}],"curies":[{"name":"wp","href":"https:\/\/api.w.org\/{rel}","templated":true}]}}