{"id":17696,"date":"2025-02-14T13:54:36","date_gmt":"2025-02-14T16:54:36","guid":{"rendered":"https:\/\/vimagazine.com.br\/?p=17696"},"modified":"2025-02-14T13:59:50","modified_gmt":"2025-02-14T16:59:50","slug":"contratado-pela-jovem-pan-dom-schiavi-e-o-nvovo-comentarista-politico","status":"publish","type":"post","link":"https:\/\/vimagazine.com.br\/?p=17696","title":{"rendered":"Jovem Pan contrata Dom Schiavi como Comentarista Pol\u00edtico"},"content":{"rendered":"\n<p><\/p>\n\n\n\n<p><\/p>\n\n\n\n<p>A Jovem Pan Joinville anunciou a chegada de Dom Schiavi ao seu time de comentaristas. Schiavi, que j\u00e1 \u00e9 um nome consolidado no cen\u00e1rio pol\u00edtico de Santa Catarina, integrar\u00e1 a equipe do Jornal da Manh\u00e3, trazendo an\u00e1lises aprofundadas sobre os bastidores da pol\u00edtica local e estadual.<br>Com experi\u00eancia na cobertura dos poderes Legislativo e Executivo, ele acompanhar\u00e1 de perto as pautas de Joinville e de outras cidades, oferecendo informa\u00e7\u00f5es e opini\u00f5es com isen\u00e7\u00e3o e credibilidade. Sua chegada refor\u00e7a o compromisso da emissora em oferecer um jornalismo opinativo e bem fundamentado aos seus ouvintes.<\/p>\n\n\n\n<p>&#8220;\u00c9 uma honra fazer parte desta equipe e contribuir para o debate pol\u00edtico em uma cidade t\u00e3o importante como Joinville e as demais. O p\u00fablico pode esperar uma cobertura detalhada dos principais acontecimentos da regi\u00e3o, sempre com an\u00e1lise cr\u00edtica e responsabilidade&#8221;, afirma.<\/p>\n\n\n\n<p>O Jornal da Manh\u00e3 vai ao ar diariamente, das 07h \u00e0s 08h, trazendo informa\u00e7\u00f5es relevantes e discuss\u00f5es sobre os temas que impactam a sociedade. As pautas empresariais, de economia, tr\u00e2nsito e do dia-a-dia do ouvinte v\u00e3o continuar.<\/p>\n\n\n\n<p>\u201cO que muda, com a chegada de Dom, \u00e9 que a programa\u00e7\u00e3o ganha ainda mais dinamismo e profundidade na cobertura pol\u00edtica. E pol\u00edtica, sim, pode fazer a diferen\u00e7a na vida das pessoas\u201d, explica o coordenador de Jornalismo Marcos Pereira.<\/p>\n\n\n\n<p>O Jornal da Manh\u00e3 \u00e9 transmitido em 91.1 FM, pelo aplicativo e no canal do Youtube Jovem Pan Joinville. O programa tem ainda a ancoragem de Cesar J\u00fanior e Marcos Pereira e reportagens de Mariana Gon\u00e7alves Pereira.<br><br>Foto: Divulga\u00e7\u00e3o Jovem Pan Joinville<\/p>\n","protected":false},"excerpt":{"rendered":"<p>A Jovem Pan Joinville anunciou a chegada de Dom Schiavi ao seu time de comentaristas&#8230;.<\/p>\n","protected":false},"author":1,"featured_media":17697,"comment_status":"closed","ping_status":"open","sticky":false,"template":"","format":"standard","meta":{"om_disable_all_campaigns":false,"_monsterinsights_skip_tracking":false,"_monsterinsights_sitenote_active":false,"_monsterinsights_sitenote_note":"","_monsterinsights_sitenote_category":0,"spay_email":""},"categories":[27,1],"tags":[],"jetpack_featured_media_url":"https:\/\/vimagazine.com.br\/wp-content\/uploads\/2025\/02\/WhatsApp-Image-2025-02-14-at-11.20.40.jpeg","_links":{"self":[{"href":"https:\/\/vimagazine.com.br\/index.php?rest_route=\/wp\/v2\/posts\/17696"}],"collection":[{"href":"https:\/\/vimagazine.com.br\/index.php?rest_route=\/wp\/v2\/posts"}],"about":[{"href":"https:\/\/vimagazine.com.br\/index.php?rest_route=\/wp\/v2\/types\/post"}],"author":[{"embeddable":true,"href":"https:\/\/vimagazine.com.br\/index.php?rest_route=\/wp\/v2\/users\/1"}],"replies":[{"embeddable":true,"href":"https:\/\/vimagazine.com.br\/index.php?rest_route=%2Fwp%2Fv2%2Fcomments&post=17696"}],"version-history":[{"count":2,"href":"https:\/\/vimagazine.com.br\/index.php?rest_route=\/wp\/v2\/posts\/17696\/revisions"}],"predecessor-version":[{"id":17700,"href":"https:\/\/vimagazine.com.br\/index.php?rest_route=\/wp\/v2\/posts\/17696\/revisions\/17700"}],"wp:featuredmedia":[{"embeddable":true,"href":"https:\/\/vimagazine.com.br\/index.php?rest_route=\/wp\/v2\/media\/17697"}],"wp:attachment":[{"href":"https:\/\/vimagazine.com.br\/index.php?rest_route=%2Fwp%2Fv2%2Fmedia&parent=17696"}],"wp:term":[{"taxonomy":"category","embeddable":true,"href":"https:\/\/vimagazine.com.br\/index.php?rest_route=%2Fwp%2Fv2%2Fcategories&post=17696"},{"taxonomy":"post_tag","embeddable":true,"href":"https:\/\/vimagazine.com.br\/index.php?rest_route=%2Fwp%2Fv2%2Ftags&post=17696"}],"curies":[{"name":"wp","href":"https:\/\/api.w.org\/{rel}","templated":true}]}}