{"id":17702,"date":"2025-02-17T09:38:23","date_gmt":"2025-02-17T12:38:23","guid":{"rendered":"https:\/\/vimagazine.com.br\/?p=17702"},"modified":"2025-02-17T09:38:44","modified_gmt":"2025-02-17T12:38:44","slug":"leo-santana-faz-sua-estreia-no-carnaval-de-rua-de-sao-paulo","status":"publish","type":"post","link":"https:\/\/vimagazine.com.br\/?p=17702","title":{"rendered":"L\u00c9O SANTANA FAZ SUA ESTR\u00c9IA NO CARNAVAL DE RUA DE S\u00c3O PAULO"},"content":{"rendered":"\n<p class=\"has-text-align-center\">O GG da Bahia levar\u00e1 seu Bloco \u201cVem com o Gigante\u201d, em parceria com o Carnafacul, pela primeira vez para as ruas de S\u00e3o Paulo, no dia 09 de mar\u00e7o, domingo. <\/p>\n\n\n\n<p class=\"has-text-align-center\">L\u00e9o Santana promete sacudir e ferver as ruas da capital paulista encerrando os festejos carnavalescos da cidade que contar\u00e1 com 12 dias de festa.<\/p>\n\n\n\n<p class=\"has-text-align-center\">No repert\u00f3rio, que est\u00e1 sendo preparado especialmente para esse grande acontecimento, o Gigante vai apresentar grandes hits como \u201cContatinho\u201d, \u201cPerna Bamba\u201d, \u201cNo Sigilo\u201d, &#8220;Zona de Perigo&#8221;, &#8220;Posturado e Calmo&#8221;, &#8220;Golzinho Vermelho&#8221;, &#8220;Cama Repetida&#8221;, &#8220;Santinha&#8221; e as grandes apostas do cantor para o Carnaval \u201cSurra se Toma\u201d e \u201c \u00cata Novinha\u201d, al\u00e9m de muitas outras can\u00e7\u00f5es de sucesso.<\/p>\n\n\n\n<p class=\"has-text-align-center\">\u201cPuxar um trio el\u00e9trico em um bloco de rua para o povo no Carnaval da maior capital do pa\u00eds sempre foi um sonho, e realizar mais esse sonho com o meu bloco e encerrando o Carnaval que \u00e9 uma festa que eu amo e que tem muito a minha cara \u00e9 sem d\u00favida mais do que gratificante! Estou super feliz, grato e muito ansioso.<\/p>\n\n\n\n<p class=\"has-text-align-center\"> Estou preparando um repert\u00f3rio mais do que especial para animar em grande estilo os paulistas, turistas e o povo do Brasil inteiro que mora na cidade que nunca dorme, que curte o meu som e nem sempre tem a oportunidade de curtir o meu show.<\/p>\n\n\n\n<p class=\"has-text-align-center\"> Vem com o Gigante que vai ser uma festa linda, vamos juntos balan\u00e7ar as ruas da cidade e fechar o Carnaval com chave de ouro\u201d &#8211; L\u00e9o Santana<\/p>\n\n\n\n<p class=\"has-text-align-center\">Fonte: Danilo Isaac<\/p>\n\n\n\n<figure class=\"wp-block-image aligncenter size-large\"><img width=\"598\" height=\"1024\" src=\"https:\/\/vimagazine.com.br\/wp-content\/uploads\/2025\/02\/Card-598x1024.jpg\" alt=\"\" class=\"wp-image-17704\" srcset=\"https:\/\/vimagazine.com.br\/wp-content\/uploads\/2025\/02\/Card-598x1024.jpg 598w, https:\/\/vimagazine.com.br\/wp-content\/uploads\/2025\/02\/Card-175x300.jpg 175w, https:\/\/vimagazine.com.br\/wp-content\/uploads\/2025\/02\/Card-768x1316.jpg 768w, https:\/\/vimagazine.com.br\/wp-content\/uploads\/2025\/02\/Card-897x1536.jpg 897w, https:\/\/vimagazine.com.br\/wp-content\/uploads\/2025\/02\/Card.jpg 934w\" sizes=\"(max-width: 598px) 100vw, 598px\" \/><\/figure>\n","protected":false},"excerpt":{"rendered":"<p>O GG da Bahia levar\u00e1 seu Bloco \u201cVem com o Gigante\u201d, em parceria com o&#8230;<\/p>\n","protected":false},"author":3,"featured_media":17703,"comment_status":"closed","ping_status":"open","sticky":false,"template":"","format":"standard","meta":{"om_disable_all_campaigns":false,"_monsterinsights_skip_tracking":false,"_monsterinsights_sitenote_active":false,"_monsterinsights_sitenote_note":"","_monsterinsights_sitenote_category":0,"spay_email":""},"categories":[1],"tags":[],"jetpack_featured_media_url":"https:\/\/vimagazine.com.br\/wp-content\/uploads\/2025\/02\/Leo.jpg","_links":{"self":[{"href":"https:\/\/vimagazine.com.br\/index.php?rest_route=\/wp\/v2\/posts\/17702"}],"collection":[{"href":"https:\/\/vimagazine.com.br\/index.php?rest_route=\/wp\/v2\/posts"}],"about":[{"href":"https:\/\/vimagazine.com.br\/index.php?rest_route=\/wp\/v2\/types\/post"}],"author":[{"embeddable":true,"href":"https:\/\/vimagazine.com.br\/index.php?rest_route=\/wp\/v2\/users\/3"}],"replies":[{"embeddable":true,"href":"https:\/\/vimagazine.com.br\/index.php?rest_route=%2Fwp%2Fv2%2Fcomments&post=17702"}],"version-history":[{"count":1,"href":"https:\/\/vimagazine.com.br\/index.php?rest_route=\/wp\/v2\/posts\/17702\/revisions"}],"predecessor-version":[{"id":17705,"href":"https:\/\/vimagazine.com.br\/index.php?rest_route=\/wp\/v2\/posts\/17702\/revisions\/17705"}],"wp:featuredmedia":[{"embeddable":true,"href":"https:\/\/vimagazine.com.br\/index.php?rest_route=\/wp\/v2\/media\/17703"}],"wp:attachment":[{"href":"https:\/\/vimagazine.com.br\/index.php?rest_route=%2Fwp%2Fv2%2Fmedia&parent=17702"}],"wp:term":[{"taxonomy":"category","embeddable":true,"href":"https:\/\/vimagazine.com.br\/index.php?rest_route=%2Fwp%2Fv2%2Fcategories&post=17702"},{"taxonomy":"post_tag","embeddable":true,"href":"https:\/\/vimagazine.com.br\/index.php?rest_route=%2Fwp%2Fv2%2Ftags&post=17702"}],"curies":[{"name":"wp","href":"https:\/\/api.w.org\/{rel}","templated":true}]}}