{"id":17753,"date":"2025-02-19T12:55:19","date_gmt":"2025-02-19T15:55:19","guid":{"rendered":"https:\/\/vimagazine.com.br\/?p=17753"},"modified":"2025-02-19T12:57:58","modified_gmt":"2025-02-19T15:57:58","slug":"maisa-gouveia-e-natalia-gouveia-revelam-a-colecao-chic-dhiver-em-lancamento-exclusivo-no-rio-de-janeiro","status":"publish","type":"post","link":"https:\/\/vimagazine.com.br\/?p=17753","title":{"rendered":"Ma\u00edsa Gouveia e Nat\u00e1lia Gouveia Revelam a Cole\u00e7\u00e3o \u201cCHIC D\u2019HIVER\u201d em Lan\u00e7amento Exclusivo no Rio de Janeiro"},"content":{"rendered":"\n<p><\/p>\n\n\n\n<p>O inverno carioca ganhar\u00e1 um toque de sofistica\u00e7\u00e3o internacional com o lan\u00e7amento da cole\u00e7\u00e3o CHIC D\u2019HIVER, assinada pelas renomadas estilistas Ma\u00edsa Gouveia e Nat\u00e1lia Gouveia. Inspirada no requinte do inverno europeu, a cole\u00e7\u00e3o promete envolver o p\u00fablico em uma experi\u00eancia \u00fanica de luxo e eleg\u00e2ncia, marcada por texturas exuberantes, cortes impec\u00e1veis e detalhes que exaltam a ess\u00eancia atemporal da alta-costura.<\/p>\n\n\n\n<p>A apresenta\u00e7\u00e3o da cole\u00e7\u00e3o aconteceu em um evento exclusivo na sede da Zany assessoria no Rio de Janeiro, reunindo personalidades, influenciadores e amantes da moda para descobrir, em primeira m\u00e3o, as pe\u00e7as que traduzem o verdadeiro glamour da esta\u00e7\u00e3o.<\/p>\n\n\n\n<p><\/p>\n\n\n\n<p><\/p>\n\n\n\n<figure class=\"wp-block-image aligncenter size-large is-resized\"><img src=\"https:\/\/vimagazine.com.br\/wp-content\/uploads\/2025\/02\/WhatsApp-Image-2025-02-19-at-11.26.59-819x1024.jpeg\" alt=\"\" class=\"wp-image-17759\" width=\"614\" height=\"768\" srcset=\"https:\/\/vimagazine.com.br\/wp-content\/uploads\/2025\/02\/WhatsApp-Image-2025-02-19-at-11.26.59-819x1024.jpeg 819w, https:\/\/vimagazine.com.br\/wp-content\/uploads\/2025\/02\/WhatsApp-Image-2025-02-19-at-11.26.59-240x300.jpeg 240w, https:\/\/vimagazine.com.br\/wp-content\/uploads\/2025\/02\/WhatsApp-Image-2025-02-19-at-11.26.59-768x960.jpeg 768w, https:\/\/vimagazine.com.br\/wp-content\/uploads\/2025\/02\/WhatsApp-Image-2025-02-19-at-11.26.59.jpeg 1024w\" sizes=\"(max-width: 614px) 100vw, 614px\" \/><\/figure>\n\n\n\n<figure class=\"wp-container-2 wp-block-gallery-1 wp-block-gallery has-nested-images columns-default is-cropped\">\n<figure class=\"wp-block-image size-large\"><img width=\"1024\" height=\"1280\" data-id=\"17754\"  src=\"https:\/\/vimagazine.com.br\/wp-content\/uploads\/2025\/02\/WhatsApp-Image-2025-02-19-at-11.29.39-1.jpeg\" alt=\"\" class=\"wp-image-17754\" srcset=\"https:\/\/vimagazine.com.br\/wp-content\/uploads\/2025\/02\/WhatsApp-Image-2025-02-19-at-11.29.39-1.jpeg 1024w, https:\/\/vimagazine.com.br\/wp-content\/uploads\/2025\/02\/WhatsApp-Image-2025-02-19-at-11.29.39-1-240x300.jpeg 240w, https:\/\/vimagazine.com.br\/wp-content\/uploads\/2025\/02\/WhatsApp-Image-2025-02-19-at-11.29.39-1-819x1024.jpeg 819w, https:\/\/vimagazine.com.br\/wp-content\/uploads\/2025\/02\/WhatsApp-Image-2025-02-19-at-11.29.39-1-768x960.jpeg 768w\" sizes=\"(max-width: 1024px) 100vw, 1024px\" \/><\/figure>\n\n\n\n<figure class=\"wp-block-image size-large\"><img width=\"1024\" height=\"1280\" data-id=\"17755\"  src=\"https:\/\/vimagazine.com.br\/wp-content\/uploads\/2025\/02\/WhatsApp-Image-2025-02-19-at-11.29.39.jpeg\" alt=\"\" class=\"wp-image-17755\" srcset=\"https:\/\/vimagazine.com.br\/wp-content\/uploads\/2025\/02\/WhatsApp-Image-2025-02-19-at-11.29.39.jpeg 1024w, https:\/\/vimagazine.com.br\/wp-content\/uploads\/2025\/02\/WhatsApp-Image-2025-02-19-at-11.29.39-240x300.jpeg 240w, https:\/\/vimagazine.com.br\/wp-content\/uploads\/2025\/02\/WhatsApp-Image-2025-02-19-at-11.29.39-819x1024.jpeg 819w, https:\/\/vimagazine.com.br\/wp-content\/uploads\/2025\/02\/WhatsApp-Image-2025-02-19-at-11.29.39-768x960.jpeg 768w\" sizes=\"(max-width: 1024px) 100vw, 1024px\" \/><\/figure>\n<\/figure>\n\n\n\n<p><\/p>\n\n\n\n<p>CHIC D\u2019HIVER teve como embaixadora a atriz Cl\u00e1udia Mello que posou para fotos exibindo dresses da nova cole\u00e7\u00e3o que celebra o charme irresist\u00edvel dos dias frios atrav\u00e9s de uma paleta de cores intensas, silhuetas marcantes e tecidos nobres, cuidadosamente selecionados para transmitir aconchego e sofistica\u00e7\u00e3o. Cada detalhe foi pensado para refletir a eleg\u00e2ncia cl\u00e1ssica do inverno europeu, com uma releitura contempor\u00e2nea que dialoga com o estilo urbano e cosmopolita da mulher brasileira.<\/p>\n\n\n\n<p>\u201cQueremos que nossas clientes se sintam envolvidas pela atmosfera sofisticada do inverno europeu, independentemente de onde estejam. A cole\u00e7\u00e3o traz o frio em sua forma mais chique, com pe\u00e7as que combinam perfeitamente tradi\u00e7\u00e3o e modernidade\u201d, destacam as estilistas Ma\u00edsa e Nat\u00e1lia.<\/p>\n\n\n\n<p>Marcaram presen\u00e7a no local v\u00e1rias atrizes e artistas ligadas ao mundo da moda para prestigiar a cole\u00e7\u00e3o e vivenciar a inspira\u00e7\u00e3o que deu vida ao conceito CHIC D\u2019HIVER.<\/p>\n\n\n\n<p><\/p>\n\n\n\n<figure class=\"wp-container-4 wp-block-gallery-3 wp-block-gallery has-nested-images columns-1 is-cropped\">\n<figure class=\"wp-block-image size-large\"><img width=\"1280\" height=\"853\" data-id=\"17757\"  src=\"https:\/\/vimagazine.com.br\/wp-content\/uploads\/2025\/02\/WhatsApp-Image-2025-02-19-at-11.27.22.jpeg\" alt=\"\" class=\"wp-image-17757\" srcset=\"https:\/\/vimagazine.com.br\/wp-content\/uploads\/2025\/02\/WhatsApp-Image-2025-02-19-at-11.27.22.jpeg 1280w, https:\/\/vimagazine.com.br\/wp-content\/uploads\/2025\/02\/WhatsApp-Image-2025-02-19-at-11.27.22-300x200.jpeg 300w, https:\/\/vimagazine.com.br\/wp-content\/uploads\/2025\/02\/WhatsApp-Image-2025-02-19-at-11.27.22-1024x682.jpeg 1024w, https:\/\/vimagazine.com.br\/wp-content\/uploads\/2025\/02\/WhatsApp-Image-2025-02-19-at-11.27.22-768x512.jpeg 768w\" sizes=\"(max-width: 1280px) 100vw, 1280px\" \/><figcaption>Atriz Jessica Cores e o ator Preto Viana<\/figcaption><\/figure>\n<\/figure>\n\n\n\n<p><br><\/p>\n\n\n\n<figure class=\"wp-block-image aligncenter size-full\"><img width=\"1024\" height=\"930\" src=\"https:\/\/vimagazine.com.br\/wp-content\/uploads\/2025\/02\/WhatsApp-Image-2025-02-19-at-11.28.15-1.jpeg\" alt=\"\" class=\"wp-image-17758\" srcset=\"https:\/\/vimagazine.com.br\/wp-content\/uploads\/2025\/02\/WhatsApp-Image-2025-02-19-at-11.28.15-1.jpeg 1024w, https:\/\/vimagazine.com.br\/wp-content\/uploads\/2025\/02\/WhatsApp-Image-2025-02-19-at-11.28.15-1-300x272.jpeg 300w, https:\/\/vimagazine.com.br\/wp-content\/uploads\/2025\/02\/WhatsApp-Image-2025-02-19-at-11.28.15-1-768x698.jpeg 768w\" sizes=\"(max-width: 1024px) 100vw, 1024px\" \/><figcaption>Ma\u00edsa Gouveia e o esposo Gilson Ramos com Bia Zany<\/figcaption><\/figure>\n\n\n\n<p><\/p>\n\n\n\n<p><\/p>\n\n\n\n<p><\/p>\n\n\n\n<p>Fotos: Alex Curty<\/p>\n","protected":false},"excerpt":{"rendered":"<p>O inverno carioca ganhar\u00e1 um toque de sofistica\u00e7\u00e3o internacional com o lan\u00e7amento da cole\u00e7\u00e3o CHIC&#8230;<\/p>\n","protected":false},"author":1,"featured_media":17761,"comment_status":"closed","ping_status":"open","sticky":false,"template":"","format":"standard","meta":{"om_disable_all_campaigns":false,"_monsterinsights_skip_tracking":false,"_monsterinsights_sitenote_active":false,"_monsterinsights_sitenote_note":"","_monsterinsights_sitenote_category":0,"spay_email":""},"categories":[1],"tags":[],"jetpack_featured_media_url":"https:\/\/vimagazine.com.br\/wp-content\/uploads\/2025\/02\/WhatsApp-Image-2025-02-19-at-11.26.59-1.jpeg","_links":{"self":[{"href":"https:\/\/vimagazine.com.br\/index.php?rest_route=\/wp\/v2\/posts\/17753"}],"collection":[{"href":"https:\/\/vimagazine.com.br\/index.php?rest_route=\/wp\/v2\/posts"}],"about":[{"href":"https:\/\/vimagazine.com.br\/index.php?rest_route=\/wp\/v2\/types\/post"}],"author":[{"embeddable":true,"href":"https:\/\/vimagazine.com.br\/index.php?rest_route=\/wp\/v2\/users\/1"}],"replies":[{"embeddable":true,"href":"https:\/\/vimagazine.com.br\/index.php?rest_route=%2Fwp%2Fv2%2Fcomments&post=17753"}],"version-history":[{"count":3,"href":"https:\/\/vimagazine.com.br\/index.php?rest_route=\/wp\/v2\/posts\/17753\/revisions"}],"predecessor-version":[{"id":17764,"href":"https:\/\/vimagazine.com.br\/index.php?rest_route=\/wp\/v2\/posts\/17753\/revisions\/17764"}],"wp:featuredmedia":[{"embeddable":true,"href":"https:\/\/vimagazine.com.br\/index.php?rest_route=\/wp\/v2\/media\/17761"}],"wp:attachment":[{"href":"https:\/\/vimagazine.com.br\/index.php?rest_route=%2Fwp%2Fv2%2Fmedia&parent=17753"}],"wp:term":[{"taxonomy":"category","embeddable":true,"href":"https:\/\/vimagazine.com.br\/index.php?rest_route=%2Fwp%2Fv2%2Fcategories&post=17753"},{"taxonomy":"post_tag","embeddable":true,"href":"https:\/\/vimagazine.com.br\/index.php?rest_route=%2Fwp%2Fv2%2Ftags&post=17753"}],"curies":[{"name":"wp","href":"https:\/\/api.w.org\/{rel}","templated":true}]}}