{"id":17765,"date":"2025-02-20T12:45:53","date_gmt":"2025-02-20T15:45:53","guid":{"rendered":"https:\/\/vimagazine.com.br\/?p=17765"},"modified":"2025-02-20T15:30:21","modified_gmt":"2025-02-20T18:30:21","slug":"um-espetaculo-em-homenagem-a-tom-jobim-promete-uma-verdadeira-viagem-musical-no-teatro-gazeta","status":"publish","type":"post","link":"https:\/\/vimagazine.com.br\/?p=17765","title":{"rendered":"&nbsp;<strong><em>Um Espet\u00e1culo em homenagem a Tom Jobim promete uma verdadeira viagem musical no Teatro gazeta<\/em><\/strong>"},"content":{"rendered":"\n<p><br><br>No pr\u00f3ximo dia 21 de fevereiro, o Teatro Gazeta ser\u00e1 palco de um emocionante tributo a um dos maiores nomes da m\u00fasica brasileira: o maestro Antonio Carlos Jobim. O musical, que celebra a genialidade do &#8220;pai da bossa nova&#8221;, convida o p\u00fablico a embarcar em uma viagem no tempo por meio das inesquec\u00edveis can\u00e7\u00f5es que conquistaram o Brasil e o mundo.<\/p>\n\n\n\n<p><br>Com uma performance impec\u00e1vel, o show resgata com fidelidade a obra do Maestro Tom Jobim, trazendo \u00e0 cena toda a sofistica\u00e7\u00e3o e delicadeza de suas composi\u00e7\u00f5es. A banda, formada por 11 talentosos m\u00fasicos, promete transportar o p\u00fablico ao mundo encantador do &#8220;Sol da m\u00fasica brasileira&#8221; em sua melhor vers\u00e3o.<\/p>\n\n\n\n<p><br>Jobim foi um dos grandes expoentes da m\u00fasica brasileira, internacionalizando a bossa nova e fundindo-a com o jazz nos anos 1960, criando assim uma sonoridade inovadora que marcou \u00e9poca. Exaltado mundialmente como um dos compositores mais importantes do s\u00e9culo XX, sua obra permanece viva e continua a encantar diferentes gera\u00e7\u00f5es.<\/p>\n\n\n\n<p>Segundo o produtor Marcos Vinicius Amaral, que possui mais de 20 anos de carreira, o musical est\u00e1 imperd\u00edvel para os f\u00e3s do saudoso Tom Jobim. O espet\u00e1culo ter\u00e1 uma \u00fanica apresenta\u00e7\u00e3o no dia 21 de fevereiro, em S\u00e3o Paulo, no Teatro Gazeta, mas h\u00e1 possibilidade de fechar turn\u00eas em outras capitais, como Rio de Janeiro e Belo Horizonte.<br><\/p>\n\n\n\n<figure class=\"wp-block-image size-large\"><img width=\"819\" height=\"1024\" src=\"https:\/\/vimagazine.com.br\/wp-content\/uploads\/2025\/02\/Imagem-do-WhatsApp-de-2025-02-20-as-10.49.16_f13000ec-819x1024.jpg\" alt=\"Um Espet\u00e1culo em homenagem a Tom Jobim promete uma verdadeira viagem musical no Teatro gazeta\" class=\"wp-image-17766\" srcset=\"https:\/\/vimagazine.com.br\/wp-content\/uploads\/2025\/02\/Imagem-do-WhatsApp-de-2025-02-20-as-10.49.16_f13000ec-819x1024.jpg 819w, https:\/\/vimagazine.com.br\/wp-content\/uploads\/2025\/02\/Imagem-do-WhatsApp-de-2025-02-20-as-10.49.16_f13000ec-240x300.jpg 240w, https:\/\/vimagazine.com.br\/wp-content\/uploads\/2025\/02\/Imagem-do-WhatsApp-de-2025-02-20-as-10.49.16_f13000ec-768x960.jpg 768w, https:\/\/vimagazine.com.br\/wp-content\/uploads\/2025\/02\/Imagem-do-WhatsApp-de-2025-02-20-as-10.49.16_f13000ec.jpg 1024w\" sizes=\"(max-width: 819px) 100vw, 819px\" \/><\/figure>\n\n\n\n<p><br><\/p>\n\n\n\n<p><strong>Servi\u00e7o:<\/strong><\/p>\n\n\n\n<p><br><strong>Data:<\/strong>&nbsp;21 de fevereiro de 2025<br><strong>Hor\u00e1rio:<\/strong>&nbsp;20h30<br><strong>Local:<\/strong>&nbsp;Teatro Gazeta &#8211; Av. Paulista, 900 &#8211; S\u00e3o Paulo, SP<br><strong>Ingressos:<\/strong>&nbsp;<a href=\"https:\/\/bileto.sympla.com.br\/event\/102006\" target=\"_blank\" rel=\"noreferrer noopener\">Clique aqui<\/a><\/p>\n\n\n\n<p><strong><br>Realiza\u00e7\u00e3o:<\/strong>&nbsp;Inh\u00e1 Music Produ\u00e7\u00f5es<\/p>\n","protected":false},"excerpt":{"rendered":"<p>No pr\u00f3ximo dia 21 de fevereiro, o Teatro Gazeta ser\u00e1 palco de um emocionante tributo&#8230;<\/p>\n","protected":false},"author":2,"featured_media":17769,"comment_status":"closed","ping_status":"open","sticky":false,"template":"","format":"standard","meta":{"om_disable_all_campaigns":false,"_monsterinsights_skip_tracking":false,"_monsterinsights_sitenote_active":false,"_monsterinsights_sitenote_note":"","_monsterinsights_sitenote_category":0,"spay_email":""},"categories":[26],"tags":[588,100],"jetpack_featured_media_url":"https:\/\/vimagazine.com.br\/wp-content\/uploads\/2025\/02\/Captura-de-tela-2025-02-20-152734-1.jpg","_links":{"self":[{"href":"https:\/\/vimagazine.com.br\/index.php?rest_route=\/wp\/v2\/posts\/17765"}],"collection":[{"href":"https:\/\/vimagazine.com.br\/index.php?rest_route=\/wp\/v2\/posts"}],"about":[{"href":"https:\/\/vimagazine.com.br\/index.php?rest_route=\/wp\/v2\/types\/post"}],"author":[{"embeddable":true,"href":"https:\/\/vimagazine.com.br\/index.php?rest_route=\/wp\/v2\/users\/2"}],"replies":[{"embeddable":true,"href":"https:\/\/vimagazine.com.br\/index.php?rest_route=%2Fwp%2Fv2%2Fcomments&post=17765"}],"version-history":[{"count":2,"href":"https:\/\/vimagazine.com.br\/index.php?rest_route=\/wp\/v2\/posts\/17765\/revisions"}],"predecessor-version":[{"id":17770,"href":"https:\/\/vimagazine.com.br\/index.php?rest_route=\/wp\/v2\/posts\/17765\/revisions\/17770"}],"wp:featuredmedia":[{"embeddable":true,"href":"https:\/\/vimagazine.com.br\/index.php?rest_route=\/wp\/v2\/media\/17769"}],"wp:attachment":[{"href":"https:\/\/vimagazine.com.br\/index.php?rest_route=%2Fwp%2Fv2%2Fmedia&parent=17765"}],"wp:term":[{"taxonomy":"category","embeddable":true,"href":"https:\/\/vimagazine.com.br\/index.php?rest_route=%2Fwp%2Fv2%2Fcategories&post=17765"},{"taxonomy":"post_tag","embeddable":true,"href":"https:\/\/vimagazine.com.br\/index.php?rest_route=%2Fwp%2Fv2%2Ftags&post=17765"}],"curies":[{"name":"wp","href":"https:\/\/api.w.org\/{rel}","templated":true}]}}