{"id":17772,"date":"2025-02-21T16:41:55","date_gmt":"2025-02-21T19:41:55","guid":{"rendered":"https:\/\/vimagazine.com.br\/?p=17772"},"modified":"2025-02-21T16:41:57","modified_gmt":"2025-02-21T19:41:57","slug":"carnaval-de-rua-em-sao-paulo-vila-mascote-estreia-com-o-inedito-bloquinho-seu-bebelier-que-mistura-folia-com-solidariedade","status":"publish","type":"post","link":"https:\/\/vimagazine.com.br\/?p=17772","title":{"rendered":"Carnaval de Rua em S\u00e3o Paulo, Vila Mascote estreia com o in\u00e9dito \u201cBloquinho Seu Bebelier\u201d que mistura folia com solidariedade"},"content":{"rendered":"\n<p>Que o Carnaval \u00e9 o maior espet\u00e1culo da Terra, todo mundo sabe! Mas o que vem surpreendendo \u00e9 uma explos\u00e3o de bloquinhos que se multiplicam pelas ruas, colorindo esquinas, contagiando avenidas e levando alegria para quem quiser se juntar \u00e0 folia. <\/p>\n\n\n\n<p>S\u00e3o Paulo, com sua grandiosidade de concreto e ritmo acelerado, se rende ao frevo, \u00e0s marchinhas e ao batuque contagiante. <\/p>\n\n\n\n<p>S\u00f3 nesta gest\u00e3o da Prefeitura, s\u00e3o 767 blocos novos blocos e 860 desfiles programados. Um registro hist\u00f3rico que transforma a cidade em um verdadeiro carnaval a c\u00e9u aberto.<\/p>\n\n\n\n<figure class=\"wp-block-image size-large\"><img width=\"1024\" height=\"1024\" src=\"https:\/\/vimagazine.com.br\/wp-content\/uploads\/2025\/02\/f1ab29d5-1c93-427d-965e-cf11e4fd8fdf-1024x1024.jpg\" alt=\"\" class=\"wp-image-17775\" srcset=\"https:\/\/vimagazine.com.br\/wp-content\/uploads\/2025\/02\/f1ab29d5-1c93-427d-965e-cf11e4fd8fdf-1024x1024.jpg 1024w, https:\/\/vimagazine.com.br\/wp-content\/uploads\/2025\/02\/f1ab29d5-1c93-427d-965e-cf11e4fd8fdf-300x300.jpg 300w, https:\/\/vimagazine.com.br\/wp-content\/uploads\/2025\/02\/f1ab29d5-1c93-427d-965e-cf11e4fd8fdf-150x150.jpg 150w, https:\/\/vimagazine.com.br\/wp-content\/uploads\/2025\/02\/f1ab29d5-1c93-427d-965e-cf11e4fd8fdf-768x768.jpg 768w, https:\/\/vimagazine.com.br\/wp-content\/uploads\/2025\/02\/f1ab29d5-1c93-427d-965e-cf11e4fd8fdf.jpg 1080w\" sizes=\"(max-width: 1024px) 100vw, 1024px\" \/><\/figure>\n\n\n\n<p>No meio de tanta festa, um bloco vem ganhando destaque: \u201cBloquinho Seu Bebelier\u201d.<\/p>\n\n\n\n<p> O sonho nasceu na cabe\u00e7a de Marcelo Senger, um empreendedor local apaixonado pela cultura e pela arte, daqueles que acreditam que a folia pode \u2013 e deve \u2013 ser para todos. <\/p>\n\n\n\n<p>Ao lado de Rubens J\u00fanior, Geraldo e Marcelo Baldo, depois de muita batalha e persist\u00eancia, conseguiram o credenciamento e agora a festa promete conquistar cora\u00e7\u00f5es na Vila Mascote, na zona sul de S\u00e3o Paulo.<\/p>\n\n\n\n<p>O Bloquinho Seu Bebelier chega com um prop\u00f3sito diferente: n\u00e3o se\u00a0<strong>trata apenas de brincar de carnaval, mas de reunir fam\u00edlias, conectar vizinhos e fortalecer o com\u00e9rcio local.<\/strong>\u00a0<\/p>\n\n\n\n<p>A expectativa \u00e9 reunir pouco mais de 500 foli\u00f5es, trazendo um resgate das marchinhas tradicionais, tocadas no ch\u00e3o, sem carro de som, para que as crian\u00e7as possam se fantasiar e pular Carnaval com seguran\u00e7a e liberdade.<\/p>\n\n\n\n<figure class=\"wp-block-image size-large\"><img width=\"1024\" height=\"1024\" src=\"https:\/\/vimagazine.com.br\/wp-content\/uploads\/2025\/02\/eb496b47-2b61-423b-989f-da84bfcdde35-1024x1024.jpg\" alt=\"\" class=\"wp-image-17774\" srcset=\"https:\/\/vimagazine.com.br\/wp-content\/uploads\/2025\/02\/eb496b47-2b61-423b-989f-da84bfcdde35-1024x1024.jpg 1024w, https:\/\/vimagazine.com.br\/wp-content\/uploads\/2025\/02\/eb496b47-2b61-423b-989f-da84bfcdde35-300x300.jpg 300w, https:\/\/vimagazine.com.br\/wp-content\/uploads\/2025\/02\/eb496b47-2b61-423b-989f-da84bfcdde35-150x150.jpg 150w, https:\/\/vimagazine.com.br\/wp-content\/uploads\/2025\/02\/eb496b47-2b61-423b-989f-da84bfcdde35-768x768.jpg 768w, https:\/\/vimagazine.com.br\/wp-content\/uploads\/2025\/02\/eb496b47-2b61-423b-989f-da84bfcdde35.jpg 1080w\" sizes=\"(max-width: 1024px) 100vw, 1024px\" \/><\/figure>\n\n\n\n<p><strong>\u201cNosso bloco mistura a folia das fam\u00edlias com solidariedade, os abad\u00e1s ser\u00e3o trocados por alimentos n\u00e3o perec\u00edveis, destinados ao Instituto GABI, refer\u00eancia na capta\u00e7\u00e3o e destina\u00e7\u00e3o de doa\u00e7\u00f5es\u201d.<\/strong><\/p>\n\n\n\n<p>\u00a0Comenta o organizador Marcelo Senger.<\/p>\n\n\n\n<p>Mais do que um bloco, \u00e9 um movimento comunit\u00e1rio.<\/p>\n\n\n\n<p> A organiza\u00e7\u00e3o quer criar uma sinergia entre os moradores da Vila Mascote e o com\u00e9rcio local, mostrando que o Carnaval pode ser uma plataforma de valoriza\u00e7\u00e3o da cultura e da economia regional, sem visar lucro, mas sim difundir o que h\u00e1 de melhor na regi\u00e3o.<\/p>\n\n\n\n<p>A batucada vai ecoar pelas ruas, o colorido das fantasias vai encher os olhos, e o esp\u00edrito de comunidade vai fazer pulsar cada cora\u00e7\u00e3o. <\/p>\n\n\n\n<p>O Bloquinho Seu Bebelier n\u00e3o \u00e9 s\u00f3 um desfile. \u00c9 um convite para viver a alegria do Carnaval de um jeito \u00fanico, acolhedor e cheio de significado. <\/p>\n\n\n\n<p>Quem for, com certeza, vai querer voltar!<\/p>\n\n\n\n<p>Venha aproveitar essa folia na Vila Mascote!<\/p>\n\n\n\n<p>Data: 8 de mar\u00e7o de 2025<\/p>\n\n\n\n<p>A concentra\u00e7\u00e3o: come\u00e7a \u00e0s 13h<\/p>\n\n\n\n<p>Local: Na Avenida Damasceno Vieira, 751, em frente ao Brazucas Wines.<\/p>\n\n\n\n<p>Um abad\u00e1 \u2013 1 Kg de alimento n\u00e3o perec\u00edvel<\/p>\n","protected":false},"excerpt":{"rendered":"<p>Que o Carnaval \u00e9 o maior espet\u00e1culo da Terra, todo mundo sabe! Mas o que&#8230;<\/p>\n","protected":false},"author":3,"featured_media":17773,"comment_status":"closed","ping_status":"open","sticky":false,"template":"","format":"standard","meta":{"om_disable_all_campaigns":false,"_monsterinsights_skip_tracking":false,"_monsterinsights_sitenote_active":false,"_monsterinsights_sitenote_note":"","_monsterinsights_sitenote_category":0,"spay_email":""},"categories":[1],"tags":[],"jetpack_featured_media_url":"https:\/\/vimagazine.com.br\/wp-content\/uploads\/2025\/02\/11cba5c1-c7ee-43ef-bc6b-3e0ee5798b6d-1-e1740166753358.jpg","_links":{"self":[{"href":"https:\/\/vimagazine.com.br\/index.php?rest_route=\/wp\/v2\/posts\/17772"}],"collection":[{"href":"https:\/\/vimagazine.com.br\/index.php?rest_route=\/wp\/v2\/posts"}],"about":[{"href":"https:\/\/vimagazine.com.br\/index.php?rest_route=\/wp\/v2\/types\/post"}],"author":[{"embeddable":true,"href":"https:\/\/vimagazine.com.br\/index.php?rest_route=\/wp\/v2\/users\/3"}],"replies":[{"embeddable":true,"href":"https:\/\/vimagazine.com.br\/index.php?rest_route=%2Fwp%2Fv2%2Fcomments&post=17772"}],"version-history":[{"count":1,"href":"https:\/\/vimagazine.com.br\/index.php?rest_route=\/wp\/v2\/posts\/17772\/revisions"}],"predecessor-version":[{"id":17776,"href":"https:\/\/vimagazine.com.br\/index.php?rest_route=\/wp\/v2\/posts\/17772\/revisions\/17776"}],"wp:featuredmedia":[{"embeddable":true,"href":"https:\/\/vimagazine.com.br\/index.php?rest_route=\/wp\/v2\/media\/17773"}],"wp:attachment":[{"href":"https:\/\/vimagazine.com.br\/index.php?rest_route=%2Fwp%2Fv2%2Fmedia&parent=17772"}],"wp:term":[{"taxonomy":"category","embeddable":true,"href":"https:\/\/vimagazine.com.br\/index.php?rest_route=%2Fwp%2Fv2%2Fcategories&post=17772"},{"taxonomy":"post_tag","embeddable":true,"href":"https:\/\/vimagazine.com.br\/index.php?rest_route=%2Fwp%2Fv2%2Ftags&post=17772"}],"curies":[{"name":"wp","href":"https:\/\/api.w.org\/{rel}","templated":true}]}}