{"id":17777,"date":"2025-02-21T16:54:09","date_gmt":"2025-02-21T19:54:09","guid":{"rendered":"https:\/\/vimagazine.com.br\/?p=17777"},"modified":"2025-02-21T16:54:12","modified_gmt":"2025-02-21T19:54:12","slug":"terceira-edicao-do-projeto-canto-coral-alemao-abre-inscricoes-em-joinville","status":"publish","type":"post","link":"https:\/\/vimagazine.com.br\/?p=17777","title":{"rendered":"Terceira edi\u00e7\u00e3o do Projeto Canto Coral Alem\u00e3o abre inscri\u00e7\u00f5es em Joinville"},"content":{"rendered":"\n<p><strong><em>As pr\u00e1ticas de canto ter\u00e3o in\u00edcio em mar\u00e7o, na Sociedade Cultural L\u00edrica, e s\u00e3o gratuitas<\/em><\/strong><\/p>\n\n\n\n<p>Pelo terceiro ano consecutivo, o projeto Canto Coral Alem\u00e3o 3 abre a possibilidade de aprimoramento vocal e um mergulho na tradi\u00e7\u00e3o germ\u00e2nica do canto coral em Joinville. <\/p>\n\n\n\n<p>Sob a coordena\u00e7\u00e3o e reg\u00eancia do maestro Rafael Huch, da Orquestra Prel\u00fadio, a iniciativa tem como objetivo promover t\u00e9cnicas vocais e pr\u00e1ticas de canto no idioma germ\u00e2nico e em portugu\u00eas de maneira gratuita. <\/p>\n\n\n\n<p>S\u00e3o disponibilizadas 30 vagas para pessoas com idade acima de 15 anos. <\/p>\n\n\n\n<p>As inscri\u00e7\u00f5es j\u00e1 est\u00e3o abertas.<br>O Canto Coral Alem\u00e3o busca fortalecer a tradi\u00e7\u00e3o da cultura alem\u00e3 e dos grupos corais.<\/p>\n\n\n\n<p> Durante as pr\u00e1ticas, os coralistas ter\u00e3o acesso a um repert\u00f3rio diversificado, composto por obras eruditas e populares da tradi\u00e7\u00e3o germ\u00e2nica e em portugu\u00eas.<br>Para participar, n\u00e3o \u00e9 preciso ter conhecimento pr\u00e9vio no idioma alem\u00e3o. <\/p>\n\n\n\n<p>Ap\u00f3s a etapa de entrevistas, o grupo se reunir\u00e1 semanalmente na sede da Sociedade Cultural L\u00edrica. <\/p>\n\n\n\n<p>Os ensaios ter\u00e3o in\u00edcio no dia 12 de mar\u00e7o, \u00e0s 20 horas. <\/p>\n\n\n\n<p>Os interessados podem se inscrever at\u00e9 o dia 5 de mar\u00e7o pelo telefone (47) 98920-1958, via WhatsApp.<br>O projeto Canto Coral Alem\u00e3o 3 (PRONAC 235592) foi contemplado pela Lei Federal de Incentivo \u00e0 Cultura, do Minist\u00e9rio da Cultura\/Governo Federal, e conta com o patroc\u00ednio da empresa Ciser. <\/p>\n\n\n\n<p>Tem apoio da HS Produ\u00e7\u00f5es Musicais, Prel\u00fadio Academia de Arte e Sociedade Cultural L\u00edrica.<\/p>\n\n\n\n<p><strong>SERVI\u00c7O<\/strong><\/p>\n\n\n\n<p><strong>O qu\u00ea: Inscri\u00e7\u00f5es para o projeto Canto Coral Alem\u00e3o 3<br>Quando: at\u00e9 5\/3<br>Onde:\u00a0 (47) 98920-1958, via WhatsApp<br>Quanto: gratuito<br><br><br>Informa\u00e7\u00f5es p\/ imprensa: <\/strong><\/p>\n\n\n\n<p><strong>47 9 9108 9119 (whatsapp maestro Rafael Huch)<\/strong><\/p>\n\n\n\n<p>Fonte: Rubens Herbst <\/p>\n","protected":false},"excerpt":{"rendered":"<p>As pr\u00e1ticas de canto ter\u00e3o in\u00edcio em mar\u00e7o, na Sociedade Cultural L\u00edrica, e s\u00e3o gratuitas&#8230;<\/p>\n","protected":false},"author":3,"featured_media":17778,"comment_status":"closed","ping_status":"open","sticky":false,"template":"","format":"standard","meta":{"om_disable_all_campaigns":false,"_monsterinsights_skip_tracking":false,"_monsterinsights_sitenote_active":false,"_monsterinsights_sitenote_note":"","_monsterinsights_sitenote_category":0,"spay_email":""},"categories":[1],"tags":[],"jetpack_featured_media_url":"https:\/\/vimagazine.com.br\/wp-content\/uploads\/2025\/02\/Coral-Alemao_divulgacao-3-e1740167524971.jpg","_links":{"self":[{"href":"https:\/\/vimagazine.com.br\/index.php?rest_route=\/wp\/v2\/posts\/17777"}],"collection":[{"href":"https:\/\/vimagazine.com.br\/index.php?rest_route=\/wp\/v2\/posts"}],"about":[{"href":"https:\/\/vimagazine.com.br\/index.php?rest_route=\/wp\/v2\/types\/post"}],"author":[{"embeddable":true,"href":"https:\/\/vimagazine.com.br\/index.php?rest_route=\/wp\/v2\/users\/3"}],"replies":[{"embeddable":true,"href":"https:\/\/vimagazine.com.br\/index.php?rest_route=%2Fwp%2Fv2%2Fcomments&post=17777"}],"version-history":[{"count":1,"href":"https:\/\/vimagazine.com.br\/index.php?rest_route=\/wp\/v2\/posts\/17777\/revisions"}],"predecessor-version":[{"id":17779,"href":"https:\/\/vimagazine.com.br\/index.php?rest_route=\/wp\/v2\/posts\/17777\/revisions\/17779"}],"wp:featuredmedia":[{"embeddable":true,"href":"https:\/\/vimagazine.com.br\/index.php?rest_route=\/wp\/v2\/media\/17778"}],"wp:attachment":[{"href":"https:\/\/vimagazine.com.br\/index.php?rest_route=%2Fwp%2Fv2%2Fmedia&parent=17777"}],"wp:term":[{"taxonomy":"category","embeddable":true,"href":"https:\/\/vimagazine.com.br\/index.php?rest_route=%2Fwp%2Fv2%2Fcategories&post=17777"},{"taxonomy":"post_tag","embeddable":true,"href":"https:\/\/vimagazine.com.br\/index.php?rest_route=%2Fwp%2Fv2%2Ftags&post=17777"}],"curies":[{"name":"wp","href":"https:\/\/api.w.org\/{rel}","templated":true}]}}