{"id":17785,"date":"2025-02-22T08:33:17","date_gmt":"2025-02-22T11:33:17","guid":{"rendered":"https:\/\/vimagazine.com.br\/?p=17785"},"modified":"2025-02-22T08:33:19","modified_gmt":"2025-02-22T11:33:19","slug":"vina-calmon-anuncia-tema-e-agenda-para-o-carnaval-2025","status":"publish","type":"post","link":"https:\/\/vimagazine.com.br\/?p=17785","title":{"rendered":"Vina Calmon anuncia tema e agenda para o Carnaval 2025"},"content":{"rendered":"\n<p>Ap\u00f3s uma d\u00e9cada marcando a hist\u00f3ria do Carnaval baiano na banda Cheiro de Amor, Vina Calmon inicia um novo cap\u00edtulo na sua carreira. <\/p>\n\n\n\n<p>Em seu primeiro Carnaval solo, a artista apresenta o tema \u201cSeja Bem Vina\u201d, um trocadilho que convida os foli\u00f5es a vivenciar as v\u00e1rias vers\u00f5es da artista.<\/p>\n\n\n\n<p>Com o tema, Vina traz um contraste que a define: enquanto sua apar\u00eancia imponente sugere uma \u201cdiva\u201d, seu lado brincalh\u00e3o, festeiro e engra\u00e7ado conquista e cativa.<\/p>\n\n\n\n<p>\u201cEsse tema traduz o momento da minha vida. Pela primeira vez, posso mostrar minha ess\u00eancia por completo. <\/p>\n\n\n\n<p>Eu sempre digo que sou uma mulher multifacetada. \u2018Ser bem Vina\u2019 \u00e9 ser tudo o que eu sempre fui:\u00a0 glamourosa e engra\u00e7ada, festeira e trabalhadora, forte e moleca. <\/p>\n\n\n\n<p>E quero que o p\u00fablico se sinta assim tamb\u00e9m: livre para ser suas v\u00e1rias vers\u00f5es. Ser bem Vina \u00e9 sobre ser livre,\u00a0 ser voc\u00ea mesma\u201d, conta a artista.<\/p>\n\n\n\n<p>No repert\u00f3rio, a cantora prepara um setlist especial, prometendo surpresas: \u201cEsse ano vai ser lindo demais! Estamos comemorando os 40 anos de Ax\u00e9, esse movimento que faz parte da minha vida e da minha carreira.<\/p>\n\n\n\n<p> Com certeza, teremos um repert\u00f3rio especial com cl\u00e1ssicos do Carnaval, mas tamb\u00e9m com aquelas atuais que vem conquistando os foli\u00f5es\u201d.\u00a0<\/p>\n\n\n\n<p><strong>Agenda de shows \u2013 Carnaval 2025<\/strong><\/p>\n\n\n\n<p>Quinta-feira (27.02):<\/p>\n\n\n\n<p>\u2022&nbsp;Trio Barra &#8211; Ondina<\/p>\n\n\n\n<p>Sexta-feira (28.02):<\/p>\n\n\n\n<p>\u2022&nbsp;Trio Barra &#8211; Ondina<\/p>\n\n\n\n<p>\u2022&nbsp;Camarote Club<\/p>\n\n\n\n<p>S\u00e1bado (01.03):<\/p>\n\n\n\n<p>\u2022&nbsp;Carnaval de Itatiaiu\u00e7u (MG)<\/p>\n\n\n\n<p>Domingo (02.03):<\/p>\n\n\n\n<p>\u2022&nbsp;Rasgadinho &#8211; Aracaju (SE)&nbsp;<\/p>\n\n\n\n<p>\u2022&nbsp;Ver\u00e3o Sergipe &#8211; Aba\u00eds (SE)&nbsp;<\/p>\n\n\n\n<p>\u2022&nbsp;Carnaval de Caueira (SE)<\/p>\n\n\n\n<p>Segunda-feira (03.03):<\/p>\n\n\n\n<p>\u2022&nbsp;Pirambu (SE)<\/p>\n\n\n\n<p>\u2022&nbsp;Ne\u00f3polis (SE)<\/p>\n\n\n\n<p>Ter\u00e7a-feira (04.03):<\/p>\n\n\n\n<p>\u2022&nbsp;Bloco Tudo Azul &#8211; Murici (AL)<\/p>\n\n\n\n<p><strong>SALVADOR PRODU\u00c7\u00d5ES<\/strong><\/p>\n\n\n\n<p>Assessoria de Imprensa<\/p>\n\n\n\n<p>Jornalista respons\u00e1vel: Danilo Isaac<\/p>\n\n\n\n<p>Contato: 71984054926 |&nbsp;<a href=\"mailto:daniloarmazemdaalegria@gmail.com\" target=\"_blank\" rel=\"noreferrer noopener\">daniloarmazemdaalegria@gmail.com<\/a><\/p>\n","protected":false},"excerpt":{"rendered":"<p>Ap\u00f3s uma d\u00e9cada marcando a hist\u00f3ria do Carnaval baiano na banda Cheiro de Amor, Vina&#8230;<\/p>\n","protected":false},"author":3,"featured_media":17786,"comment_status":"closed","ping_status":"open","sticky":false,"template":"","format":"standard","meta":{"om_disable_all_campaigns":false,"_monsterinsights_skip_tracking":false,"_monsterinsights_sitenote_active":false,"_monsterinsights_sitenote_note":"","_monsterinsights_sitenote_category":0,"spay_email":""},"categories":[1],"tags":[],"jetpack_featured_media_url":"https:\/\/vimagazine.com.br\/wp-content\/uploads\/2025\/02\/CARNAVAL-IMPRENSA-horizontal_Prancheta-1-e1740223929550.jpg","_links":{"self":[{"href":"https:\/\/vimagazine.com.br\/index.php?rest_route=\/wp\/v2\/posts\/17785"}],"collection":[{"href":"https:\/\/vimagazine.com.br\/index.php?rest_route=\/wp\/v2\/posts"}],"about":[{"href":"https:\/\/vimagazine.com.br\/index.php?rest_route=\/wp\/v2\/types\/post"}],"author":[{"embeddable":true,"href":"https:\/\/vimagazine.com.br\/index.php?rest_route=\/wp\/v2\/users\/3"}],"replies":[{"embeddable":true,"href":"https:\/\/vimagazine.com.br\/index.php?rest_route=%2Fwp%2Fv2%2Fcomments&post=17785"}],"version-history":[{"count":1,"href":"https:\/\/vimagazine.com.br\/index.php?rest_route=\/wp\/v2\/posts\/17785\/revisions"}],"predecessor-version":[{"id":17787,"href":"https:\/\/vimagazine.com.br\/index.php?rest_route=\/wp\/v2\/posts\/17785\/revisions\/17787"}],"wp:featuredmedia":[{"embeddable":true,"href":"https:\/\/vimagazine.com.br\/index.php?rest_route=\/wp\/v2\/media\/17786"}],"wp:attachment":[{"href":"https:\/\/vimagazine.com.br\/index.php?rest_route=%2Fwp%2Fv2%2Fmedia&parent=17785"}],"wp:term":[{"taxonomy":"category","embeddable":true,"href":"https:\/\/vimagazine.com.br\/index.php?rest_route=%2Fwp%2Fv2%2Fcategories&post=17785"},{"taxonomy":"post_tag","embeddable":true,"href":"https:\/\/vimagazine.com.br\/index.php?rest_route=%2Fwp%2Fv2%2Ftags&post=17785"}],"curies":[{"name":"wp","href":"https:\/\/api.w.org\/{rel}","templated":true}]}}