{"id":17788,"date":"2025-02-22T08:43:02","date_gmt":"2025-02-22T11:43:02","guid":{"rendered":"https:\/\/vimagazine.com.br\/?p=17788"},"modified":"2025-02-22T08:43:02","modified_gmt":"2025-02-22T11:43:02","slug":"sao-francisco-do-sul-recebe-o-espetaculo-bailinho-as-mareadas-na-caravana-de-verao","status":"publish","type":"post","link":"https:\/\/vimagazine.com.br\/?p=17788","title":{"rendered":"S\u00e3o Francisco do Sul recebe o espet\u00e1culo Bailinho \u2013 As Mareadas na Caravana de Ver\u00e3o"},"content":{"rendered":"\n<p class=\"has-text-align-left\">S\u00e3o Francisco do Sul- A Caravana de Ver\u00e3o, uma iniciativa da \u00c1guas de S\u00e3o Francisco do Sul, recebe neste s\u00e1bado, dia 22, \u00e0s 17h, o &#8220;Bailinho As Mareadas&#8221; &#8211; um espet\u00e1culo de palha\u00e7ada e m\u00fasica infantis para crian\u00e7as e amantes da boa m\u00fasica.<\/p>\n\n\n\n<p class=\"has-text-align-left\"> O evento, que acontecer\u00e1 na Praia da Enseada, promete trazer alegria e divers\u00e3o para todos os presentes.<\/p>\n\n\n\n<p class=\"has-text-align-left\">As Mareadas, um grupo musical formado pelas palha\u00e7as Soll\u00ed e Sorella, apresentar\u00e3o um show interativo e cheio de surpresas. <\/p>\n\n\n\n<p class=\"has-text-align-left\">Com um repert\u00f3rio que mistura m\u00fasicas autorais e cl\u00e1ssicos do universo infantil, o espet\u00e1culo promete contagiar o p\u00fablico presente. <\/p>\n\n\n\n<p class=\"has-text-align-left\">As crian\u00e7as se divertir\u00e3o com as brincadeiras, dan\u00e7as e m\u00fasicas, enquanto os adultos reviver\u00e3o momentos da inf\u00e2ncia e se encantar\u00e3o com a criatividade do show.<\/p>\n\n\n\n<p class=\"has-text-align-left\">A iniciativa da \u00c1guas de S\u00e3o Francisco do Sul, que conta com o apoio da prefeitura municipal, tem como objetivo oferecer atividades de lazer e entretenimento para moradores e turistas durante a temporada de ver\u00e3o. <\/p>\n\n\n\n<p class=\"has-text-align-left\">O Bailinho As Mareadas \u00e9 mais uma op\u00e7\u00e3o de divers\u00e3o para toda a fam\u00edlia, que poder\u00e1 aproveitar o dia na praia e, ao final da tarde, curtir um espet\u00e1culo musical e divertido<\/p>\n\n\n\n<figure class=\"wp-block-image size-full\"><img width=\"440\" height=\"499\" src=\"https:\/\/vimagazine.com.br\/wp-content\/uploads\/2025\/02\/As-mareadas.jpg\" alt=\"\" class=\"wp-image-17790\" srcset=\"https:\/\/vimagazine.com.br\/wp-content\/uploads\/2025\/02\/As-mareadas.jpg 440w, https:\/\/vimagazine.com.br\/wp-content\/uploads\/2025\/02\/As-mareadas-265x300.jpg 265w\" sizes=\"(max-width: 440px) 100vw, 440px\" \/><\/figure>\n\n\n\n<p class=\"has-text-align-left\"><strong>Compromisso com a sustentabilidade<\/strong><\/p>\n\n\n\n<p class=\"has-text-align-left\">Um dos destaques da Caravana de Ver\u00e3o ser\u00e1 o compromisso com a sustentabilidade. <\/p>\n\n\n\n<p class=\"has-text-align-left\">A organiza\u00e7\u00e3o distribuir\u00e1 gratuitamente protetor solar e \u00e1gua pot\u00e1vel, al\u00e9m de utilizar materiais biodegrad\u00e1veis em toda a estrutura. <\/p>\n\n\n\n<p class=\"has-text-align-left\">A coleta seletiva de lixo tamb\u00e9m ser\u00e1 incentivada, com a instala\u00e7\u00e3o de pontos de coleta espec\u00edficos para cada tipo de material. Outra atividade que ocorrer\u00e1 no local ser\u00e1 a coleta de \u00f3leo vegetal usado.<\/p>\n\n\n\n<p class=\"has-text-align-left\">&#8220;A Caravana de Ver\u00e3o \u00e9 mais do que um evento de lazer.<\/p>\n\n\n\n<p class=\"has-text-align-left\"> \u00c9 uma oportunidade para promover a conscientiza\u00e7\u00e3o ambiental e fortalecer o senso de comunidade&#8221;, afirmou Reginalva Mureb, presidente da \u00c1guas de S\u00e3o Francisco do Sul. <\/p>\n\n\n\n<p class=\"has-text-align-left\">&#8220;Estamos muito felizes em poder promover este evento e esperamos realizar outras a\u00e7\u00f5es como essa no futuro.&#8221;<\/p>\n\n\n\n<p class=\"has-text-align-left\"><strong>Servi\u00e7o<\/strong><\/p>\n\n\n\n<p class=\"has-text-align-left\"><strong>Evento<\/strong>: Caravana de Ver\u00e3o em S\u00e3o Francisco do Sul<\/p>\n\n\n\n<p class=\"has-text-align-left\"><strong>Quando<\/strong>: 21, 22 e 23 de fevereiro<\/p>\n\n\n\n<p class=\"has-text-align-left\"><strong>Hor\u00e1rio<\/strong>: Das 10h \u00e0s 19h<\/p>\n\n\n\n<p class=\"has-text-align-left\"><strong>Local<\/strong>: Praia da Enseada, S\u00e3o Francisco do Sul<\/p>\n","protected":false},"excerpt":{"rendered":"<p>S\u00e3o Francisco do Sul- A Caravana de Ver\u00e3o, uma iniciativa da \u00c1guas de S\u00e3o Francisco&#8230;<\/p>\n","protected":false},"author":3,"featured_media":17789,"comment_status":"closed","ping_status":"open","sticky":false,"template":"","format":"standard","meta":{"om_disable_all_campaigns":false,"_monsterinsights_skip_tracking":false,"_monsterinsights_sitenote_active":false,"_monsterinsights_sitenote_note":"","_monsterinsights_sitenote_category":0,"spay_email":""},"categories":[1],"tags":[],"jetpack_featured_media_url":"https:\/\/vimagazine.com.br\/wp-content\/uploads\/2025\/02\/As-Mareadas-2.jpg","_links":{"self":[{"href":"https:\/\/vimagazine.com.br\/index.php?rest_route=\/wp\/v2\/posts\/17788"}],"collection":[{"href":"https:\/\/vimagazine.com.br\/index.php?rest_route=\/wp\/v2\/posts"}],"about":[{"href":"https:\/\/vimagazine.com.br\/index.php?rest_route=\/wp\/v2\/types\/post"}],"author":[{"embeddable":true,"href":"https:\/\/vimagazine.com.br\/index.php?rest_route=\/wp\/v2\/users\/3"}],"replies":[{"embeddable":true,"href":"https:\/\/vimagazine.com.br\/index.php?rest_route=%2Fwp%2Fv2%2Fcomments&post=17788"}],"version-history":[{"count":1,"href":"https:\/\/vimagazine.com.br\/index.php?rest_route=\/wp\/v2\/posts\/17788\/revisions"}],"predecessor-version":[{"id":17791,"href":"https:\/\/vimagazine.com.br\/index.php?rest_route=\/wp\/v2\/posts\/17788\/revisions\/17791"}],"wp:featuredmedia":[{"embeddable":true,"href":"https:\/\/vimagazine.com.br\/index.php?rest_route=\/wp\/v2\/media\/17789"}],"wp:attachment":[{"href":"https:\/\/vimagazine.com.br\/index.php?rest_route=%2Fwp%2Fv2%2Fmedia&parent=17788"}],"wp:term":[{"taxonomy":"category","embeddable":true,"href":"https:\/\/vimagazine.com.br\/index.php?rest_route=%2Fwp%2Fv2%2Fcategories&post=17788"},{"taxonomy":"post_tag","embeddable":true,"href":"https:\/\/vimagazine.com.br\/index.php?rest_route=%2Fwp%2Fv2%2Ftags&post=17788"}],"curies":[{"name":"wp","href":"https:\/\/api.w.org\/{rel}","templated":true}]}}