{"id":17832,"date":"2025-02-25T14:25:49","date_gmt":"2025-02-25T17:25:49","guid":{"rendered":"https:\/\/vimagazine.com.br\/?p=17832"},"modified":"2025-02-25T14:25:49","modified_gmt":"2025-02-25T17:25:49","slug":"ha-menos-de-uma-semana-do-desfile-fabi-frota-curte-ultimo-ensaio-da-tucuruvi-ao-lado-de-alexandre-frota-e-da-filha-belinha","status":"publish","type":"post","link":"https:\/\/vimagazine.com.br\/?p=17832","title":{"rendered":"H\u00e1 menos de uma semana do desfile, Fabi Frota curte \u00faltimo ensaio da Tucuruvi ao lado de Alexandre Frota e da filha Belinha"},"content":{"rendered":"\n<figure class=\"wp-block-image aligncenter size-large is-resized\"><img src=\"https:\/\/vimagazine.com.br\/wp-content\/uploads\/2025\/02\/FROTA-51-1024x683.jpg\" alt=\"\" class=\"wp-image-17833\" width=\"567\" height=\"378\" srcset=\"https:\/\/vimagazine.com.br\/wp-content\/uploads\/2025\/02\/FROTA-51-1024x683.jpg 1024w, https:\/\/vimagazine.com.br\/wp-content\/uploads\/2025\/02\/FROTA-51-300x200.jpg 300w, https:\/\/vimagazine.com.br\/wp-content\/uploads\/2025\/02\/FROTA-51-768x512.jpg 768w, https:\/\/vimagazine.com.br\/wp-content\/uploads\/2025\/02\/FROTA-51-1536x1024.jpg 1536w, https:\/\/vimagazine.com.br\/wp-content\/uploads\/2025\/02\/FROTA-51.jpg 1920w\" sizes=\"(max-width: 567px) 100vw, 567px\" \/><\/figure>\n\n\n\n<figure class=\"wp-block-image aligncenter size-large is-resized\"><img src=\"https:\/\/vimagazine.com.br\/wp-content\/uploads\/2025\/02\/IMG-20250224-WA0207-1024x682.jpg\" alt=\"\" class=\"wp-image-17834\" width=\"605\" height=\"403\" srcset=\"https:\/\/vimagazine.com.br\/wp-content\/uploads\/2025\/02\/IMG-20250224-WA0207-1024x682.jpg 1024w, https:\/\/vimagazine.com.br\/wp-content\/uploads\/2025\/02\/IMG-20250224-WA0207-300x200.jpg 300w, https:\/\/vimagazine.com.br\/wp-content\/uploads\/2025\/02\/IMG-20250224-WA0207-768x512.jpg 768w, https:\/\/vimagazine.com.br\/wp-content\/uploads\/2025\/02\/IMG-20250224-WA0207.jpg 1280w\" sizes=\"(max-width: 605px) 100vw, 605px\" \/><\/figure>\n\n\n\n<figure class=\"wp-block-image aligncenter size-large is-resized\"><img src=\"https:\/\/vimagazine.com.br\/wp-content\/uploads\/2025\/02\/IMG-20250224-WA0208-682x1024.jpg\" alt=\"\" class=\"wp-image-17835\" width=\"461\" height=\"692\" srcset=\"https:\/\/vimagazine.com.br\/wp-content\/uploads\/2025\/02\/IMG-20250224-WA0208-682x1024.jpg 682w, https:\/\/vimagazine.com.br\/wp-content\/uploads\/2025\/02\/IMG-20250224-WA0208-200x300.jpg 200w, https:\/\/vimagazine.com.br\/wp-content\/uploads\/2025\/02\/IMG-20250224-WA0208-768x1152.jpg 768w, https:\/\/vimagazine.com.br\/wp-content\/uploads\/2025\/02\/IMG-20250224-WA0208.jpg 853w\" sizes=\"(max-width: 461px) 100vw, 461px\" \/><\/figure>\n\n\n\n<p>Faltando menos de uma semana para o desfile oficial do carnaval, a&nbsp;<strong>Escola de Samba Acad\u00eamicos do Tucuruvi<\/strong>, situada na zona norte da capital paulistana, realizou o \u00faltimo ensaio de rua com todos os seus componentes e convidados, o qual ficou marcado por muita emo\u00e7\u00e3o, alegria e entusiasmo por parte de todos que est\u00e3o extremamente ansiosos para a chegada do desfile oficial.<\/p>\n\n\n\n<p>Entre os componentes, um dos destaques ficou para a fam\u00edlia Frota que trouxe ainda mais brilho \u00e0 noite.&nbsp;<strong>Fabi Frota<\/strong>, como sempre, deslumbrante, foi o centro das aten\u00e7\u00f5es, com sua energia contagiante e um sorriso radiante.<\/p>\n\n\n\n<p>A musa, que \u00e9 madrinha do Camarote Confraria e musa oficial da agremia\u00e7\u00e3o da Cantareira e mostrou mais uma vez, pernas torneadas e muito samba no p\u00e9 enquanto realizava o \u00faltimo treino para a festa de momo.<\/p>\n\n\n\n<p>Com look assinado pelos renomados estilistas Rodney Saellie e Sandro Shemith do @atellier_saellieshemith, Fabi Frota esbanjou eleg\u00e2ncia e dedica\u00e7\u00e3o, sempre preocupada com cada detalhe de sua apresenta\u00e7\u00e3o. \u201cEstou muito feliz! Sou madrinha do Camarote Confraria e musa dessa escola linda\u201d, declarou Fabi Frota, visivelmente emocionada e empolgada com o grande dia que se aproxima. Ela ainda ressaltou sua preocupa\u00e7\u00e3o em manter a organiza\u00e7\u00e3o, com contagens perfeitas para garantir que tudo aconte\u00e7a de acordo com as regras da escola. \u201cQuero tudo correto, pois eles s\u00e3o organizad\u00edssimos e quero ajudar a trazer o t\u00edtulo para esta agremia\u00e7\u00e3o guerreira que me acolheu de bra\u00e7os abertos, fui muito bem recebida e adorei o clima da comunidade onde todos se dedicam ao m\u00e1ximo e de verdade eles merecem muito este campeonato.\u201d<\/p>\n\n\n\n<p>Ao lado de Fabi Frota, sua filha&nbsp;<strong>Belinha<\/strong>&nbsp;tamb\u00e9m roubou a cena. A pequena se destacou ao dan\u00e7ar e encantar o p\u00fablico com sua simpatia e energia. O momento mais emocionante para Belinha foi quando ela avistou seu pai,&nbsp;<strong>Alexandre Frota<\/strong>, tocando na bateria, o que a deixou radiante de felicidade.<\/p>\n\n\n\n<p>Alexandre Frota, por sua vez, teve uma participa\u00e7\u00e3o especial no evento. Mestre Serginho, dirigente da Bateria do Zaca onde ir\u00e3o desfilar 260 ritmistas, convidou o ator e ex-deputado para fazer parte da equipe durante o \u00faltimo ensaio de rua, que estava denominado de &#8216;Bloquinho de rua do Zaca&#8217;, e o envolvimento de Alexandre com a bateria da Tucuruvi foi instant\u00e2neo. \u201cToquei durante seis anos no Salgueiro e fazia tempo que n\u00e3o pegava na bateria. \u00c9 algo que me contagia. Ontem foi um dia incr\u00edvel! Fui muito bem recebido pelo mestre Serginho. Essa bateria me lembra muito a do Rio de Janeiro.<\/p>\n\n\n\n<p>A Tucuruvi vem com uma cad\u00eancia bacana, e o surdo de primeira e segunda comp\u00f5em muito bem a base da bateria. Est\u00e1 tudo muito organizado. Me diverti demais e desejo toda a sorte do mundo \u00e0 escola. Que venha o t\u00edtulo de campe\u00e3!\u201d, declarou o artista, cheio de energia e gratid\u00e3o pela experi\u00eancia vivida.<\/p>\n\n\n\n<p>A boa rela\u00e7\u00e3o entre a fam\u00edlia Frota e a escola tamb\u00e9m tem um papel fundamental no sucesso da parceria.<\/p>\n\n\n\n<p>Renato Cipriano e Zuleika Ferreira, diretores da agremia\u00e7\u00e3o, foram fundamentais para apresentar a fam\u00edlia Frota ao Vice-Presidente da escola, Rodrigo Delduque, cuja energia \u00fanica tem sido crucial para o envolvimento de todos.<\/p>\n\n\n\n<p>Fabi, cada vez mais apaixonada pelo samba e pela escola, n\u00e3o perde um ensaio sequer, vestindo a camisa da Acad\u00eamicos do Tucuruvi com muito orgulho. \u201cAmo o samba e sinto essa energia pulsante. \u00c9 uma honra estar aqui com essa fam\u00edlia maravilhosa\u201d, comentou, antes de se preparar para o pr\u00f3ximo grande evento.<\/p>\n\n\n\n<p>A Acad\u00eamicos do Tucuruvi levar\u00e1 ao Samb\u00f3dromo do Anhembi o enredo \u201cAssojaba \u2013 A Busca pelo Manto\u201d, desenvolvido pelos carnavalescos Dione Leite e Nicolas Gon\u00e7alves. A escola ser\u00e1 a quinta agremia\u00e7\u00e3o a desfilar no s\u00e1bado, dia 1\u00ba de mar\u00e7o de 2025, pelo Grupo Especial do Carnaval de S\u00e3o Paulo.<\/p>\n\n\n\n<p><strong>Cr\u00e9dito das Fotos: Andrey Bispo e Denilson Santos \/ Divulga\u00e7\u00e3o<\/strong><\/p>\n","protected":false},"excerpt":{"rendered":"<p>Faltando menos de uma semana para o desfile oficial do carnaval, a&nbsp;Escola de Samba Acad\u00eamicos&#8230;<\/p>\n","protected":false},"author":19,"featured_media":17836,"comment_status":"closed","ping_status":"open","sticky":false,"template":"","format":"standard","meta":{"om_disable_all_campaigns":false,"_monsterinsights_skip_tracking":false,"_monsterinsights_sitenote_active":false,"_monsterinsights_sitenote_note":"","_monsterinsights_sitenote_category":0,"spay_email":""},"categories":[1],"tags":[],"jetpack_featured_media_url":"https:\/\/vimagazine.com.br\/wp-content\/uploads\/2025\/02\/Alexandre-e-Fabi-Frota-com-a-filha-Belinha.jpg","_links":{"self":[{"href":"https:\/\/vimagazine.com.br\/index.php?rest_route=\/wp\/v2\/posts\/17832"}],"collection":[{"href":"https:\/\/vimagazine.com.br\/index.php?rest_route=\/wp\/v2\/posts"}],"about":[{"href":"https:\/\/vimagazine.com.br\/index.php?rest_route=\/wp\/v2\/types\/post"}],"author":[{"embeddable":true,"href":"https:\/\/vimagazine.com.br\/index.php?rest_route=\/wp\/v2\/users\/19"}],"replies":[{"embeddable":true,"href":"https:\/\/vimagazine.com.br\/index.php?rest_route=%2Fwp%2Fv2%2Fcomments&post=17832"}],"version-history":[{"count":1,"href":"https:\/\/vimagazine.com.br\/index.php?rest_route=\/wp\/v2\/posts\/17832\/revisions"}],"predecessor-version":[{"id":17837,"href":"https:\/\/vimagazine.com.br\/index.php?rest_route=\/wp\/v2\/posts\/17832\/revisions\/17837"}],"wp:featuredmedia":[{"embeddable":true,"href":"https:\/\/vimagazine.com.br\/index.php?rest_route=\/wp\/v2\/media\/17836"}],"wp:attachment":[{"href":"https:\/\/vimagazine.com.br\/index.php?rest_route=%2Fwp%2Fv2%2Fmedia&parent=17832"}],"wp:term":[{"taxonomy":"category","embeddable":true,"href":"https:\/\/vimagazine.com.br\/index.php?rest_route=%2Fwp%2Fv2%2Fcategories&post=17832"},{"taxonomy":"post_tag","embeddable":true,"href":"https:\/\/vimagazine.com.br\/index.php?rest_route=%2Fwp%2Fv2%2Ftags&post=17832"}],"curies":[{"name":"wp","href":"https:\/\/api.w.org\/{rel}","templated":true}]}}