{"id":17840,"date":"2025-02-26T10:12:48","date_gmt":"2025-02-26T13:12:48","guid":{"rendered":"https:\/\/vimagazine.com.br\/?p=17840"},"modified":"2025-02-26T10:12:49","modified_gmt":"2025-02-26T13:12:49","slug":"florianopolis-e-escolhida-para-sediar-a-1a-coletiva-internacional-uyart-brasil-2025","status":"publish","type":"post","link":"https:\/\/vimagazine.com.br\/?p=17840","title":{"rendered":"Florian\u00f3polis \u00e9 escolhida para sediar a 1\u00aa Coletiva Internacional uyArt! \/ Brasil 2025"},"content":{"rendered":"\n<p><em>Por integrar criatividade e empreendedorismo, a capital catarinense \u00e9 estrat\u00e9gica para a primeira mostra de arte do UyArtistas realizada fora do Uruguai.&nbsp;<\/em><\/p>\n\n\n\n<p><em>O evento ser\u00e1 de 6 a 30 de mar\u00e7o no MESC\/UDESC<\/em><\/p>\n\n\n\n<p>O espa\u00e7o art\u00edstico uruguaio \u201cuyArtistas\u201d escolheu Florian\u00f3polis para realizar sua primeira mostra internacional de artes visuais, a \u201cColetiva Internacional uyArt! \/ Brasil 2025\u201d.<\/p>\n\n\n\n<p> Na ocasi\u00e3o, ser\u00e3o expostas mais de 50 obras de 46 artistas uruguaios que trabalham com pinturas, esculturas e artes digitais.<\/p>\n\n\n\n<p> A mostra ser\u00e1 de 6 a 30 de mar\u00e7o, no Museu da Escola Catarinense (MESC)\/UDESC e, para a vernissage, a expectativa \u00e9 de que a maioria desses artistas esteja na cidade com suas fam\u00edlias, para celebrar o marco importante para o coletivo.\u00a0\u00a0<\/p>\n\n\n\n<p>H\u00e1 tr\u00eas anos o \u201cuyArtistas\u201d realiza exposi\u00e7\u00f5es, oficinas, congressos e eventos culturais no Uruguai, sempre com muito sucesso; a escolha de fazer uma primeira mostra internacional na capital catarinense \u00e9 estrat\u00e9gica. <\/p>\n\n\n\n<figure class=\"wp-block-image size-full\"><img width=\"724\" height=\"847\" src=\"https:\/\/vimagazine.com.br\/wp-content\/uploads\/2025\/02\/Federico-Butler_artista-visual-e-designer-grafico-uruguaio.jpg\" alt=\"\" class=\"wp-image-17844\" srcset=\"https:\/\/vimagazine.com.br\/wp-content\/uploads\/2025\/02\/Federico-Butler_artista-visual-e-designer-grafico-uruguaio.jpg 724w, https:\/\/vimagazine.com.br\/wp-content\/uploads\/2025\/02\/Federico-Butler_artista-visual-e-designer-grafico-uruguaio-256x300.jpg 256w\" sizes=\"(max-width: 724px) 100vw, 724px\" \/><\/figure>\n\n\n\n<p>A cidade \u00e9 considerada a mais inovadora do Brasil, segundo o \u00cdndice de Desenvolvimento Potencial da Economia Criativa (IDPEC), a partir de uma pesquisa feita pela ESPM. <\/p>\n\n\n\n<p>A integra\u00e7\u00e3o entre criatividade e empreendedorismo foi a caracter\u00edstica que concedeu o reconhecimento \u00e0 Florian\u00f3polis, que tem as cidades Vit\u00f3ria (ES) e Curitiba (PR) como vice e terceira posi\u00e7\u00e3o no ranking.\u00a0<\/p>\n\n\n\n<p>Al\u00e9m disso, um dos diretores fundadores da uyArt!, o uruguaio Ricardo Botana, mora em Florian\u00f3polis h\u00e1 22 anos.<\/p>\n\n\n\n<p> Botana, que fez a produ\u00e7\u00e3o geral e a curadoria dos artistas que ir\u00e3o participar da mostra, trabalha como produtor cultural na cidade e comenta que est\u00e1 muito feliz em trazer a exposi\u00e7\u00e3o.<\/p>\n\n\n\n<p> \u201cTemos uma comunidade de uruguaios muito ativa em Florian\u00f3polis, mas esperamos chegar tamb\u00e9m no p\u00fablico local com essa exposi\u00e7\u00e3o, fato que, sem d\u00favida, ser\u00e1 uma grande festa e um \u00f3timo interc\u00e2mbio cultural entre a cena art\u00edstica daqui e de Montevideo\u201d, observa.\u00a0<\/p>\n\n\n\n<figure class=\"wp-block-image size-full\"><img width=\"614\" height=\"819\" src=\"https:\/\/vimagazine.com.br\/wp-content\/uploads\/2025\/02\/Sofia-Arias_artista-plastica-uruguaia.jpg\" alt=\"\" class=\"wp-image-17842\" srcset=\"https:\/\/vimagazine.com.br\/wp-content\/uploads\/2025\/02\/Sofia-Arias_artista-plastica-uruguaia.jpg 614w, https:\/\/vimagazine.com.br\/wp-content\/uploads\/2025\/02\/Sofia-Arias_artista-plastica-uruguaia-225x300.jpg 225w\" sizes=\"(max-width: 614px) 100vw, 614px\" \/><\/figure>\n\n\n\n<p><strong>Mostra, turismo e oficina<\/strong><\/p>\n\n\n\n<p>Uma programa\u00e7\u00e3o intensa recepcionar\u00e1 os artistas que vir\u00e3o para a abertura do evento. <\/p>\n\n\n\n<p>Desde\u00a0 jantar em restaurante t\u00edpico de Florian\u00f3polis e um passeio por alguns pontos tur\u00edsticos da cidade, at\u00e9 workshop com um dos artistas da t\u00e9cnica \u2018fisgital\u2019 mais conhecidos do Uruguai, Federico Butler, no s\u00e1bado (8). <\/p>\n\n\n\n<p>As inscri\u00e7\u00f5es para a oficina \u201cFerramentas Digitais para Artistas\u201d custam R$500 e podem ser feitas pelo Instagram @uyartistas. Para participar, \u00e9 conveniente ter iPad, Apple Pencil e Procreate j\u00e1 instalado.\u00a0\u00a0<\/p>\n\n\n\n<p>De acordo com Botana, a exposi\u00e7\u00e3o dos 46 artistas do coletivo uyArt! trar\u00e1 uma vis\u00e3o plural e vibrante da cria\u00e7\u00e3o art\u00edstica contempor\u00e2nea, refletindo a inten\u00e7\u00e3o e os objetivos do grupo, levando para a mostra e a oficina diversas linguagens expressivas. <\/p>\n\n\n\n<figure class=\"wp-block-image size-full\"><img width=\"778\" height=\"846\" src=\"https:\/\/vimagazine.com.br\/wp-content\/uploads\/2025\/02\/Marlon-Krake_artista-plastico-e-arquiteto-brasileiro.jpg\" alt=\"\" class=\"wp-image-17846\" srcset=\"https:\/\/vimagazine.com.br\/wp-content\/uploads\/2025\/02\/Marlon-Krake_artista-plastico-e-arquiteto-brasileiro.jpg 778w, https:\/\/vimagazine.com.br\/wp-content\/uploads\/2025\/02\/Marlon-Krake_artista-plastico-e-arquiteto-brasileiro-276x300.jpg 276w, https:\/\/vimagazine.com.br\/wp-content\/uploads\/2025\/02\/Marlon-Krake_artista-plastico-e-arquiteto-brasileiro-768x835.jpg 768w\" sizes=\"(max-width: 778px) 100vw, 778px\" \/><\/figure>\n\n\n\n<p>\u201cTemos um olhar que contempla a diversidade e um projeto que representa um salto qualitativo da proje\u00e7\u00e3o da arte uruguaia no cen\u00e1rio internacional, incentivando a coexist\u00eancia de artistas com diferentes forma\u00e7\u00f5es e experi\u00eancias no campo das artes\u201d, observa.\u00a0\u00a0<\/p>\n\n\n\n<p>A \u201cColetiva Internacional uyArt! \/ Brasil 2025\u201d foi declarada de interesse ministerial pelo Minist\u00e9rio das Rela\u00e7\u00f5es Exteriores e pelo Minist\u00e9rio de Educa\u00e7\u00e3o e Cultura do Uruguai e conta com o apoio do Consulado do Uruguai em Florian\u00f3polis. <\/p>\n\n\n\n<p>A exposi\u00e7\u00e3o \u00e9 gratuita e fica em cartaz no MESC\/UDESC, no Centro de Florian\u00f3polis, at\u00e9 o dia 30 de mar\u00e7o.\u00a0\u00a0<\/p>\n\n\n\n<figure class=\"wp-block-image size-full\"><img width=\"633\" height=\"848\" src=\"https:\/\/vimagazine.com.br\/wp-content\/uploads\/2025\/02\/Milagros-Bonino_artista-plastica-uruguaia.jpg\" alt=\"\" class=\"wp-image-17843\" srcset=\"https:\/\/vimagazine.com.br\/wp-content\/uploads\/2025\/02\/Milagros-Bonino_artista-plastica-uruguaia.jpg 633w, https:\/\/vimagazine.com.br\/wp-content\/uploads\/2025\/02\/Milagros-Bonino_artista-plastica-uruguaia-224x300.jpg 224w\" sizes=\"(max-width: 633px) 100vw, 633px\" \/><\/figure>\n\n\n\n<p><strong>SERVI\u00c7O&nbsp;<\/strong><\/p>\n\n\n\n<p><strong>O que:&nbsp;<\/strong>Coletiva Internacional uyArt! \/ Brasil 2025<\/p>\n\n\n\n<p><strong>Quando:&nbsp;<\/strong>6 a 30 de mar\u00e7o de 2025<\/p>\n\n\n\n<p><strong>Abertura:&nbsp;<\/strong>6 de mar\u00e7o de 2025, \u00e0s 19h&nbsp;<\/p>\n\n\n\n<p><strong>Onde:&nbsp;<\/strong>no Museu da Escola Catarinense (MESC)\/UDESC | Rua Saldanha Marinho, 196, Centro &#8211; Florian\u00f3polis\/SC<\/p>\n\n\n\n<p><strong>Hor\u00e1rios de visita\u00e7\u00e3o:<\/strong>&nbsp;segunda e ter\u00e7a-feira das 13h \u00e0s 19h; quarta a sexta das 10h \u00e0s 19h; aos s\u00e1bados das 10h \u00e0s 17h.<\/p>\n\n\n\n<p><strong>Valores:<\/strong>&nbsp;a entrada no MESC\/UDESC \u00e9 gratuita.&nbsp;<\/p>\n\n\n\n<p>*As inscri\u00e7\u00f5es para o workshop \u201cFerramentas Digitais para Artistas\u201d com Fede Butler custam R$500 e podem ser feitas por mensagem no\u00a0<a href=\"https:\/\/www.instagram.com\/uyartistas\/\" target=\"_blank\" rel=\"noreferrer noopener\">@uyartistas<\/a>. <\/p>\n\n\n\n<p>Conhe\u00e7a o espa\u00e7o art\u00edstico uruguaio, visite o site\u00a0<a href=\"http:\/\/www.uyartistas.uy\/\" target=\"_blank\" rel=\"noreferrer noopener\">www.uyartistas.uy<\/a><\/p>\n\n\n\n<figure class=\"wp-block-image size-full\"><img width=\"720\" height=\"890\" src=\"https:\/\/vimagazine.com.br\/wp-content\/uploads\/2025\/02\/Analia-Alfano_artista-plastica-uruguaia.jpg\" alt=\"\" class=\"wp-image-17847\" srcset=\"https:\/\/vimagazine.com.br\/wp-content\/uploads\/2025\/02\/Analia-Alfano_artista-plastica-uruguaia.jpg 720w, https:\/\/vimagazine.com.br\/wp-content\/uploads\/2025\/02\/Analia-Alfano_artista-plastica-uruguaia-243x300.jpg 243w\" sizes=\"(max-width: 720px) 100vw, 720px\" \/><\/figure>\n\n\n\n<figure class=\"wp-block-image size-full\"><img width=\"467\" height=\"572\" src=\"https:\/\/vimagazine.com.br\/wp-content\/uploads\/2025\/02\/Dita-Carbone_artista-plastica-aquarelista-uruguaia.jpg\" alt=\"\" class=\"wp-image-17845\" srcset=\"https:\/\/vimagazine.com.br\/wp-content\/uploads\/2025\/02\/Dita-Carbone_artista-plastica-aquarelista-uruguaia.jpg 467w, https:\/\/vimagazine.com.br\/wp-content\/uploads\/2025\/02\/Dita-Carbone_artista-plastica-aquarelista-uruguaia-245x300.jpg 245w\" sizes=\"(max-width: 467px) 100vw, 467px\" \/><\/figure>\n","protected":false},"excerpt":{"rendered":"<p>Por integrar criatividade e empreendedorismo, a capital catarinense \u00e9 estrat\u00e9gica para a primeira mostra de&#8230;<\/p>\n","protected":false},"author":3,"featured_media":17841,"comment_status":"closed","ping_status":"open","sticky":false,"template":"","format":"standard","meta":{"om_disable_all_campaigns":false,"_monsterinsights_skip_tracking":false,"_monsterinsights_sitenote_active":false,"_monsterinsights_sitenote_note":"","_monsterinsights_sitenote_category":0,"spay_email":""},"categories":[1],"tags":[],"jetpack_featured_media_url":"https:\/\/vimagazine.com.br\/wp-content\/uploads\/2025\/02\/Fabiana-Fernandez_artista-plastica-uruguaia.jpg","_links":{"self":[{"href":"https:\/\/vimagazine.com.br\/index.php?rest_route=\/wp\/v2\/posts\/17840"}],"collection":[{"href":"https:\/\/vimagazine.com.br\/index.php?rest_route=\/wp\/v2\/posts"}],"about":[{"href":"https:\/\/vimagazine.com.br\/index.php?rest_route=\/wp\/v2\/types\/post"}],"author":[{"embeddable":true,"href":"https:\/\/vimagazine.com.br\/index.php?rest_route=\/wp\/v2\/users\/3"}],"replies":[{"embeddable":true,"href":"https:\/\/vimagazine.com.br\/index.php?rest_route=%2Fwp%2Fv2%2Fcomments&post=17840"}],"version-history":[{"count":1,"href":"https:\/\/vimagazine.com.br\/index.php?rest_route=\/wp\/v2\/posts\/17840\/revisions"}],"predecessor-version":[{"id":17848,"href":"https:\/\/vimagazine.com.br\/index.php?rest_route=\/wp\/v2\/posts\/17840\/revisions\/17848"}],"wp:featuredmedia":[{"embeddable":true,"href":"https:\/\/vimagazine.com.br\/index.php?rest_route=\/wp\/v2\/media\/17841"}],"wp:attachment":[{"href":"https:\/\/vimagazine.com.br\/index.php?rest_route=%2Fwp%2Fv2%2Fmedia&parent=17840"}],"wp:term":[{"taxonomy":"category","embeddable":true,"href":"https:\/\/vimagazine.com.br\/index.php?rest_route=%2Fwp%2Fv2%2Fcategories&post=17840"},{"taxonomy":"post_tag","embeddable":true,"href":"https:\/\/vimagazine.com.br\/index.php?rest_route=%2Fwp%2Fv2%2Ftags&post=17840"}],"curies":[{"name":"wp","href":"https:\/\/api.w.org\/{rel}","templated":true}]}}