{"id":17849,"date":"2025-02-26T11:03:17","date_gmt":"2025-02-26T14:03:17","guid":{"rendered":"https:\/\/vimagazine.com.br\/?p=17849"},"modified":"2025-02-26T11:07:52","modified_gmt":"2025-02-26T14:07:52","slug":"cesar-augusto-de-carvalho-lanca-livro-de-contosfolhetim-em-noite-de-autografos-no-bar-balcao","status":"publish","type":"post","link":"https:\/\/vimagazine.com.br\/?p=17849","title":{"rendered":"Cesar Augusto de Carvalho lan\u00e7a livro de contos Folhetim\u00a0em noite de aut\u00f3grafos no Bar Balc\u00e3o"},"content":{"rendered":"\n<p>O escritor e poeta paulista&nbsp;<strong>Cesar Augusto de Carvalho<\/strong>&nbsp;lan\u00e7a&nbsp;<strong><em>Folhetim<\/em><\/strong>&nbsp;(Ed. Laranja Original), nono t\u00edtulo de sua carreira, cuja noite de aut\u00f3grafos acontece no&nbsp;<strong>dia 17 de mar\u00e7o de 2025<\/strong>, segunda, no&nbsp;<strong>Bar Balc\u00e3o<\/strong>, \u00e0s 20h, em S\u00e3o Paulo.<\/p>\n\n\n\n<p>A literatura de Cesar Augusto de Carvalho segue um caminho peculiar, longe dos modismos de ocasi\u00e3o, marcada por narrativas em que o acaso determina o movimento do mundo e o sonho invade a realidade, ou a realidade se transforma em sonho. <\/p>\n\n\n\n<p>Ambos convivem e se refor\u00e7am.<\/p>\n\n\n\n<p>\u00c9 o que se v\u00ea nos onze contos de&nbsp;<em>Folhetim<\/em>. A partir de um fato qualquer, abre-se uma fresta para o absurdo, o humor e o&nbsp;<em>nonsense<\/em>.<\/p>\n\n\n\n<p> A l\u00f3gica do real \u00e9 sobrepujada por conex\u00f5es inusitadas e elos inesperados. Ali nada \u00e9 s\u00f3lido, tudo est\u00e1 por um triz. Cada hist\u00f3ria cont\u00e9m bifurca\u00e7\u00f5es que levam a outras hist\u00f3rias.<\/p>\n\n\n\n<p> Essa t\u00e9cnica narrativa&nbsp;<em>mise en abyme<\/em>&nbsp;acaba mergulhando o leitor num torvelinho alucinante. <\/p>\n\n\n\n<p>Os personagens s\u00e3o tipos com \u00f3rbitas pr\u00f3prias, perdidos em sua solid\u00e3o, anti-her\u00f3is apartados da m\u00e1quina da cobi\u00e7a e do sucesso a qualquer pre\u00e7o, mais voltados para a recompensa dos pequenos prazeres mundanos, ou da simples sobreviv\u00eancia.<\/p>\n\n\n\n<p>Os contos, com seus cortes e sobreposi\u00e7\u00f5es, s\u00e3o bastante visuais, explorando recursos do cinema. <\/p>\n\n\n\n<p>N\u00e3o \u00e0 toa, Cesar Carvalho incorpora em sua experi\u00eancia a de roteirista antes de se aventurar nos livros. <\/p>\n\n\n\n<p>Assim, o conto \u201cFlipando em Paraty\u201d, que abre o volume, mostra um escritor na bancarrota que consegue uma oportunidade de fazer a cobertura da badalada festa liter\u00e1ria.<\/p>\n\n\n\n<p> No conto de t\u00edtulo cabal\u00edstico \u201c13\u201d, um jornalista se lan\u00e7a numa reportagem que investiga um caso de racismo.<\/p>\n\n\n\n<p> E no conto-t\u00edtulo \u201cFolhetim\u201d, um escritor se envolve em um epis\u00f3dio de crime cuja trama \u00e9 pura alus\u00e3o, revestida de s\u00e1tira, ao cl\u00e1ssico godardiano&nbsp;<em>Acossado<\/em>, que \u00e9 o conto mais claramente cinematogr\u00e1fico do conjunto.<\/p>\n\n\n\n<p>O livro inclui ainda uma incurs\u00e3o pela autofic\u00e7\u00e3o, no conto que encerra o volume. <\/p>\n\n\n\n<p>Nela, o narrador afirma: \u201cTodas as hist\u00f3rias j\u00e1 foram contadas, muda s\u00f3 o jeito de as contar.\u201d Cesar Augusto de Carvalho, como seus contos demonstram, criou seu pr\u00f3prio caminho.&nbsp;<\/p>\n\n\n\n<figure class=\"wp-block-image size-full\"><img width=\"303\" height=\"322\" src=\"https:\/\/vimagazine.com.br\/wp-content\/uploads\/2025\/02\/image005.jpg\" alt=\"Cesar Augusto de Carvalho lan\u00e7a livro de contos Folhetim em noite de aut\u00f3grafos no Bar Balc\u00e3o\" class=\"wp-image-17850\" srcset=\"https:\/\/vimagazine.com.br\/wp-content\/uploads\/2025\/02\/image005.jpg 303w, https:\/\/vimagazine.com.br\/wp-content\/uploads\/2025\/02\/image005-282x300.jpg 282w\" sizes=\"(max-width: 303px) 100vw, 303px\" \/><figcaption>Cesar Augusto de Carvalho lan\u00e7a livro de contos\nFolhetim em noite de aut\u00f3grafos no Bar Balc\u00e3o<\/figcaption><\/figure>\n\n\n\n<p><strong>Sobre o autor&nbsp;<\/strong>\u2013 Nascido em Pompeia, SP,Cesar Augusto de Carvalho \u00e9 professor de sociologia aposentado pela Universidade Estadual de Londrina &#8211; UEL &#8211; Paran\u00e1. <\/p>\n\n\n\n<p>Autor de prosa ficcional e ensaios, publicou&nbsp;<em>Viagem ao Mundo Alternativo: a contracultura nos anos 80<\/em>&nbsp;(contos, Unesp, 2008);&nbsp;<em>Toca Raul<\/em>&nbsp;(contos, cr\u00f4nicas e radionovela, Independente, 2014);&nbsp;<em>Hist\u00f3rias de Quem<\/em>&nbsp;(contos, Desconcertos, 2020),&nbsp;<em>Raul &amp; Eu<\/em>&nbsp;(novela, Cintra, 2022);&nbsp;<em>Lado B<\/em>&nbsp;(contos, Laranja Original, 2022) e&nbsp;<em>Folhetim<\/em>&nbsp;(Laranja Original, 2024).<\/p>\n\n\n\n<p> Como poeta publicou&nbsp;<em>Proesia&nbsp;<\/em>(Independente, 2013);&nbsp;<em>Lavras ao Vento, P\u00e1<\/em>&nbsp;(Benfazeja, 2017) e&nbsp;<em>Curto-circuito<\/em>&nbsp;(Patu\u00e1, 2019). <\/p>\n\n\n\n<p>V\u00e1rios de seus contos foram publicados em jornais e revistas; participou de antologias po\u00e9ticas, al\u00e9m de organizar muitas outras, a exemplo de&nbsp;<em>Antologia Gente de Palavra Paulistana<\/em>&nbsp;(Patu\u00e1, 2023), nome hom\u00f4nimo ao Sarau do qual \u00e9 curador, em S\u00e3o Paulo. <\/p>\n\n\n\n<p>Juntamente com o poeta Hamilton Faria criou o Canal do Poetariado, programa mensal de entrevistas com poetas veiculado pelo Youtube e Facebook.<\/p>\n\n\n\n<p>Segundo o autor, que iniciou a carreira como cronista e pesquisou a contracultura, a atividade com os roteiros de cinema tem bastante influ\u00eancia sobre sua escrita.<\/p>\n\n\n\n<p> E sobre o atual mercado liter\u00e1rio, Cesar Augusto defende: \u201cembora se constate uma queda estat\u00edstica na venda de livros, felizmente ainda \u00e9 grande a demanda de leitores \u00e1vidos pela boa literatura\u201d.<\/p>\n\n\n\n<figure class=\"wp-block-image\"><img alt=\"\" \/><\/figure>\n\n\n\n<p><strong>Servi\u00e7o<\/strong><\/p>\n\n\n\n<p>Lan\u00e7amento \/ livro:&nbsp;<strong><em>Folhetim<\/em><\/strong><\/p>\n\n\n\n<p>Autor:&nbsp;<strong>Cesar Augusto de Carvalho<\/strong><\/p>\n\n\n\n<p>Editora: Laranja Original. Formato: 21&#215;14. P\u00e1ginas: 238. Pre\u00e7o: R$ 65,00.<\/p>\n\n\n\n<p>Link \/ venda:&nbsp;<a href=\"https:\/\/www.laranjaoriginal.com.br\/product-page\/folhetim-cesar-augusto-de-carvalho\" target=\"_blank\" rel=\"noreferrer noopener\">https:\/\/www.laranjaoriginal.com.br\/product-page\/folhetim-cesar-augusto-de-carvalho<\/a><\/p>\n\n\n\n<p>Data:&nbsp;<strong>17 de mar\u00e7o \u2013 Segunda, \u00e0s 20h<\/strong><\/p>\n\n\n\n<p>Local:&nbsp;<strong>Bar Balc\u00e3o<\/strong><\/p>\n\n\n\n<p>Rua Dr. Melo Alves, 150 &#8211; Cerqueira C\u00e9sar. S\u00e3o Paulo\/SP.<\/p>\n\n\n\n<p>Contatos&nbsp;do autor<\/p>\n\n\n\n<p>Email:&nbsp;<a href=\"mailto:cacarvalho49@gmail.com\" target=\"_blank\" rel=\"noreferrer noopener\">cacarvalho49@gmail.com<\/a>&nbsp;<\/p>\n\n\n\n<p> WhatsApp: (11) 96059-3110<\/p>\n\n\n\n<p>Facebook:&nbsp;<a href=\"https:\/\/www.facebook.com\/cesar.decarvalho.1\" target=\"_blank\" rel=\"noreferrer noopener\">@cesar.decarvalho.1<\/a>&nbsp;<\/p>\n\n\n\n<p>&nbsp;Instagram:&nbsp;<a href=\"https:\/\/www.instagram.com\/cesarcarvalho3110\/\" target=\"_blank\" rel=\"noreferrer noopener\">@cesarcarvalho3110\/<\/a><\/p>\n\n\n\n<p>Contatos da editora<\/p>\n\n\n\n<p>Email:&nbsp;<a href=\"mailto:contato@laranjaoriginal.com.br\" target=\"_blank\" rel=\"noreferrer noopener\">contato@laranjaoriginal.com.br<\/a>&nbsp;<\/p>\n\n\n\n<p>&nbsp;Site:&nbsp;<a href=\"http:\/\/www.laranjaoriginal.com.br\/\" target=\"_blank\" rel=\"noreferrer noopener\">www.laranjaoriginal.com.br<\/a><\/p>\n","protected":false},"excerpt":{"rendered":"<p>O escritor e poeta paulista&nbsp;Cesar Augusto de Carvalho&nbsp;lan\u00e7a&nbsp;Folhetim&nbsp;(Ed. Laranja Original), nono t\u00edtulo de sua carreira,&#8230;<\/p>\n","protected":false},"author":3,"featured_media":17851,"comment_status":"closed","ping_status":"open","sticky":false,"template":"","format":"standard","meta":{"om_disable_all_campaigns":false,"_monsterinsights_skip_tracking":false,"_monsterinsights_sitenote_active":false,"_monsterinsights_sitenote_note":"","_monsterinsights_sitenote_category":0,"spay_email":""},"categories":[1],"tags":[],"jetpack_featured_media_url":"https:\/\/vimagazine.com.br\/wp-content\/uploads\/2025\/02\/image001-1.jpg","_links":{"self":[{"href":"https:\/\/vimagazine.com.br\/index.php?rest_route=\/wp\/v2\/posts\/17849"}],"collection":[{"href":"https:\/\/vimagazine.com.br\/index.php?rest_route=\/wp\/v2\/posts"}],"about":[{"href":"https:\/\/vimagazine.com.br\/index.php?rest_route=\/wp\/v2\/types\/post"}],"author":[{"embeddable":true,"href":"https:\/\/vimagazine.com.br\/index.php?rest_route=\/wp\/v2\/users\/3"}],"replies":[{"embeddable":true,"href":"https:\/\/vimagazine.com.br\/index.php?rest_route=%2Fwp%2Fv2%2Fcomments&post=17849"}],"version-history":[{"count":2,"href":"https:\/\/vimagazine.com.br\/index.php?rest_route=\/wp\/v2\/posts\/17849\/revisions"}],"predecessor-version":[{"id":17853,"href":"https:\/\/vimagazine.com.br\/index.php?rest_route=\/wp\/v2\/posts\/17849\/revisions\/17853"}],"wp:featuredmedia":[{"embeddable":true,"href":"https:\/\/vimagazine.com.br\/index.php?rest_route=\/wp\/v2\/media\/17851"}],"wp:attachment":[{"href":"https:\/\/vimagazine.com.br\/index.php?rest_route=%2Fwp%2Fv2%2Fmedia&parent=17849"}],"wp:term":[{"taxonomy":"category","embeddable":true,"href":"https:\/\/vimagazine.com.br\/index.php?rest_route=%2Fwp%2Fv2%2Fcategories&post=17849"},{"taxonomy":"post_tag","embeddable":true,"href":"https:\/\/vimagazine.com.br\/index.php?rest_route=%2Fwp%2Fv2%2Ftags&post=17849"}],"curies":[{"name":"wp","href":"https:\/\/api.w.org\/{rel}","templated":true}]}}