{"id":17856,"date":"2025-02-27T14:41:54","date_gmt":"2025-02-27T17:41:54","guid":{"rendered":"https:\/\/vimagazine.com.br\/?p=17856"},"modified":"2025-02-27T14:41:55","modified_gmt":"2025-02-27T17:41:55","slug":"carnaval-e-produtividade-estrategias-para-lideres-manterem-o-ritmo","status":"publish","type":"post","link":"https:\/\/vimagazine.com.br\/?p=17856","title":{"rendered":"Carnaval e Produtividade: Estrat\u00e9gias para L\u00edderes Manterem o Ritmo"},"content":{"rendered":"\n<p><\/p>\n\n\n\n<p>O Carnaval, uma das maiores celebra\u00e7\u00f5es culturais do Brasil, traz consigo n\u00e3o apenas alegria e folia, mas tamb\u00e9m desafios significativos para a produtividade empresarial. L\u00edderes focados em manter o desempenho de suas equipes precisam equilibrar a tradi\u00e7\u00e3o festiva com as demandas do mercado. Vamos explorar como gerenciar esse per\u00edodo de forma eficaz.<\/p>\n\n\n\n<p class=\"has-medium-font-size\"><strong>O Impacto Econ\u00f4mico do Carnaval<\/strong><\/p>\n\n\n\n<p>O Carnaval tem um efeito dual na economia brasileira. Por um lado, em 2023, a festividade movimentou impressionantes R$ 8,18 bilh\u00f5es. Por outro, a Federa\u00e7\u00e3o das Ind\u00fastrias do Estado do Rio de Janeiro (Firjan) estimou que feriados nacionais, incluindo o Carnaval, podem gerar perdas de at\u00e9 4,8% do PIB industrial.<\/p>\n\n\n\n<p class=\"has-medium-font-size\"><strong>Desafios para a Produtividade<\/strong><\/p>\n\n\n\n<p class=\"has-medium-font-size\"><strong>Absente\u00edsmo e Recupera\u00e7\u00e3o P\u00f3s-Feriado<\/strong><\/p>\n\n\n\n<p>Um dos maiores desafios \u00e9 o aumento do absente\u00edsmo e a queda de performance nos dias seguintes \u00e0 festa. Estudos indicam que a produtividade tende a ser inferior na semana p\u00f3s-Carnaval, afetando metas e prazos.<\/p>\n\n\n\n<p class=\"has-medium-font-size\"><strong>Impacto na Sa\u00fade e Bem-estar<\/strong><\/p>\n\n\n\n<p>Os excessos comuns durante o Carnaval &#8211; como noites mal dormidas e consumo elevado de \u00e1lcool &#8211; podem comprometer a sa\u00fade dos colaboradores, aumentando os custos empresariais com atendimentos m\u00e9dicos e afastamentos.<\/p>\n\n\n\n<p class=\"has-medium-font-size\"><strong>Estrat\u00e9gias para L\u00edderes<\/strong><\/p>\n\n\n\n<p>Planejamento Antecipado: Organize as tarefas e prazos com anteced\u00eancia, priorizando entregas cr\u00edticas antes do feriado.<\/p>\n\n\n\n<p>Flexibilidade Estrat\u00e9gica: Considere oferecer hor\u00e1rios flex\u00edveis ou trabalho remoto para equilibrar a celebra\u00e7\u00e3o com as responsabilidades profissionais.<\/p>\n\n\n\n<p>Foco em Bem-estar: Promova programas de sa\u00fade e conscientiza\u00e7\u00e3o sobre os impactos dos excessos na produtividade.<\/p>\n\n\n\n<p>Retomada Gradual: Planeje uma retomada gradual das atividades, permitindo que a equipe se readapte ao ritmo de trabalho.<\/p>\n\n\n\n<p>O Carnaval, embora desafiador para a produtividade, n\u00e3o precisa ser um obst\u00e1culo intranspon\u00edvel. L\u00edderes que planejam com anteced\u00eancia, oferecem flexibilidade e priorizam o bem-estar de suas equipes podem minimizar os impactos negativos e at\u00e9 mesmo capitalizar sobre a energia renovada p\u00f3s-feriado. A chave est\u00e1 em encontrar o equil\u00edbrio entre a celebra\u00e7\u00e3o cultural e as demandas do neg\u00f3cio.<\/p>\n\n\n\n<p>Um forte abra\u00e7o!<br><br>Jo\u00e3o Zimmermann<br>@joaozimmemann_oficial<\/p>\n","protected":false},"excerpt":{"rendered":"<p>Descubra estrat\u00e9gias eficazes para l\u00edderes manterem a produtividade durante o Carnaval, equilibrando celebra\u00e7\u00e3o e demandas empresariais<\/p>\n","protected":false},"author":7,"featured_media":17857,"comment_status":"closed","ping_status":"open","sticky":false,"template":"","format":"standard","meta":{"om_disable_all_campaigns":false,"_monsterinsights_skip_tracking":false,"_monsterinsights_sitenote_active":false,"_monsterinsights_sitenote_note":"","_monsterinsights_sitenote_category":0,"spay_email":""},"categories":[75],"tags":[1006,896,1004,1005],"jetpack_featured_media_url":"https:\/\/vimagazine.com.br\/wp-content\/uploads\/2025\/02\/uam-imagem-real-de-uma-imagem-dividida-m_iiWKktf8SDWLQV-gmoRG9g_ScMxv1qiQ-mysBQEj7yYrQ.jpeg","_links":{"self":[{"href":"https:\/\/vimagazine.com.br\/index.php?rest_route=\/wp\/v2\/posts\/17856"}],"collection":[{"href":"https:\/\/vimagazine.com.br\/index.php?rest_route=\/wp\/v2\/posts"}],"about":[{"href":"https:\/\/vimagazine.com.br\/index.php?rest_route=\/wp\/v2\/types\/post"}],"author":[{"embeddable":true,"href":"https:\/\/vimagazine.com.br\/index.php?rest_route=\/wp\/v2\/users\/7"}],"replies":[{"embeddable":true,"href":"https:\/\/vimagazine.com.br\/index.php?rest_route=%2Fwp%2Fv2%2Fcomments&post=17856"}],"version-history":[{"count":1,"href":"https:\/\/vimagazine.com.br\/index.php?rest_route=\/wp\/v2\/posts\/17856\/revisions"}],"predecessor-version":[{"id":17858,"href":"https:\/\/vimagazine.com.br\/index.php?rest_route=\/wp\/v2\/posts\/17856\/revisions\/17858"}],"wp:featuredmedia":[{"embeddable":true,"href":"https:\/\/vimagazine.com.br\/index.php?rest_route=\/wp\/v2\/media\/17857"}],"wp:attachment":[{"href":"https:\/\/vimagazine.com.br\/index.php?rest_route=%2Fwp%2Fv2%2Fmedia&parent=17856"}],"wp:term":[{"taxonomy":"category","embeddable":true,"href":"https:\/\/vimagazine.com.br\/index.php?rest_route=%2Fwp%2Fv2%2Fcategories&post=17856"},{"taxonomy":"post_tag","embeddable":true,"href":"https:\/\/vimagazine.com.br\/index.php?rest_route=%2Fwp%2Fv2%2Ftags&post=17856"}],"curies":[{"name":"wp","href":"https:\/\/api.w.org\/{rel}","templated":true}]}}