{"id":17862,"date":"2025-02-28T10:57:47","date_gmt":"2025-02-28T13:57:47","guid":{"rendered":"https:\/\/vimagazine.com.br\/?p=17862"},"modified":"2025-02-28T10:57:47","modified_gmt":"2025-02-28T13:57:47","slug":"a-cunha-isabelle-nogueira-sera-destaque-no-carnaval-da-academicos-do-tucuruvi-em-busca-pelo-manto-tupinamba","status":"publish","type":"post","link":"https:\/\/vimagazine.com.br\/?p=17862","title":{"rendered":"A Cunh\u00e3, Isabelle Nogueira, ser\u00e1 destaque no carnaval da Acad\u00eamicos do Tucuruvi em Busca pelo Manto Tupinamb\u00e1"},"content":{"rendered":"\n<figure class=\"wp-block-image aligncenter size-large is-resized\"><img src=\"https:\/\/vimagazine.com.br\/wp-content\/uploads\/2025\/02\/Isabelle-Nogueira-05-757x1024.jpeg\" alt=\"\" class=\"wp-image-17863\" width=\"528\" height=\"714\" srcset=\"https:\/\/vimagazine.com.br\/wp-content\/uploads\/2025\/02\/Isabelle-Nogueira-05-757x1024.jpeg 757w, https:\/\/vimagazine.com.br\/wp-content\/uploads\/2025\/02\/Isabelle-Nogueira-05-222x300.jpeg 222w, https:\/\/vimagazine.com.br\/wp-content\/uploads\/2025\/02\/Isabelle-Nogueira-05-768x1039.jpeg 768w, https:\/\/vimagazine.com.br\/wp-content\/uploads\/2025\/02\/Isabelle-Nogueira-05-1135x1536.jpeg 1135w, https:\/\/vimagazine.com.br\/wp-content\/uploads\/2025\/02\/Isabelle-Nogueira-05-1024x1386.jpeg 1024w, https:\/\/vimagazine.com.br\/wp-content\/uploads\/2025\/02\/Isabelle-Nogueira-05.jpeg 1419w\" sizes=\"(max-width: 528px) 100vw, 528px\" \/><\/figure>\n\n\n\n<figure class=\"wp-block-image aligncenter size-large is-resized\"><img src=\"https:\/\/vimagazine.com.br\/wp-content\/uploads\/2025\/02\/Isabelle-Nogueira-04-683x1024.jpeg\" alt=\"\" class=\"wp-image-17864\" width=\"484\" height=\"726\" srcset=\"https:\/\/vimagazine.com.br\/wp-content\/uploads\/2025\/02\/Isabelle-Nogueira-04-683x1024.jpeg 683w, https:\/\/vimagazine.com.br\/wp-content\/uploads\/2025\/02\/Isabelle-Nogueira-04-200x300.jpeg 200w, https:\/\/vimagazine.com.br\/wp-content\/uploads\/2025\/02\/Isabelle-Nogueira-04-768x1152.jpeg 768w, https:\/\/vimagazine.com.br\/wp-content\/uploads\/2025\/02\/Isabelle-Nogueira-04-1024x1536.jpeg 1024w, https:\/\/vimagazine.com.br\/wp-content\/uploads\/2025\/02\/Isabelle-Nogueira-04.jpeg 1280w\" sizes=\"(max-width: 484px) 100vw, 484px\" \/><\/figure>\n\n\n\n<p>A escola de samba&nbsp;<strong>Acad\u00eamicos do Tucuruvi<\/strong>, do grupo especial do Carnaval Paulistano, tem a honra de levar para o Samb\u00f3dromo do Anhembi o enredo &#8220;Assojaba &#8211; A busca pelo manto&#8221;. O tema est\u00e1 sendo desenvolvido pela dupla de carnavalescos Dione Leite e Nicolas Gon\u00e7alves, com pesquisa do enredista Vinicius Natal.<\/p>\n\n\n\n<p>O &#8220;Zaca&#8221; como \u00e9 conhecido carinhosamente a agremia\u00e7\u00e3o da Zona Norte de S\u00e3o Paulo, sonha com a busca de todos os demais mantos Tupinamb\u00e1, que tem um valor art\u00edstico e simb\u00f3lico para a mem\u00f3ria ind\u00edgena no Brasil e tamb\u00e9m a luta pelo retorno ao seu local de origem.<\/p>\n\n\n\n<p>Depois de mais de 300 anos exposto no Museu da Dinamarca, um dos Mantos Tupinamb\u00e1 retornou ao Brasil no in\u00edcio do segundo semestre do ano passado, e se encontra atualmente na biblioteca do Museu Nacional, no Rio de Janeiro. O objeto raro e sagrado do povo Tupinamb\u00e1 foi levado \u00e0 Europa em 1644 e l\u00e1 permaneceu at\u00e9 julho de 2024, quando foi repatriado. O manto \u00e9 uma pe\u00e7a com cerca de 1,20 metro de altura, por 80 cent\u00edmetros de largura.<\/p>\n\n\n\n<p>&#8220;Estamos extremamente felizes com a not\u00edcia de que ap\u00f3s mais de 300 anos, o manto Tupinamb\u00e1 do s\u00e9culo 17, o qual estava na Dinamarca, retornou ao Brasil, isso s\u00f3 prova que estamos no caminho certo. Temos um grande enredo e vamos continuar lutando para que os demais tamb\u00e9m possam retornar para o seu Pa\u00eds de origem de onde nunca deveriam ter sa\u00eddo&#8221;, revela Rodrigo Delduque, Vice-Presidente da Tucuruvi, que ainda complementa: &#8220;Temos a certeza que com a nossa homenagem no desfile do carnaval deste ano, estamos ajudando muito com esta luta enorme que o povo Tupinamb\u00e1 tem enfrentando h\u00e1 anos, e juntos vamos em busca do manto!&#8221;<\/p>\n\n\n\n<p>Inclusive nosso vice-presidente Rodrigo Delduque esteve pessoalmente em Bras\u00edlia para apresentar com muito orgulho o projeto do carnaval 2025 ao Minist\u00e9rio dos Povos Ind\u00edgenas (MPI). A visita contou com a recep\u00e7\u00e3o calorosa dos assessores da ministra S\u00f4nia Guajajara e dos ilustres deputados Delegado da Cunha e C\u00e9lia Xakriab\u00e1, os quais foram convidados para estarem participando do desfile na passarela do Anhembi.<\/p>\n\n\n\n<p>Em nosso desfile teremos a participa\u00e7\u00e3o e a presen\u00e7a de muitos representantes dos povos origin\u00e1rios que est\u00e3o vindo de diversos estados do Brasil para participarem do desfile onde a escola ser\u00e1 a 5\u00aa agremia\u00e7\u00e3o a desfilar no s\u00e1bado de carnaval, dia 1\u00ba de mar\u00e7o de 2025, pelo Grupo Especial do carnaval de S\u00e3o Paulo.<\/p>\n\n\n\n<p>O samba de enredo que embalar\u00e1 o desfile \u00e9 de autoria dos compositores Macaco Branco, Prof. Carlos Bebeto, Djalma Santos, Chiquinho Gomes, Dr. Marcelo, Denis Moraes e Marcelo Faria, sendo a equipe de compositores bicampe\u00f5es, haja visto que esta mesma equipe venceu a disputa do samba de enredo do carnaval de 2024.<\/p>\n\n\n\n<p>Entre os convidados, temos a honra de anunciar a presen\u00e7a da&nbsp;<strong>Isabelle Nogueira<\/strong>, dan\u00e7arina e influenciadora digital, que entre 2015 at\u00e9 2017 atuou como Rainha do Folclore, e desde 2018 \u00e9 a cunh\u00e3-poranga do Boi Garantido no Festival Folcl\u00f3rico de Parintins. Isabelle ganhou bastante notoriedade ao ser uma das finalistas do BBB 24, onde levou o terceiro lugar do p\u00f3dio.<\/p>\n\n\n\n<p>Na tarde desta quinta-feira (27), a diretoria da Acad\u00eamicos do Tucuruvi tem a honra de anunciar a Cunh\u00e3, como uma das grandes destaques durante o desfile da agremia\u00e7\u00e3o.<\/p>\n\n\n\n<p>\u201cEstou muito feliz e grata pelo convite da Acad\u00eamicos do Tucuruvi! Ser parte dessa escola de samba, t\u00e3o rica em hist\u00f3ria e cultura, \u00e9 incr\u00edvel demais. A energia de S\u00e3o Paulo no Carnaval \u00e9 contagiante, e poder dividir esse momento com tanta gente talentosa ser\u00e1 uma honra.<\/p>\n\n\n\n<p>J\u00e1 estou ansiosa para viver essa experi\u00eancia \u00fanica e levar todo o meu amor pelo samba para a avenida! Desfilar no Rio e em S\u00e3o Paulo \u00e9 um sonho realizado, duas cidades com um Carnaval t\u00e3o grandioso e cheio de emo\u00e7\u00e3o. Sinto-me aben\u00e7oada em poder fazer parte dessas duas festas inesquec\u00edveis, que celebram a alegria, a diversidade e a for\u00e7a do nosso povo&#8221;, declara Isabelle.<\/p>\n\n\n\n<p>Em sua rede social Isabelle compartilhou com seus seguidores que est\u00e1 muito grata e feliz pelo convite para ser destaque da agremia\u00e7\u00e3o, e fez quest\u00e3o em aceitar devido o enredo possuir um tema extremamente necess\u00e1rio, lindo e forte, onde falar\u00e1 do manto e do Povo Tupinamb\u00e1. Inclusive na manh\u00e3 desta quinta-feira, Isa j\u00e1 participou inclusive de uma reuni\u00e3o online com a lideran\u00e7a Jennyffer Tupinamb\u00e1 e a Nai\u00e1 Tupinamb\u00e1 para trocar informa\u00e7\u00f5es e conhecimentos necess\u00e1rios. &#8220;Eu acredito que vai ser a forma mais linda como eu enxergo no carnaval. Vai ser uma aula de hist\u00f3ria. Sou apaixonada por cultura, e por toda manifesta\u00e7\u00e3o cultural, principalmente quando ela ensina&#8221;, destacou a Cunh\u00e3.<\/p>\n\n\n\n<p><strong>Cr\u00e9dito da Foto: Mauro Jorge \/ Renato Cipriano &#8211; Divulga\u00e7\u00e3o<\/strong><\/p>\n","protected":false},"excerpt":{"rendered":"<p>A escola de samba&nbsp;Acad\u00eamicos do Tucuruvi, do grupo especial do Carnaval Paulistano, tem a honra&#8230;<\/p>\n","protected":false},"author":19,"featured_media":17865,"comment_status":"closed","ping_status":"open","sticky":false,"template":"","format":"standard","meta":{"om_disable_all_campaigns":false,"_monsterinsights_skip_tracking":false,"_monsterinsights_sitenote_active":false,"_monsterinsights_sitenote_note":"","_monsterinsights_sitenote_category":0,"spay_email":""},"categories":[1],"tags":[],"jetpack_featured_media_url":"https:\/\/vimagazine.com.br\/wp-content\/uploads\/2025\/02\/Isabelle-Nogueira-07.jpeg","_links":{"self":[{"href":"https:\/\/vimagazine.com.br\/index.php?rest_route=\/wp\/v2\/posts\/17862"}],"collection":[{"href":"https:\/\/vimagazine.com.br\/index.php?rest_route=\/wp\/v2\/posts"}],"about":[{"href":"https:\/\/vimagazine.com.br\/index.php?rest_route=\/wp\/v2\/types\/post"}],"author":[{"embeddable":true,"href":"https:\/\/vimagazine.com.br\/index.php?rest_route=\/wp\/v2\/users\/19"}],"replies":[{"embeddable":true,"href":"https:\/\/vimagazine.com.br\/index.php?rest_route=%2Fwp%2Fv2%2Fcomments&post=17862"}],"version-history":[{"count":1,"href":"https:\/\/vimagazine.com.br\/index.php?rest_route=\/wp\/v2\/posts\/17862\/revisions"}],"predecessor-version":[{"id":17866,"href":"https:\/\/vimagazine.com.br\/index.php?rest_route=\/wp\/v2\/posts\/17862\/revisions\/17866"}],"wp:featuredmedia":[{"embeddable":true,"href":"https:\/\/vimagazine.com.br\/index.php?rest_route=\/wp\/v2\/media\/17865"}],"wp:attachment":[{"href":"https:\/\/vimagazine.com.br\/index.php?rest_route=%2Fwp%2Fv2%2Fmedia&parent=17862"}],"wp:term":[{"taxonomy":"category","embeddable":true,"href":"https:\/\/vimagazine.com.br\/index.php?rest_route=%2Fwp%2Fv2%2Fcategories&post=17862"},{"taxonomy":"post_tag","embeddable":true,"href":"https:\/\/vimagazine.com.br\/index.php?rest_route=%2Fwp%2Fv2%2Ftags&post=17862"}],"curies":[{"name":"wp","href":"https:\/\/api.w.org\/{rel}","templated":true}]}}