{"id":17867,"date":"2025-02-28T19:52:19","date_gmt":"2025-02-28T22:52:19","guid":{"rendered":"https:\/\/vimagazine.com.br\/?p=17867"},"modified":"2025-02-28T19:52:21","modified_gmt":"2025-02-28T22:52:21","slug":"juju-bonita-no-carnaval-quem-dorme-perde","status":"publish","type":"post","link":"https:\/\/vimagazine.com.br\/?p=17867","title":{"rendered":"JUJU BONITA NO CARNAVAL: QUEM DORME, PERDE!"},"content":{"rendered":"\n<p>Quem entrou na Vibe com<a href=\"https:\/\/www.instagram.com\/giucota\/\" title=\" Giu Cota\"> <strong>Giu Cota<\/strong><\/a>, foi a querida<strong> <a href=\"https:\/\/www.instagram.com\/jubonita\" title=\"Juju Bonita\">Juju Bonita<\/a>.<\/strong><br>Se tem algu\u00e9m que vai viver o Carnaval intensamente este ano, esse algu\u00e9m \u00e9<strong><em> Juju Bonita<\/em><\/strong>! A animadora, rep\u00f3rter e produtora j\u00e1 est\u00e1 com o p\u00e9 na avenida e promete um giro completo pelos bastidores da folia. E olha que o desafio come\u00e7a cedo! Na sexta e no s\u00e1bado, <strong>Juju<\/strong> estar\u00e1 no Anhembi, cobrindo tudo o que acontece por tr\u00e1s das c\u00e2meras no Carnaval da <strong>RedeTV<\/strong>!. E ela n\u00e3o estar\u00e1 sozinha: ao seu lado, um elenco de peso, incluindo <strong>Viny Vieira<\/strong>, <strong>Jo\u00e3o Klebe<\/strong>r e <strong>Janaina do Mar<\/strong>, al\u00e9m de muitos outros profissionais que fazem a magia do Carnaval acontecer.<\/p>\n\n\n\n<figure class=\"wp-container-2 wp-block-gallery-1 wp-block-gallery has-nested-images columns-default is-cropped\">\n<figure class=\"wp-block-image size-large\"><img width=\"692\" height=\"1280\" data-id=\"17868\"  src=\"https:\/\/vimagazine.com.br\/wp-content\/uploads\/2025\/02\/photo_2025-02-28_19-42-42.jpg\" alt=\"\" class=\"wp-image-17868\" srcset=\"https:\/\/vimagazine.com.br\/wp-content\/uploads\/2025\/02\/photo_2025-02-28_19-42-42.jpg 692w, https:\/\/vimagazine.com.br\/wp-content\/uploads\/2025\/02\/photo_2025-02-28_19-42-42-162x300.jpg 162w, https:\/\/vimagazine.com.br\/wp-content\/uploads\/2025\/02\/photo_2025-02-28_19-42-42-554x1024.jpg 554w\" sizes=\"(max-width: 692px) 100vw, 692px\" \/><\/figure>\n\n\n\n<figure class=\"wp-block-image size-large\"><img width=\"708\" height=\"1280\" data-id=\"17869\"  src=\"https:\/\/vimagazine.com.br\/wp-content\/uploads\/2025\/02\/photo_2025-02-28_19-42-48.jpg\" alt=\"\" class=\"wp-image-17869\" srcset=\"https:\/\/vimagazine.com.br\/wp-content\/uploads\/2025\/02\/photo_2025-02-28_19-42-48.jpg 708w, https:\/\/vimagazine.com.br\/wp-content\/uploads\/2025\/02\/photo_2025-02-28_19-42-48-166x300.jpg 166w, https:\/\/vimagazine.com.br\/wp-content\/uploads\/2025\/02\/photo_2025-02-28_19-42-48-566x1024.jpg 566w\" sizes=\"(max-width: 708px) 100vw, 708px\" \/><\/figure>\n\n\n\n<figure class=\"wp-block-image size-large\"><img width=\"934\" height=\"1280\" data-id=\"17870\"  src=\"https:\/\/vimagazine.com.br\/wp-content\/uploads\/2025\/02\/photo_2025-02-28_19-42-51.jpg\" alt=\"\" class=\"wp-image-17870\" srcset=\"https:\/\/vimagazine.com.br\/wp-content\/uploads\/2025\/02\/photo_2025-02-28_19-42-51.jpg 934w, https:\/\/vimagazine.com.br\/wp-content\/uploads\/2025\/02\/photo_2025-02-28_19-42-51-219x300.jpg 219w, https:\/\/vimagazine.com.br\/wp-content\/uploads\/2025\/02\/photo_2025-02-28_19-42-51-747x1024.jpg 747w, https:\/\/vimagazine.com.br\/wp-content\/uploads\/2025\/02\/photo_2025-02-28_19-42-51-768x1053.jpg 768w\" sizes=\"(max-width: 934px) 100vw, 934px\" \/><\/figure>\n<\/figure>\n\n\n\n<p>Mas se voc\u00ea acha que depois disso <strong>Juju <\/strong>vai descansar\u2026 esquece! Assim que S\u00e3o Paulo baixar as cortinas, ela embarca direto para o Rio de Janeiro, onde vai continuar sua miss\u00e3o carnavalesca na Sapuca\u00ed. Sim, Juju Bonita n\u00e3o brinca em servi\u00e7o! Por l\u00e1, ela estar\u00e1 nos bastidores acompanhando tudo e garantindo aquele conte\u00fado quente pra quem ama o Carnaval.<br>E tem mais: como se n\u00e3o bastasse cobrir dois dos maiores desfiles do Brasil, <strong>Juju <\/strong>ainda marcar\u00e1 presen\u00e7a no Camarote Avenida, onde vai apresentar e entrevistar artistas que passar\u00e3o por l\u00e1. Quem conhece a energia dela sabe que essa cobertura promete ser daquelas que a gente acompanha sem piscar!<br>E o Carnaval de <strong>Juju <\/strong>j\u00e1 come\u00e7ou faz tempo! Este ano, ela brilhou como musa do bloco &#8220;<strong>N\u00e3o Tem Mais Geito<\/strong>&#8220;, na cidade de Mau\u00e1, levando ainda mais charme e anima\u00e7\u00e3o para as ruas. Ali\u00e1s, por l\u00e1, <strong>Juju<\/strong> \u00e9 figurinha carimbada nos finais de semana no Arena Carioca, sempre esbanjando simpatia e se jogando na divers\u00e3o.<br>Ou seja, <strong>Juju Bonita <\/strong>t\u00e1 em todas! Seja no <strong>Anhembi<\/strong>, na <strong>Sapuca\u00ed<\/strong>, nos camarotes ou nas ruas de <strong>Mau\u00e1<\/strong>, ela j\u00e1 provou que nasceu para o Carnaval. Ent\u00e3o, se voc\u00ea piscou, perdeu! Segue a <strong>Juju <\/strong>e vem pra folia!<\/p>\n\n\n\n<p>Acompanhe sempre a minha coluna #NaVibeComGiuCota &nbsp;na&nbsp;#ViMagazine&nbsp;para mais conte\u00fados exclusivos! para dicas exclusivas e entrevistas que fazem a diferen\u00e7a na sua vida!<\/p>\n\n\n\n<h1>#GiuCota #Podcast #PodCota #D\u00e1LheJujuBonita #Carnaval2025<\/h1>\n\n\n\n<p>Giu Cota <\/p>\n\n\n\n<p>Colunista Vi Magazine  <\/p>\n\n\n\n<p>\u201cNa Vibe com Giu Cota\u201d<\/p>\n","protected":false},"excerpt":{"rendered":"<p>Quem entrou na Vibe com Giu Cota, foi a querida Juju Bonita.Se tem algu\u00e9m que&#8230;<\/p>\n","protected":false},"author":37,"featured_media":0,"comment_status":"closed","ping_status":"open","sticky":false,"template":"","format":"standard","meta":{"om_disable_all_campaigns":false,"_monsterinsights_skip_tracking":false,"_monsterinsights_sitenote_active":false,"_monsterinsights_sitenote_note":"","_monsterinsights_sitenote_category":0,"spay_email":""},"categories":[1],"tags":[],"jetpack_featured_media_url":"","_links":{"self":[{"href":"https:\/\/vimagazine.com.br\/index.php?rest_route=\/wp\/v2\/posts\/17867"}],"collection":[{"href":"https:\/\/vimagazine.com.br\/index.php?rest_route=\/wp\/v2\/posts"}],"about":[{"href":"https:\/\/vimagazine.com.br\/index.php?rest_route=\/wp\/v2\/types\/post"}],"author":[{"embeddable":true,"href":"https:\/\/vimagazine.com.br\/index.php?rest_route=\/wp\/v2\/users\/37"}],"replies":[{"embeddable":true,"href":"https:\/\/vimagazine.com.br\/index.php?rest_route=%2Fwp%2Fv2%2Fcomments&post=17867"}],"version-history":[{"count":1,"href":"https:\/\/vimagazine.com.br\/index.php?rest_route=\/wp\/v2\/posts\/17867\/revisions"}],"predecessor-version":[{"id":17871,"href":"https:\/\/vimagazine.com.br\/index.php?rest_route=\/wp\/v2\/posts\/17867\/revisions\/17871"}],"wp:attachment":[{"href":"https:\/\/vimagazine.com.br\/index.php?rest_route=%2Fwp%2Fv2%2Fmedia&parent=17867"}],"wp:term":[{"taxonomy":"category","embeddable":true,"href":"https:\/\/vimagazine.com.br\/index.php?rest_route=%2Fwp%2Fv2%2Fcategories&post=17867"},{"taxonomy":"post_tag","embeddable":true,"href":"https:\/\/vimagazine.com.br\/index.php?rest_route=%2Fwp%2Fv2%2Ftags&post=17867"}],"curies":[{"name":"wp","href":"https:\/\/api.w.org\/{rel}","templated":true}]}}