{"id":17874,"date":"2025-03-03T16:07:38","date_gmt":"2025-03-03T19:07:38","guid":{"rendered":"https:\/\/vimagazine.com.br\/?p=17874"},"modified":"2025-03-04T20:31:40","modified_gmt":"2025-03-04T23:31:40","slug":"thiago-de-moraes-viaja-para-o-exterior-a-convite-de-um-grande-projeto-internacional","status":"publish","type":"post","link":"https:\/\/vimagazine.com.br\/?p=17874","title":{"rendered":"Thiago de Moraes viaja para o exterior a convite de um grande projeto internacional"},"content":{"rendered":"\n<p>Thiago de Moraes, ap\u00f3s o lan\u00e7amento de seu podcast &#8220;A Pauta&#8221;, embarcou em uma viagem internacional como convidado de um grande projeto. Al\u00e9m disso, o escritor, jornalista e \u00c2ncora do Podcast est\u00e1 aproveitando a oportunidade para visitar editoras interessadas em seus livros que est\u00e3o em produ\u00e7\u00e3o e futuros projetos culturais e sociais&nbsp;<\/p>\n\n\n\n<p>O convite foi para participar de um estudo internacional, em confer\u00eancia sobre sua \u00e1rea como cientista pol\u00edtico, com institui\u00e7\u00f5es de pesquisa estrangeiras.<\/p>\n\n\n\n<p>Ap\u00f3s o Carnaval, o podcast &#8220;A Pauta&#8221; promete trazer novidades com entrevistas de personalidades importantes que est\u00e3o agendadas pelos diversos assuntos que ser\u00e1 abordado por ele com novidades incr\u00edveis na \u00e1rea de cultura e entretenimento .<\/p>\n","protected":false},"excerpt":{"rendered":"<p>Thiago de Moraes, ap\u00f3s o lan\u00e7amento de seu podcast &#8220;A Pauta&#8221;, embarcou em uma viagem&#8230;<\/p>\n","protected":false},"author":19,"featured_media":17883,"comment_status":"closed","ping_status":"open","sticky":false,"template":"","format":"standard","meta":{"om_disable_all_campaigns":false,"_monsterinsights_skip_tracking":false,"_monsterinsights_sitenote_active":false,"_monsterinsights_sitenote_note":"","_monsterinsights_sitenote_category":0,"spay_email":""},"categories":[1],"tags":[],"jetpack_featured_media_url":"https:\/\/vimagazine.com.br\/wp-content\/uploads\/2025\/03\/Captura-de-tela-2025-03-04-202937.jpg","_links":{"self":[{"href":"https:\/\/vimagazine.com.br\/index.php?rest_route=\/wp\/v2\/posts\/17874"}],"collection":[{"href":"https:\/\/vimagazine.com.br\/index.php?rest_route=\/wp\/v2\/posts"}],"about":[{"href":"https:\/\/vimagazine.com.br\/index.php?rest_route=\/wp\/v2\/types\/post"}],"author":[{"embeddable":true,"href":"https:\/\/vimagazine.com.br\/index.php?rest_route=\/wp\/v2\/users\/19"}],"replies":[{"embeddable":true,"href":"https:\/\/vimagazine.com.br\/index.php?rest_route=%2Fwp%2Fv2%2Fcomments&post=17874"}],"version-history":[{"count":1,"href":"https:\/\/vimagazine.com.br\/index.php?rest_route=\/wp\/v2\/posts\/17874\/revisions"}],"predecessor-version":[{"id":17876,"href":"https:\/\/vimagazine.com.br\/index.php?rest_route=\/wp\/v2\/posts\/17874\/revisions\/17876"}],"wp:featuredmedia":[{"embeddable":true,"href":"https:\/\/vimagazine.com.br\/index.php?rest_route=\/wp\/v2\/media\/17883"}],"wp:attachment":[{"href":"https:\/\/vimagazine.com.br\/index.php?rest_route=%2Fwp%2Fv2%2Fmedia&parent=17874"}],"wp:term":[{"taxonomy":"category","embeddable":true,"href":"https:\/\/vimagazine.com.br\/index.php?rest_route=%2Fwp%2Fv2%2Fcategories&post=17874"},{"taxonomy":"post_tag","embeddable":true,"href":"https:\/\/vimagazine.com.br\/index.php?rest_route=%2Fwp%2Fv2%2Ftags&post=17874"}],"curies":[{"name":"wp","href":"https:\/\/api.w.org\/{rel}","templated":true}]}}