{"id":1789,"date":"2021-12-06T21:45:31","date_gmt":"2021-12-07T00:45:31","guid":{"rendered":"https:\/\/vimagazine.com.br\/?p=1789"},"modified":"2021-12-06T21:47:52","modified_gmt":"2021-12-07T00:47:52","slug":"papai-noel-chega-terca-feira-dia-7-no-spazio-sapore-em-joinville","status":"publish","type":"post","link":"https:\/\/vimagazine.com.br\/?p=1789","title":{"rendered":"Papai Noel chega ter\u00e7a-feira dia 7 no Spazio Sapore, em Joinville"},"content":{"rendered":"\n<p><em>O bom velhinho ir\u00e1 desembarcar na vila gastron\u00f4mica \u00e0s 21 horas<\/em><\/p>\n\n\n\n<p><strong>Joinville, SC, 6\/12\/2021<\/strong>\u00a0&#8211; O Papai Noel vai desembarcar no Spazio Sapore, a vila gastron\u00f4mica de Joinville, nesta ter\u00e7a-feira, dia 7, a partir das 21 horas. O bom velhinho circular\u00e1 pela pra\u00e7a de alimenta\u00e7\u00e3o e ter\u00e1 um local exclusivo para recepcionar as crian\u00e7as e adultos que se encantam com a magia do Natal.\u00a0 <\/p>\n\n\n\n<p>Al\u00e9m de fazer a alegria dos pequenos, distribuir balas e guloseimas, o Papai Noel vir\u00e1 conferir, e provar, as comidas t\u00edpicas da regi\u00e3o Norte de Santa Catarina e a ilumina\u00e7\u00e3o natalina, inspirada na \u201cCidade das Bicicletas\u201d.\u00a0 Esta decora\u00e7\u00e3o foi pensada para recriar, \u00e0s cores e formas do imagin\u00e1rio que permeia o t\u00edtulo de \u201cCidade das Bicicletas\u201d, com aros trabalhados lembrando as tradicionais guirlandas e bicicletas decoradas e iluminadas.\u00a0 <\/p>\n\n\n\n<p>O Spazio Sapore \u00e9 pet friendly. Animais de estima\u00e7\u00e3o s\u00e3o bem-vindos para aproveitarem essa ocasi\u00e3o com a sua fam\u00edlia humana. O Spazio Sapore, est\u00e1 localizado na rua Itai\u00f3polis, 622, bairro Sagua\u00e7u, disp\u00f5e de estacionamento gratuito e brinquedoteca. S\u00e3o mais de 14 alternativas gastron\u00f4micas diferenciadas com op\u00e7\u00f5es para toda a fam\u00edlia. Mais informa\u00e7\u00f5es no Instagram @spazio.sapore ou WhatsApp 47 98835-1101.<\/p>\n\n\n\n<p>Fonte: Cristiano Maia<\/p>\n\n\n\n<p>Foto: Divulga\u00e7\u00e3o <\/p>\n\n\n\n<p><\/p>\n","protected":false},"excerpt":{"rendered":"<p>O bom velhinho ir\u00e1 desembarcar na vila gastron\u00f4mica \u00e0s 21 horas Joinville, SC, 6\/12\/2021\u00a0&#8211; O&#8230;<\/p>\n","protected":false},"author":3,"featured_media":1790,"comment_status":"closed","ping_status":"open","sticky":false,"template":"","format":"standard","meta":{"om_disable_all_campaigns":false,"_monsterinsights_skip_tracking":false,"_monsterinsights_sitenote_active":false,"_monsterinsights_sitenote_note":"","_monsterinsights_sitenote_category":0,"spay_email":""},"categories":[1],"tags":[],"jetpack_featured_media_url":"https:\/\/vimagazine.com.br\/wp-content\/uploads\/2021\/12\/4e95e717-5804-4c2f-ad11-778ee5dd94ac-e1638837717596.jpg","_links":{"self":[{"href":"https:\/\/vimagazine.com.br\/index.php?rest_route=\/wp\/v2\/posts\/1789"}],"collection":[{"href":"https:\/\/vimagazine.com.br\/index.php?rest_route=\/wp\/v2\/posts"}],"about":[{"href":"https:\/\/vimagazine.com.br\/index.php?rest_route=\/wp\/v2\/types\/post"}],"author":[{"embeddable":true,"href":"https:\/\/vimagazine.com.br\/index.php?rest_route=\/wp\/v2\/users\/3"}],"replies":[{"embeddable":true,"href":"https:\/\/vimagazine.com.br\/index.php?rest_route=%2Fwp%2Fv2%2Fcomments&post=1789"}],"version-history":[{"count":1,"href":"https:\/\/vimagazine.com.br\/index.php?rest_route=\/wp\/v2\/posts\/1789\/revisions"}],"predecessor-version":[{"id":1791,"href":"https:\/\/vimagazine.com.br\/index.php?rest_route=\/wp\/v2\/posts\/1789\/revisions\/1791"}],"wp:featuredmedia":[{"embeddable":true,"href":"https:\/\/vimagazine.com.br\/index.php?rest_route=\/wp\/v2\/media\/1790"}],"wp:attachment":[{"href":"https:\/\/vimagazine.com.br\/index.php?rest_route=%2Fwp%2Fv2%2Fmedia&parent=1789"}],"wp:term":[{"taxonomy":"category","embeddable":true,"href":"https:\/\/vimagazine.com.br\/index.php?rest_route=%2Fwp%2Fv2%2Fcategories&post=1789"},{"taxonomy":"post_tag","embeddable":true,"href":"https:\/\/vimagazine.com.br\/index.php?rest_route=%2Fwp%2Fv2%2Ftags&post=1789"}],"curies":[{"name":"wp","href":"https:\/\/api.w.org\/{rel}","templated":true}]}}