{"id":17906,"date":"2025-03-07T14:38:49","date_gmt":"2025-03-07T17:38:49","guid":{"rendered":"https:\/\/vimagazine.com.br\/?p=17906"},"modified":"2025-03-07T14:39:23","modified_gmt":"2025-03-07T17:39:23","slug":"vi-magazine-agora-com-coluna-literaria-confira","status":"publish","type":"post","link":"https:\/\/vimagazine.com.br\/?p=17906","title":{"rendered":"Vi MAGAZINE agora com Coluna Liter\u00e1ria. CONFIRA!"},"content":{"rendered":"\n<p>A partir de agora, a Vi MAGAZINE tem o prazer de anunciar sua nova coluna Liter\u00e1ria, dedicada a explorar o universo das palavras, hist\u00f3rias e reflex\u00f5es. Aqui, voc\u00ea encontrar\u00e1 artigos, resenhas e conte\u00fados especiais sobre literatura, com um olhar atento e apaixonado pela arte de contar hist\u00f3rias. Prepare-se para mergulhar em um mundo de inspira\u00e7\u00f5es e descobertas liter\u00e1rias!<\/p>\n\n\n\n<p><em><strong>Confira as indica\u00e7\u00f5es desta edi\u00e7\u00e3o para colocar a leitura em dia<\/strong><\/em>.<\/p>\n\n\n\n<p><\/p>\n\n\n\n<p><\/p>\n\n\n\n<p class=\"has-medium-font-size\"><strong>Bzzz! O livro das onomatopeias<\/strong><\/p>\n\n\n\n<figure class=\"wp-block-image size-large is-resized\"><img src=\"https:\/\/vimagazine.com.br\/wp-content\/uploads\/2025\/03\/bzz-livro-das-onomatopeias-1024x1024.jpg\" alt=\"\" class=\"wp-image-17898\" width=\"256\" height=\"256\" srcset=\"https:\/\/vimagazine.com.br\/wp-content\/uploads\/2025\/03\/bzz-livro-das-onomatopeias-1024x1025.jpg 1024w, https:\/\/vimagazine.com.br\/wp-content\/uploads\/2025\/03\/bzz-livro-das-onomatopeias-300x300.jpg 300w, https:\/\/vimagazine.com.br\/wp-content\/uploads\/2025\/03\/bzz-livro-das-onomatopeias-150x150.jpg 150w, https:\/\/vimagazine.com.br\/wp-content\/uploads\/2025\/03\/bzz-livro-das-onomatopeias-768x769.jpg 768w, https:\/\/vimagazine.com.br\/wp-content\/uploads\/2025\/03\/bzz-livro-das-onomatopeias.jpg 1498w\" sizes=\"(max-width: 256px) 100vw, 256px\" \/><\/figure>\n\n\n\n<p>S\u00e3o tantos sons ao nosso redor! E eles podem ganhar vida em pequenas palavras. DIN-DON, atchim, vrum\u2026 Que crian\u00e7a n\u00e3o reconhece esses sons? Neste livro, Raul Marques e Elma nos convidam para uma pequena aventura pelas delicadezas do cotidiano de uma crian\u00e7a. E de uma abelha.<\/p>\n\n\n\n<p><strong>Autoria<\/strong>: Raul Marques e Elma Elma |&nbsp;<strong>Editora<\/strong>: Matrix |&nbsp;<strong>Onde encontrar<\/strong>:&nbsp;<a href=\"https:\/\/a.co\/d\/3VxgCQf\" target=\"_blank\" rel=\"noreferrer noopener\">Amazon<\/a><\/p>\n\n\n\n<p><\/p>\n\n\n\n<p><\/p>\n\n\n\n<p class=\"has-medium-font-size\"><strong>O ador\u00e1aaavel Jos\u00e9 Carlos<\/strong><\/p>\n\n\n\n<figure class=\"wp-block-image size-large is-resized\"><img src=\"https:\/\/vimagazine.com.br\/wp-content\/uploads\/2025\/03\/Capa-OAdoravelJoseCarlos-AnaCristinaZanette-703x1024.jpg\" alt=\"\" class=\"wp-image-17899\" width=\"176\" height=\"256\" srcset=\"https:\/\/vimagazine.com.br\/wp-content\/uploads\/2025\/03\/Capa-OAdoravelJoseCarlos-AnaCristinaZanette-703x1024.jpg 703w, https:\/\/vimagazine.com.br\/wp-content\/uploads\/2025\/03\/Capa-OAdoravelJoseCarlos-AnaCristinaZanette-206x300.jpg 206w, https:\/\/vimagazine.com.br\/wp-content\/uploads\/2025\/03\/Capa-OAdoravelJoseCarlos-AnaCristinaZanette-768x1118.jpg 768w, https:\/\/vimagazine.com.br\/wp-content\/uploads\/2025\/03\/Capa-OAdoravelJoseCarlos-AnaCristinaZanette-1055x1536.jpg 1055w, https:\/\/vimagazine.com.br\/wp-content\/uploads\/2025\/03\/Capa-OAdoravelJoseCarlos-AnaCristinaZanette-1024x1491.jpg 1024w, https:\/\/vimagazine.com.br\/wp-content\/uploads\/2025\/03\/Capa-OAdoravelJoseCarlos-AnaCristinaZanette.jpg 1319w\" sizes=\"(max-width: 176px) 100vw, 176px\" \/><\/figure>\n\n\n\n<p> <p>Neste livro infantojuvenil, Jos\u00e9 Carlos \u00e9 um garoto de 10 anos que decide ganhar dinheiro durante as f\u00e9rias, mas vai perceber como trabalhar n\u00e3o era t\u00e3o simples quanto imaginava. Com uma hist\u00f3ria sobre a import\u00e2ncia da responsabilidade e o amadurecimento na inf\u00e2ncia, a autora convida os leitores a explorarem o mundo cotidiano, repleto de alegrias, desafios e valiosos aprendizados.\u00a0<\/p>   <strong style=\"font-size: revert; color: initial;\">Autoria<\/strong><span style=\"font-size: revert; color: initial;\">: Ana Cristina Zanette |\u00a0<\/span><strong style=\"font-size: revert; color: initial;\">Onde encontrar<\/strong><span style=\"font-size: revert; color: initial;\">:\u00a0<\/span><a style=\"font-size: revert;\" href=\"https:\/\/a.co\/d\/hLxhjaB\" target=\"_blank\" rel=\"noreferrer noopener\">Amazon<\/a> <\/p>\n\n\n\n<p><\/p>\n\n\n\n<p class=\"has-medium-font-size\"><strong>O que voc\u00ea ainda n\u00e3o sabe sobre 1964<\/strong><\/p>\n\n\n\n<p><\/p>\n\n\n\n<figure class=\"wp-block-image size-large is-resized\"><img src=\"https:\/\/vimagazine.com.br\/wp-content\/uploads\/2025\/03\/sobre-1964-713x1024.jpg\" alt=\"\" class=\"wp-image-17900\" width=\"178\" height=\"256\" srcset=\"https:\/\/vimagazine.com.br\/wp-content\/uploads\/2025\/03\/sobre-1964-713x1024.jpg 713w, https:\/\/vimagazine.com.br\/wp-content\/uploads\/2025\/03\/sobre-1964-209x300.jpg 209w, https:\/\/vimagazine.com.br\/wp-content\/uploads\/2025\/03\/sobre-1964-768x1103.jpg 768w, https:\/\/vimagazine.com.br\/wp-content\/uploads\/2025\/03\/sobre-1964-1024x1471.jpg 1024w, https:\/\/vimagazine.com.br\/wp-content\/uploads\/2025\/03\/sobre-1964.jpg 1044w\" sizes=\"(max-width: 178px) 100vw, 178px\" \/><\/figure>\n\n\n\n<p> <span style=\"font-size: revert; color: initial;\">De onde surge o fen\u00f4meno da interven\u00e7\u00e3o militar? A amea\u00e7a comunista foi uma realidade ou mera constru\u00e7\u00e3o conspirat\u00f3ria? A luta armada de esquerda foi causa ou consequ\u00eancia do Regime Militar? E como esses eventos se conectam ao 8 de janeiro de 2023? Sem se esquivar das viol\u00eancias cometidas por ambos os lados, este livro reposiciona o ano de 1964 no contexto hist\u00f3rico da Guerra Fria, oferecendo uma an\u00e1lise fundamentada de suas ra\u00edzes e desdobramentos.\u00a0<\/span>   <p><strong>Autoria<\/strong>: Juan Bender |\u00a0<strong>Editora<\/strong>: Appris |\u00a0<strong>Onde encontrar<\/strong>:\u00a0<a href=\"https:\/\/a.co\/d\/aBsY99w\" target=\"_blank\" rel=\"noreferrer noopener\">Amazon<\/a><\/p><\/p>\n\n\n\n<p><\/p>\n\n\n\n<p> <\/p>\n\n\n\n<p class=\"has-medium-font-size\"><strong>A S\u00edndrome da Gueixa<\/strong><\/p>\n\n\n\n<figure class=\"wp-block-image size-large is-resized\"><img src=\"https:\/\/vimagazine.com.br\/wp-content\/uploads\/2025\/03\/Capa-ASindromedaGueixa-683x1024.jpg\" alt=\"\" class=\"wp-image-17901\" width=\"171\" height=\"256\" srcset=\"https:\/\/vimagazine.com.br\/wp-content\/uploads\/2025\/03\/Capa-ASindromedaGueixa-683x1024.jpg 683w, https:\/\/vimagazine.com.br\/wp-content\/uploads\/2025\/03\/Capa-ASindromedaGueixa-200x300.jpg 200w, https:\/\/vimagazine.com.br\/wp-content\/uploads\/2025\/03\/Capa-ASindromedaGueixa-768x1152.jpg 768w, https:\/\/vimagazine.com.br\/wp-content\/uploads\/2025\/03\/Capa-ASindromedaGueixa-1024x1536.jpg 1024w, https:\/\/vimagazine.com.br\/wp-content\/uploads\/2025\/03\/Capa-ASindromedaGueixa.jpg 1280w\" sizes=\"(max-width: 171px) 100vw, 171px\" \/><\/figure>\n\n\n\n<p> <span style=\"font-size: revert; color: initial;\">Ap\u00f3s anos de estudo, a psic\u00f3loga Luciana Leon percebeu um comportamento comum entre as pessoas, principalmente mulheres: o de abdicar das pr\u00f3prias vontades e sonhos para priorizar as necessidades do pr\u00f3ximo. Por isso, publicou este livro para incentivar o desenvolvimento pessoal e o contato com as verdadeiras motiva\u00e7\u00f5es atrav\u00e9s dos ensinamentos da psicologia, do yoga e do ayurveda.<\/span>   <p><strong>Autoria<\/strong>: Luciana Leon |\u00a0<strong>Onde encontrar<\/strong>:\u00a0<a href=\"https:\/\/a.co\/d\/7CLFVEx\" target=\"_blank\" rel=\"noreferrer noopener\">Amazon<\/a><\/p> <\/p>\n\n\n\n<p class=\"has-medium-font-size\"><strong>Educar com Mindfulness<\/strong><\/p>\n\n\n\n<figure class=\"wp-block-image size-full is-resized\"><img src=\"https:\/\/vimagazine.com.br\/wp-content\/uploads\/2025\/03\/Capa-Educar-com-Mindfulness.jpg\" alt=\"\" class=\"wp-image-17902\" width=\"153\" height=\"223\" srcset=\"https:\/\/vimagazine.com.br\/wp-content\/uploads\/2025\/03\/Capa-Educar-com-Mindfulness.jpg 305w, https:\/\/vimagazine.com.br\/wp-content\/uploads\/2025\/03\/Capa-Educar-com-Mindfulness-206x300.jpg 206w\" sizes=\"(max-width: 153px) 100vw, 153px\" \/><\/figure>\n\n\n\n<p><p>Mikaela (Mia) \u00d6v\u00e9n apresenta uma abordagem \u00fanica para pais e educadores que buscam uma conex\u00e3o mais profunda com as crian\u00e7as e consigo mesmos. Este livro oferece ferramentas pr\u00e1ticas e reflex\u00f5es poderosas para cultivar rela\u00e7\u00f5es baseadas em respeito, empatia e autenticidade. Com hist\u00f3rias reais, exerc\u00edcios de\u00a0<em>mindfulness\u00a0<\/em>e estrat\u00e9gias transformadoras, voc\u00ea descobrir\u00e1 como lidar com os desafios do dia a dia e promover o crescimento emocional saud\u00e1vel das crian\u00e7as \u2013 e o seu pr\u00f3prio.\u00a0<\/p> <strong style=\"font-size: revert; color: initial;\">Autora<\/strong><span style=\"font-size: revert; color: initial;\">: Mikaela \u00d6v\u00e9n |\u00a0<\/span><strong style=\"font-size: revert; color: initial;\">Editora<\/strong><span style=\"font-size: revert; color: initial;\">: Principis |\u00a0<\/span><strong style=\"font-size: revert; color: initial;\">Onde encontrar<\/strong><span style=\"font-size: revert; color: initial;\">:\u00a0<\/span><a style=\"font-size: revert;\" href=\"https:\/\/a.co\/d\/1fddCtF\" target=\"_blank\" rel=\"noreferrer noopener\">Amazon<\/a> <\/p>\n\n\n\n<p><\/p>\n\n\n\n<p><\/p>\n\n\n\n<p><\/p>\n\n\n\n<p><\/p>\n","protected":false},"excerpt":{"rendered":"<p>A partir de agora, a Vi MAGAZINE tem o prazer de anunciar sua nova coluna&#8230;<\/p>\n","protected":false},"author":1,"featured_media":17898,"comment_status":"closed","ping_status":"open","sticky":false,"template":"","format":"standard","meta":{"om_disable_all_campaigns":false,"_monsterinsights_skip_tracking":false,"_monsterinsights_sitenote_active":false,"_monsterinsights_sitenote_note":"","_monsterinsights_sitenote_category":0,"spay_email":""},"categories":[1],"tags":[],"jetpack_featured_media_url":"https:\/\/vimagazine.com.br\/wp-content\/uploads\/2025\/03\/bzz-livro-das-onomatopeias.jpg","_links":{"self":[{"href":"https:\/\/vimagazine.com.br\/index.php?rest_route=\/wp\/v2\/posts\/17906"}],"collection":[{"href":"https:\/\/vimagazine.com.br\/index.php?rest_route=\/wp\/v2\/posts"}],"about":[{"href":"https:\/\/vimagazine.com.br\/index.php?rest_route=\/wp\/v2\/types\/post"}],"author":[{"embeddable":true,"href":"https:\/\/vimagazine.com.br\/index.php?rest_route=\/wp\/v2\/users\/1"}],"replies":[{"embeddable":true,"href":"https:\/\/vimagazine.com.br\/index.php?rest_route=%2Fwp%2Fv2%2Fcomments&post=17906"}],"version-history":[{"count":2,"href":"https:\/\/vimagazine.com.br\/index.php?rest_route=\/wp\/v2\/posts\/17906\/revisions"}],"predecessor-version":[{"id":17908,"href":"https:\/\/vimagazine.com.br\/index.php?rest_route=\/wp\/v2\/posts\/17906\/revisions\/17908"}],"wp:featuredmedia":[{"embeddable":true,"href":"https:\/\/vimagazine.com.br\/index.php?rest_route=\/wp\/v2\/media\/17898"}],"wp:attachment":[{"href":"https:\/\/vimagazine.com.br\/index.php?rest_route=%2Fwp%2Fv2%2Fmedia&parent=17906"}],"wp:term":[{"taxonomy":"category","embeddable":true,"href":"https:\/\/vimagazine.com.br\/index.php?rest_route=%2Fwp%2Fv2%2Fcategories&post=17906"},{"taxonomy":"post_tag","embeddable":true,"href":"https:\/\/vimagazine.com.br\/index.php?rest_route=%2Fwp%2Fv2%2Ftags&post=17906"}],"curies":[{"name":"wp","href":"https:\/\/api.w.org\/{rel}","templated":true}]}}