{"id":17919,"date":"2025-03-09T18:11:24","date_gmt":"2025-03-09T21:11:24","guid":{"rendered":"https:\/\/vimagazine.com.br\/?p=17919"},"modified":"2025-03-09T18:47:57","modified_gmt":"2025-03-09T21:47:57","slug":"empresario-fabio-borri-fala-sobre-seus-projetos-sociais-no-programa-calibre-da-tv-interior%ef%bf%bc","status":"publish","type":"post","link":"https:\/\/vimagazine.com.br\/?p=17919","title":{"rendered":"Empres\u00e1rio F\u00e1bio Borri fala sobre seus projetos sociais no programa Calibre da TV Interior"},"content":{"rendered":"\n<p>O empres\u00e1rio F\u00e1bio Borri foi o convidado do programa Calibre, exibido pela TV Interior nesta quinta-feira (06). A atra\u00e7\u00e3o \u00e9 comandada pelo apresentador Danilo Bueno.<\/p>\n\n\n\n<p>No programa, F\u00e1bio falou sobre seus diversos projetos sociais que v\u00eam fazendo a diferen\u00e7a. O empres\u00e1rio contou que o pontap\u00e9 inicial foi a partir do momento que teve uma perda familiar :\u201dDecidi agradecer a Deus pelas b\u00ean\u00e7\u00e3os que recebo e fazer esses projetos foi uma forma de agradecimento por tudo que tenho\u201d.<\/p>\n\n\n\n<p>Entre os in\u00fameros projetos desenvolvidos por ele est\u00e1 o Cavalgando com Amor, que sede para crian\u00e7as que t\u00eam necessidades de realizar equoterapia sess\u00f5es totalmente gratuitas. F\u00e1bio sempre teve uma paix\u00e3o por cavalos, da\u00ed veio a ideia de desenvolver esse projeto, que atualmente beneficia in\u00fameras crian\u00e7as.<\/p>\n\n\n\n<p>Outra a\u00e7\u00e3o social desenvolvida por ele, \u00e9 o patroc\u00ednio de uma Escola de Futebol dos Santos da cidade de Amparo, interior de S\u00e3o Paulo.<\/p>\n\n\n\n<p>F\u00e1bio Borri \u00e9 formado em direito, j\u00e1 foi professor universit\u00e1rio e passa todo o conhecimento adquirido desenvolvendo palestras, que s\u00e3o totalmente gratuitas e sem fins lucrativos.<\/p>\n\n\n\n<p>Desenvolve palestras sobre TEA e a empregabilidade de neuroatipicos, por\u00e9m pode adequar o tema de acordo com a necessidade do local onde vai palestrar.<\/p>\n\n\n\n<p>E os projetos n\u00e3o param por a\u00ed, o empres\u00e1rio revelou durante a entrevista que em breve novos projetos vir\u00e3o.<\/p>\n\n\n\n<p>Siga F\u00e1bio Borri no Instagram:&nbsp;<a rel=\"noreferrer noopener\" target=\"_blank\" href=\"https:\/\/www.instagram.com\/dr_fabioborri?igsh=YzJ3N2xlbmh1YXhr\">https:\/\/www.instagram.com\/dr_fabioborri?igsh=YzJ3N2xlbmh1YXhr<\/a><\/p>\n\n\n\n<p>Clique no v\u00eddeo abaixo e assista a entrevista na \u00edntegra:<\/p>\n","protected":false},"excerpt":{"rendered":"<p>O empres\u00e1rio F\u00e1bio Borri foi o convidado do programa Calibre, exibido pela TV Interior nesta&#8230;<\/p>\n","protected":false},"author":19,"featured_media":17920,"comment_status":"closed","ping_status":"open","sticky":false,"template":"","format":"standard","meta":{"om_disable_all_campaigns":false,"_monsterinsights_skip_tracking":false,"_monsterinsights_sitenote_active":false,"_monsterinsights_sitenote_note":"","_monsterinsights_sitenote_category":0,"spay_email":""},"categories":[1],"tags":[],"jetpack_featured_media_url":"https:\/\/vimagazine.com.br\/wp-content\/uploads\/2025\/03\/IMG_20250306_172443_1200_x_700_pixel-1.jpg","_links":{"self":[{"href":"https:\/\/vimagazine.com.br\/index.php?rest_route=\/wp\/v2\/posts\/17919"}],"collection":[{"href":"https:\/\/vimagazine.com.br\/index.php?rest_route=\/wp\/v2\/posts"}],"about":[{"href":"https:\/\/vimagazine.com.br\/index.php?rest_route=\/wp\/v2\/types\/post"}],"author":[{"embeddable":true,"href":"https:\/\/vimagazine.com.br\/index.php?rest_route=\/wp\/v2\/users\/19"}],"replies":[{"embeddable":true,"href":"https:\/\/vimagazine.com.br\/index.php?rest_route=%2Fwp%2Fv2%2Fcomments&post=17919"}],"version-history":[{"count":2,"href":"https:\/\/vimagazine.com.br\/index.php?rest_route=\/wp\/v2\/posts\/17919\/revisions"}],"predecessor-version":[{"id":17925,"href":"https:\/\/vimagazine.com.br\/index.php?rest_route=\/wp\/v2\/posts\/17919\/revisions\/17925"}],"wp:featuredmedia":[{"embeddable":true,"href":"https:\/\/vimagazine.com.br\/index.php?rest_route=\/wp\/v2\/media\/17920"}],"wp:attachment":[{"href":"https:\/\/vimagazine.com.br\/index.php?rest_route=%2Fwp%2Fv2%2Fmedia&parent=17919"}],"wp:term":[{"taxonomy":"category","embeddable":true,"href":"https:\/\/vimagazine.com.br\/index.php?rest_route=%2Fwp%2Fv2%2Fcategories&post=17919"},{"taxonomy":"post_tag","embeddable":true,"href":"https:\/\/vimagazine.com.br\/index.php?rest_route=%2Fwp%2Fv2%2Ftags&post=17919"}],"curies":[{"name":"wp","href":"https:\/\/api.w.org\/{rel}","templated":true}]}}