{"id":1792,"date":"2021-12-07T07:21:41","date_gmt":"2021-12-07T10:21:41","guid":{"rendered":"https:\/\/vimagazine.com.br\/?p=1792"},"modified":"2021-12-07T07:27:18","modified_gmt":"2021-12-07T10:27:18","slug":"ts-realiza-mais-um-evento-de-charme-e-glamour","status":"publish","type":"post","link":"https:\/\/vimagazine.com.br\/?p=1792","title":{"rendered":"TS realiza mais um evento de charme e glamour"},"content":{"rendered":"\n<p class=\"has-text-align-center\">O evento idealizado pela Colunista Social, Jornalista, CEO da Top Society e Diretora Nacional de Eventos da Federa\u00e7\u00e3o Brasileira de Jornalistas e Colunistas Sociais (Febraccos) Karla Cruz em parceria com o empres\u00e1rio C\u00e1dio Rissoto, propriet\u00e1rio da Todeschini Lages, foi um sucesso!<\/p>\n\n\n\n<p class=\"has-text-align-center\">O Lan\u00e7amento da 45\u00aa Edi\u00e7\u00e3o da Revista Top Society ocorreu no dia dia 27 de novembro, em uma tarde repleta de surpresas, com desfiles de lojas conceituadas da Serra e Litoral Catarinense &#8211; Jorge Bischoff Lages, Andrea Materia e San Esteban Lages; sorteio de Colora\u00e7\u00e3o de Imagem da Consultora de Imagem Simone Machado de Oliveira de Balne\u00e1rio Cambori\u00fa; degusta\u00e7\u00e3o de panetones da Cacau Show; degusta\u00e7\u00e3o de vinhos da Vin\u00edcola Valduga do Rio Grande do Sul; degusta\u00e7\u00e3o de espumante e vinho branco da Casa do Vinho Lages.<\/p>\n\n\n\n<figure class=\"wp-block-image size-large\"><img width=\"1024\" height=\"682\" src=\"https:\/\/vimagazine.com.br\/wp-content\/uploads\/2021\/12\/935cfbec-76af-4655-8838-1e649eab5a7e-1024x682.jpg\" alt=\"\" class=\"wp-image-1794\" srcset=\"https:\/\/vimagazine.com.br\/wp-content\/uploads\/2021\/12\/935cfbec-76af-4655-8838-1e649eab5a7e-1024x682.jpg 1024w, https:\/\/vimagazine.com.br\/wp-content\/uploads\/2021\/12\/935cfbec-76af-4655-8838-1e649eab5a7e-300x200.jpg 300w, https:\/\/vimagazine.com.br\/wp-content\/uploads\/2021\/12\/935cfbec-76af-4655-8838-1e649eab5a7e-768x512.jpg 768w, https:\/\/vimagazine.com.br\/wp-content\/uploads\/2021\/12\/935cfbec-76af-4655-8838-1e649eab5a7e.jpg 1280w\" sizes=\"(max-width: 1024px) 100vw, 1024px\" \/><\/figure>\n\n\n\n<p class=\"has-text-align-center\">\u201cEstamos na 45\u00aa edi\u00e7\u00e3o da revista Top Society, estou feliz e realizada em concretizar mais um lan\u00e7amento de sucesso junto aos amigos, colegas de trabalho e parceiros incr\u00edveis que acreditam no meu trabalho!\u201d, comenta A CEO da TS Karla Cruz.<\/p>\n\n\n\n<p class=\"has-text-align-center\">A capa da 45\u00aa edi\u00e7\u00e3o da revista TS \u00e9 a bela dupla, Tatiane de Liz e Paula Gracietti, s\u00e3o elas que est\u00e3o revolucionando o mercado da est\u00e9tica com as melhores tecnologias do mundo em nossa cidade.<\/p>\n\n\n\n<p class=\"has-text-align-center\">\u201cAs mat\u00e9rias e os eventos da revista s\u00e3o focados nas novidades do que h\u00e1 por a\u00ed, a cada edi\u00e7\u00e3o lan\u00e7ada o cora\u00e7\u00e3o bate mais forte com o retorno positivo do nosso p\u00fablico ascendente. Entendemos o colunismo social como oportunidade de divulga\u00e7\u00e3o real do que as pessoas s\u00e3o, fazem de novo ou de forma diferente. Trouxemos essa linha para a TS e deu certo!\u201d, afirma a editora da revista Luciana Amarante.<\/p>\n\n\n\n<p class=\"has-text-align-center\">O desfile de cal\u00e7ados da Jorge Bischoff Lages e Andrea Materia \u2013 roupa de couro e acess\u00f3rios para pets foi um dos destaques da festa. Outro momento incr\u00edvel deste Sunset foi o desfile da loja San Esteban Lages, uma franquia de moda equestre, que veste mulheres que transitam entre o campo e a cidade, proporcionando conforto e estilo. O r\u00fastico na medida certa do sofisticado. Al\u00e9m da Griffe, tamb\u00e9m associa marcas consagradas no mercado da moda como a marca Regina Salom\u00e3o. Neste desfile, <strong>Modelos exclusivos da <\/strong>VM Casting Rio.<\/p>\n\n\n\n<p class=\"has-text-align-center\">A participa\u00e7\u00e3o das Madrinhas abrilhantou o Sunset com muita eleg\u00e2ncia, alegria e descontra\u00e7\u00e3o. As belas foram agraciadas por Karla Cruz com o mimo: Trof\u00e9u Madrinha Top Society e mimo Cacau Show<\/p>\n\n\n\n<p><\/p>\n\n\n\n<p><\/p>\n\n\n\n<figure class=\"wp-block-image size-large\"><img width=\"1024\" height=\"682\" src=\"https:\/\/vimagazine.com.br\/wp-content\/uploads\/2021\/12\/2eb00e1f-fb36-4315-9ca6-c3d203eb224a-1024x682.jpg\" alt=\"\" class=\"wp-image-1798\" srcset=\"https:\/\/vimagazine.com.br\/wp-content\/uploads\/2021\/12\/2eb00e1f-fb36-4315-9ca6-c3d203eb224a-1024x682.jpg 1024w, https:\/\/vimagazine.com.br\/wp-content\/uploads\/2021\/12\/2eb00e1f-fb36-4315-9ca6-c3d203eb224a-300x200.jpg 300w, https:\/\/vimagazine.com.br\/wp-content\/uploads\/2021\/12\/2eb00e1f-fb36-4315-9ca6-c3d203eb224a-768x512.jpg 768w, https:\/\/vimagazine.com.br\/wp-content\/uploads\/2021\/12\/2eb00e1f-fb36-4315-9ca6-c3d203eb224a.jpg 1280w\" sizes=\"(max-width: 1024px) 100vw, 1024px\" \/><\/figure>\n\n\n\n<p class=\"has-text-align-center\">Na foto oficial das Madrinhas est\u00e3o: Angela Guedes, colunista social \u2013 Balne\u00e1rio Cambori\u00fa | Ana Carolina Demeneck, empres\u00e1ria \u2013 Lages | Daiane de Oliveira, Designer de Interiores \u2013 Lages | Daiane de Souza Kraemer, empres\u00e1ria \u2013 Lages | Ivia Quintana de Souza, Ortopedista \u2013 Lages | Jussara Rissoto, empres\u00e1ria \u2013 Lages | Larissa Simas Fachin, Ematologista e Emoterapeuta \u2013 Lages | Laurethe Ribeiro, psic\u00f3loga \u2013 Balne\u00e1rio Cambori\u00fa | Maria do Carmo Manica, Alergologista \u2013 Lages | Marcia Dalmina, Advogada \u2013 Lages | Mirvana Andress, Ceo da L\u00edbere Fashion \u2013 Balne\u00e1rio Cambori\u00fa.<\/p>\n\n\n\n<p class=\"has-text-align-center\"><strong>Amigos da imprensa presentes no evento da TS<\/strong> Os amigos da imprensa e o empres\u00e1rio C\u00e1dio Rissoto foram agraciados com um mimo pra l\u00e1 de especial, Vinho Castillo Dell Lago Carbenet Sauvignon Premium, do Brasil Atacadista que est\u00e1 chegando em Lages no pr\u00f3ximo dia 2 de dezembro, situando-se ao lado do Garden Shopping. A cidade e a regi\u00e3o ser\u00e3o beneficiadas com os diferenciais da nova unidade, que une as compras de atacado e varejo, com produtos de todas as grandes<\/p>\n\n\n\n<figure class=\"wp-block-image size-large\"><img width=\"1024\" height=\"682\" src=\"https:\/\/vimagazine.com.br\/wp-content\/uploads\/2021\/12\/81ee8fef-7750-43f7-aac7-c1cd98bd6ed3-1024x682.jpg\" alt=\"\" class=\"wp-image-1795\" srcset=\"https:\/\/vimagazine.com.br\/wp-content\/uploads\/2021\/12\/81ee8fef-7750-43f7-aac7-c1cd98bd6ed3-1024x682.jpg 1024w, https:\/\/vimagazine.com.br\/wp-content\/uploads\/2021\/12\/81ee8fef-7750-43f7-aac7-c1cd98bd6ed3-300x200.jpg 300w, https:\/\/vimagazine.com.br\/wp-content\/uploads\/2021\/12\/81ee8fef-7750-43f7-aac7-c1cd98bd6ed3-768x512.jpg 768w, https:\/\/vimagazine.com.br\/wp-content\/uploads\/2021\/12\/81ee8fef-7750-43f7-aac7-c1cd98bd6ed3.jpg 1280w\" sizes=\"(max-width: 1024px) 100vw, 1024px\" \/><\/figure>\n\n\n\n<p class=\"has-text-align-center\">Na foto, os amigos da imprensa que prestigiaram a TS: a Editora-Chefe do Jornal Folha da Serra Claudia Pav\u00e3o \u2013 Lages | a Apresentadora do Oh de casa! Bia Melo \u2013 Lages | a Jornalista e Radialista Debora Bomb\u00edlio \u2013 Lages | o Assessor de Impressa Paulo Chagas \u2013 Lages | o Fot\u00f3grafo Oficial da Federa\u00e7\u00e3o Brasileira de Colunistas Sociais (Febraccos) e Colunista da Revista TS Carlos Alves&nbsp; \u2013 &nbsp;Gravatal | a Colunista Social Angela Guedes \u2013 Balne\u00e1rio Cambori\u00fa | o Jornalista, Apresentador, Escritor e Colunista da Revista TS e Vice-diretor de Eventos da Federa\u00e7\u00e3o Brasileira de Jornalistas (Febraccos) e Colunista Social &nbsp;Gustavo Siqueira \u2013 Blumenau | o Vice-presidente Nacional da Federa\u00e7\u00e3o Brasileira de Colunistas Sociais (Febraccos), Colunista Social Fernando Fischer \u2013 Itaja\u00ed.<\/p>\n\n\n\n<p class=\"has-text-align-center\"><strong>Agradecimentos especiais: <\/strong>Jardins Todeschini Lages | L\u00e9ia Sal\u00e3o | Cacau Show |Brasil Atacadista | Marilu Decora\u00e7\u00e3o e Eventos | Fot\u00f3grafo Carlos Alves | DJ Alaor |Fazenda Boqueir\u00e3o | Hotel Zago | Ka Kombucha | Casa do Vinho Lages | Federa\u00e7\u00e3o Brasileira de Jornalistas e Colunistas Sociais do Brasil (Febraccos) | Jorge Bischoff Lages | Andrea Materia | San Esteban Lages | VM Casting Rio | Afetiva Flores.<\/p>\n\n\n\n<p class=\"has-text-align-center\"><\/p>\n\n\n\n<figure class=\"wp-block-image size-large\"><img width=\"1024\" height=\"682\" src=\"https:\/\/vimagazine.com.br\/wp-content\/uploads\/2021\/12\/9ba18f5d-3242-4b62-83c2-3853db3129ea-1024x682.jpg\" alt=\"\" class=\"wp-image-1796\" srcset=\"https:\/\/vimagazine.com.br\/wp-content\/uploads\/2021\/12\/9ba18f5d-3242-4b62-83c2-3853db3129ea-1024x682.jpg 1024w, https:\/\/vimagazine.com.br\/wp-content\/uploads\/2021\/12\/9ba18f5d-3242-4b62-83c2-3853db3129ea-300x200.jpg 300w, https:\/\/vimagazine.com.br\/wp-content\/uploads\/2021\/12\/9ba18f5d-3242-4b62-83c2-3853db3129ea-768x512.jpg 768w, https:\/\/vimagazine.com.br\/wp-content\/uploads\/2021\/12\/9ba18f5d-3242-4b62-83c2-3853db3129ea.jpg 1280w\" sizes=\"(max-width: 1024px) 100vw, 1024px\" \/><\/figure>\n\n\n\n<p class=\"has-text-align-center\">A cobertura deste evento estar\u00e1 nos canais de TV \u2013 TV Chanel, TV Lithoral News, TV Urban Brasil, You To Be, TV Top Society e redes sociais da TS.<\/p>\n\n\n\n<p class=\"has-text-align-center\">A organiza\u00e7\u00e3o do espa\u00e7o para o Sunset TS nos Jardins Todeschini teve o apoio de Marilu Decora\u00e7\u00e3o e Eventos e da Designer de Interiores Daiane de Oliveira!<\/p>\n\n\n\n<p class=\"has-text-align-center\">Fotos: Carlos Alves.<\/p>\n\n\n\n<p class=\"has-text-align-center\">Equipe TS<\/p>\n\n\n\n<figure class=\"wp-block-image size-large\"><img width=\"1024\" height=\"682\" src=\"https:\/\/vimagazine.com.br\/wp-content\/uploads\/2021\/12\/46273c05-ec54-47aa-9375-fc20e150d131-1024x682.jpg\" alt=\"\" class=\"wp-image-1797\" srcset=\"https:\/\/vimagazine.com.br\/wp-content\/uploads\/2021\/12\/46273c05-ec54-47aa-9375-fc20e150d131-1024x682.jpg 1024w, https:\/\/vimagazine.com.br\/wp-content\/uploads\/2021\/12\/46273c05-ec54-47aa-9375-fc20e150d131-300x200.jpg 300w, https:\/\/vimagazine.com.br\/wp-content\/uploads\/2021\/12\/46273c05-ec54-47aa-9375-fc20e150d131-768x512.jpg 768w, https:\/\/vimagazine.com.br\/wp-content\/uploads\/2021\/12\/46273c05-ec54-47aa-9375-fc20e150d131.jpg 1280w\" sizes=\"(max-width: 1024px) 100vw, 1024px\" \/><\/figure>\n","protected":false},"excerpt":{"rendered":"<p>O evento idealizado pela Colunista Social, Jornalista, CEO da Top Society e Diretora Nacional de&#8230;<\/p>\n","protected":false},"author":3,"featured_media":1793,"comment_status":"closed","ping_status":"open","sticky":false,"template":"","format":"standard","meta":{"om_disable_all_campaigns":false,"_monsterinsights_skip_tracking":false,"_monsterinsights_sitenote_active":false,"_monsterinsights_sitenote_note":"","_monsterinsights_sitenote_category":0,"spay_email":""},"categories":[1],"tags":[],"jetpack_featured_media_url":"https:\/\/vimagazine.com.br\/wp-content\/uploads\/2021\/12\/9ad51ab0-5469-4a33-adf6-1974babd77ab-e1638872098979.jpg","_links":{"self":[{"href":"https:\/\/vimagazine.com.br\/index.php?rest_route=\/wp\/v2\/posts\/1792"}],"collection":[{"href":"https:\/\/vimagazine.com.br\/index.php?rest_route=\/wp\/v2\/posts"}],"about":[{"href":"https:\/\/vimagazine.com.br\/index.php?rest_route=\/wp\/v2\/types\/post"}],"author":[{"embeddable":true,"href":"https:\/\/vimagazine.com.br\/index.php?rest_route=\/wp\/v2\/users\/3"}],"replies":[{"embeddable":true,"href":"https:\/\/vimagazine.com.br\/index.php?rest_route=%2Fwp%2Fv2%2Fcomments&post=1792"}],"version-history":[{"count":2,"href":"https:\/\/vimagazine.com.br\/index.php?rest_route=\/wp\/v2\/posts\/1792\/revisions"}],"predecessor-version":[{"id":1801,"href":"https:\/\/vimagazine.com.br\/index.php?rest_route=\/wp\/v2\/posts\/1792\/revisions\/1801"}],"wp:featuredmedia":[{"embeddable":true,"href":"https:\/\/vimagazine.com.br\/index.php?rest_route=\/wp\/v2\/media\/1793"}],"wp:attachment":[{"href":"https:\/\/vimagazine.com.br\/index.php?rest_route=%2Fwp%2Fv2%2Fmedia&parent=1792"}],"wp:term":[{"taxonomy":"category","embeddable":true,"href":"https:\/\/vimagazine.com.br\/index.php?rest_route=%2Fwp%2Fv2%2Fcategories&post=1792"},{"taxonomy":"post_tag","embeddable":true,"href":"https:\/\/vimagazine.com.br\/index.php?rest_route=%2Fwp%2Fv2%2Ftags&post=1792"}],"curies":[{"name":"wp","href":"https:\/\/api.w.org\/{rel}","templated":true}]}}