{"id":17957,"date":"2025-03-11T17:33:34","date_gmt":"2025-03-11T20:33:34","guid":{"rendered":"https:\/\/vimagazine.com.br\/?p=17957"},"modified":"2025-03-11T17:33:36","modified_gmt":"2025-03-11T20:33:36","slug":"premio-acmp-de-jornalismo-valoriza-o-papel-da-imprensa-e-premiara-em-ate-r-45-mil-vencedores-de-cada-categoria","status":"publish","type":"post","link":"https:\/\/vimagazine.com.br\/?p=17957","title":{"rendered":"Pr\u00eamio ACMP de Jornalismo valoriza o papel da imprensa e premiar\u00e1 em at\u00e9 R$ 4,5 mil vencedores de cada categoria"},"content":{"rendered":"\n<p><em>Pr\u00eamio aposta no jornalismo como ponte entre o MP e os interesses da sociedade catarinense<\/em><\/p>\n\n\n\n<p>A segunda edi\u00e7\u00e3o do Pr\u00eamio ACMP de Jornalismo, lan\u00e7ado pela Associa\u00e7\u00e3o Catarinense do Minist\u00e9rio P\u00fablico, abre mais uma importante janela para reconhecer o trabalho da imprensa catarinense. <\/p>\n\n\n\n<p>A iniciativa, que tamb\u00e9m conta com o apoio do Minist\u00e9rio P\u00fablico de Santa Catarina (MPSC), traz como novidade neste ano a cria\u00e7\u00e3o da categoria Jornalismo Universit\u00e1rio, justamente num momento em que o debate sobre o valor do jornalismo profissional volta \u00e0 tona.<\/p>\n\n\n\n<p>Com pr\u00eamios que chegam a R$ 4.500, a premia\u00e7\u00e3o busca destacar reportagens que mostrem o papel do Minist\u00e9rio P\u00fablico como agente de transforma\u00e7\u00e3o social \u2014 algo essencial num cen\u00e1rio em que o MP est\u00e1 cada vez mais presente em pautas de interesse p\u00fablico, da defesa dos direitos coletivos ao enfrentamento de injusti\u00e7as locais.<\/p>\n\n\n\n<p>As inscri\u00e7\u00f5es ficam abertas at\u00e9 o dia 17 de abril e podem ser feitas diretamente no site da ACMP. A cerim\u00f4nia de premia\u00e7\u00e3o est\u00e1 marcada para 7 de maio, em Florian\u00f3polis. <\/p>\n\n\n\n<p>Mais do que premiar, o Pr\u00eamio ACMP refor\u00e7a a necessidade de dar visibilidade a reportagens que ajudam a aproximar o MP da sociedade. Informa\u00e7\u00f5es completas em:<a href=\"http:\/\/www.acmp.com.br\/\" target=\"_blank\" rel=\"noreferrer noopener\">\u00a0www.acmp.com.br<\/a><\/p>\n\n\n\n<p><strong>Jade Luckner<\/strong><\/p>\n\n\n\n<p><strong>Atendimento &#8211; Assessoria de Imprensa<\/strong><strong>&nbsp;<\/strong><\/p>\n\n\n\n<p><strong>Primeira Via Comunica\u00e7\u00e3o Integrada<\/strong><\/p>\n","protected":false},"excerpt":{"rendered":"<p>Pr\u00eamio aposta no jornalismo como ponte entre o MP e os interesses da sociedade catarinense&#8230;<\/p>\n","protected":false},"author":3,"featured_media":17958,"comment_status":"closed","ping_status":"open","sticky":false,"template":"","format":"standard","meta":{"om_disable_all_campaigns":false,"_monsterinsights_skip_tracking":false,"_monsterinsights_sitenote_active":false,"_monsterinsights_sitenote_note":"","_monsterinsights_sitenote_category":0,"spay_email":""},"categories":[1],"tags":[],"jetpack_featured_media_url":"https:\/\/vimagazine.com.br\/wp-content\/uploads\/2025\/03\/53688533545_cd56eb696d_k-1-e1741725134259.jpg","_links":{"self":[{"href":"https:\/\/vimagazine.com.br\/index.php?rest_route=\/wp\/v2\/posts\/17957"}],"collection":[{"href":"https:\/\/vimagazine.com.br\/index.php?rest_route=\/wp\/v2\/posts"}],"about":[{"href":"https:\/\/vimagazine.com.br\/index.php?rest_route=\/wp\/v2\/types\/post"}],"author":[{"embeddable":true,"href":"https:\/\/vimagazine.com.br\/index.php?rest_route=\/wp\/v2\/users\/3"}],"replies":[{"embeddable":true,"href":"https:\/\/vimagazine.com.br\/index.php?rest_route=%2Fwp%2Fv2%2Fcomments&post=17957"}],"version-history":[{"count":1,"href":"https:\/\/vimagazine.com.br\/index.php?rest_route=\/wp\/v2\/posts\/17957\/revisions"}],"predecessor-version":[{"id":17959,"href":"https:\/\/vimagazine.com.br\/index.php?rest_route=\/wp\/v2\/posts\/17957\/revisions\/17959"}],"wp:featuredmedia":[{"embeddable":true,"href":"https:\/\/vimagazine.com.br\/index.php?rest_route=\/wp\/v2\/media\/17958"}],"wp:attachment":[{"href":"https:\/\/vimagazine.com.br\/index.php?rest_route=%2Fwp%2Fv2%2Fmedia&parent=17957"}],"wp:term":[{"taxonomy":"category","embeddable":true,"href":"https:\/\/vimagazine.com.br\/index.php?rest_route=%2Fwp%2Fv2%2Fcategories&post=17957"},{"taxonomy":"post_tag","embeddable":true,"href":"https:\/\/vimagazine.com.br\/index.php?rest_route=%2Fwp%2Fv2%2Ftags&post=17957"}],"curies":[{"name":"wp","href":"https:\/\/api.w.org\/{rel}","templated":true}]}}