{"id":17960,"date":"2025-03-12T03:32:18","date_gmt":"2025-03-12T06:32:18","guid":{"rendered":"https:\/\/vimagazine.com.br\/?p=17960"},"modified":"2025-03-12T03:32:19","modified_gmt":"2025-03-12T06:32:19","slug":"brasileiros-gerson-fogaca-sophia-pinheiro-e-adriano-moraes-expoem-na-mostra-coletiva-nosotros-del-otro-lado-na-espanha","status":"publish","type":"post","link":"https:\/\/vimagazine.com.br\/?p=17960","title":{"rendered":"<strong>Brasileiros Gerson Foga\u00e7a, Sophia Pinheiro e Adriano Moraes exp\u00f5em na mostra coletiva \u201cNosotros, del Otro Lado\u201d, na Espanha<\/strong>"},"content":{"rendered":"\n<p class=\"has-text-align-center\">Com abertura nesta quinta-feira (14), exposi\u00e7\u00e3o na cidade de Le\u00f3n, Espanha, conta com coordena\u00e7\u00e3o da Art Concept<\/p>\n\n\n\n<p>A exposi\u00e7\u00e3o \u201cNosotros, del Otro Lado\u201d movimenta o espa\u00e7o cultural Ateneo del Alb\u00e9itar, na cidade de Le\u00f3n, Espanha, sob a coordena\u00e7\u00e3o da Art Concept Alternative (ACA). Com curadoria de Wendy Navarro, produ\u00e7\u00e3o de Malu da Cunha e coordena\u00e7\u00e3o, na Espanha por Silvia Medina, a mostra re\u00fane 31 obras dos artistas brasileiros Gerson Foga\u00e7a, Sophia Pinheiro e Adriano Moraes, promovendo um interc\u00e2mbio art\u00edstico entre Goi\u00e1s (Brasil) e Espanha.<\/p>\n\n\n\n<figure class=\"wp-block-image size-large\"><img width=\"1024\" height=\"682\" src=\"https:\/\/vimagazine.com.br\/wp-content\/uploads\/2025\/03\/Gerson-Fogaca-1024x682.jpg\" alt=\"\" class=\"wp-image-17962\" srcset=\"https:\/\/vimagazine.com.br\/wp-content\/uploads\/2025\/03\/Gerson-Fogaca-1024x682.jpg 1024w, https:\/\/vimagazine.com.br\/wp-content\/uploads\/2025\/03\/Gerson-Fogaca-300x200.jpg 300w, https:\/\/vimagazine.com.br\/wp-content\/uploads\/2025\/03\/Gerson-Fogaca-768x512.jpg 768w, https:\/\/vimagazine.com.br\/wp-content\/uploads\/2025\/03\/Gerson-Fogaca-1536x1023.jpg 1536w, https:\/\/vimagazine.com.br\/wp-content\/uploads\/2025\/03\/Gerson-Fogaca.jpg 1600w\" sizes=\"(max-width: 1024px) 100vw, 1024px\" \/><\/figure>\n\n\n\n<p>Com realiza\u00e7\u00e3o e apoio cultural da G.A.L.A. Foundation (Miami, EUA\/ Dayalis Gonz\u00e1lez), o projeto foi aprovado no programa Goyazes, do Governo do Estado de Goi\u00e1s.\u00a0 A exposi\u00e7\u00e3o estabelece um di\u00e1logo visual e conceitual entre os trabalhos dos tr\u00eas artistas, com abordagem a temas como identidade, corpo, territ\u00f3rio e movimento. O t\u00edtulo da mostra sugere um olhar para o outro lado \u2013 um espa\u00e7o simb\u00f3lico de atravessamento e interse\u00e7\u00e3o de experi\u00eancias e contextos culturais.<\/p>\n\n\n\n<figure class=\"wp-block-image size-full is-resized\"><img src=\"https:\/\/vimagazine.com.br\/wp-content\/uploads\/2025\/03\/Sophia-Pinheiro.jpg\" alt=\"\" class=\"wp-image-17963\" width=\"837\" height=\"903\" srcset=\"https:\/\/vimagazine.com.br\/wp-content\/uploads\/2025\/03\/Sophia-Pinheiro.jpg 830w, https:\/\/vimagazine.com.br\/wp-content\/uploads\/2025\/03\/Sophia-Pinheiro-278x300.jpg 278w, https:\/\/vimagazine.com.br\/wp-content\/uploads\/2025\/03\/Sophia-Pinheiro-768x828.jpg 768w\" sizes=\"(max-width: 837px) 100vw, 837px\" \/><\/figure>\n\n\n\n<p>A exposi\u00e7\u00e3o e seus di\u00e1logos Inspirada na ideia de intera\u00e7\u00e3o, movimento e liberdade, a exposi\u00e7\u00e3o parte do conceito de Parangol\u00e9, criado pelo artista H\u00e9lio Oiticica na d\u00e9cada de 1960. Oiticica transformou o Parangol\u00e9 em uma met\u00e1fora para um novo tipo de arte, em que a experi\u00eancia sensorial e participativa supera as limita\u00e7\u00f5es tradicionais da pintura e escultura. Com essa perspectiva, a mostra re\u00fane tr\u00eas artistas cuja produ\u00e7\u00e3o&nbsp; questiona as fronteiras entre arte e espectador, propondo novas narrativas visuais e perform\u00e1ticas.<\/p>\n\n\n\n<p>As obras de Gerson Foga\u00e7a exploram a fluidez dos espa\u00e7os urbanos, capturando a transitoriedade das cidades e a complexidade das rela\u00e7\u00f5es humanas em suas pinturas din\u00e2micas e vibrantes. Sua pesquisa visual remete a um mundo em constante transforma\u00e7\u00e3o, onde as formas e cores parecem se mover livremente sobre a tela.<\/p>\n\n\n\n<p>Adriano de Moraes trabalha com a performance, a instala\u00e7\u00e3o e o corpo como elemento central de sua investiga\u00e7\u00e3o art\u00edstica. Suas obras desafiam a percep\u00e7\u00e3o tradicional, propondo experi\u00eancias imersivas que convidam o espectador \u00e0 intera\u00e7\u00e3o ativa. O artista questiona estruturas sociais e institucionais, criando novas possibilidades de presen\u00e7a e discurso no espa\u00e7o expositivo.<\/p>\n\n\n\n<p>Por sua vez, Sophia Pinheiro desenvolve um trabalho transdisciplinar e ativista, mesclando pintura, desenho, performance e audiovisual para discutir feminismo, identidade e ecologia. Sua pesquisa atravessa a pot\u00eancia do corpo em movimento, o imagin\u00e1rio das m\u00e1scaras e a resist\u00eancia das culturas populares, criando obras que desafiam padr\u00f5es estabelecidos e prop\u00f5em novas perspectivas de exist\u00eancia e cria\u00e7\u00e3o.<\/p>\n\n\n\n<p>Conex\u00f5es al\u00e9m das fronteiras<\/p>\n\n\n\n<p>Al\u00e9m do di\u00e1logo entre as po\u00e9ticas individuais dos artistas, a exposi\u00e7\u00e3o prop\u00f5e um encontro entre diferentes territ\u00f3rios e culturas, fortalecendo os la\u00e7os entre Brasil e Espanha e promovendo um interc\u00e2mbio art\u00edstico global. A mostra utiliza a arte como ponte para unir identidades, romper barreiras e ampliar o alcance das express\u00f5es contempor\u00e2neas, valorizando a diversidade e a pluralidade dos discursos visuais.<\/p>\n\n\n\n<p>SERVI\u00c7O<\/p>\n\n\n\n<p>Exposi\u00e7\u00e3o: \u201cNosotros, del Otro Lado: Conex\u00f5es Al\u00e9m das Fronteiras\u201d;<\/p>\n\n\n\n<p>Abertura: 14 de mar\u00e7o de 2025, \u00e0s 11h30<\/p>\n\n\n\n<p>Visita\u00e7\u00e3o: 14 de mar\u00e7o a 3 de junho de 2025<\/p>\n\n\n\n<p>Local: Ateneo del Alb\u00e9itar<\/p>\n\n\n\n<p>Endere\u00e7o: Calle Covadonga, esquina C. Luis de Sosa, 24004 Le\u00f3n, Espanha<\/p>\n\n\n\n<p>Artistas: Gerson Foga\u00e7a, Sophia Pinheiro e Adriano Braga<\/p>\n\n\n\n<p>Curadoria: Wendy Navarro<\/p>\n\n\n\n<p>Coordena\u00e7\u00e3o na Espanha: Silvia Medina<\/p>\n\n\n\n<p>Produ\u00e7\u00e3o: Malu da Cunha<\/p>\n\n\n\n<p>Apoio Cultural: G.A.L.A. Foundation (Miami) e Dayalis Gonz\u00e1lez<\/p>\n\n\n\n<p>Entrada: Gratuita<\/p>\n","protected":false},"excerpt":{"rendered":"<p>Com abertura nesta quinta-feira (14), exposi\u00e7\u00e3o na cidade de Le\u00f3n, Espanha, conta com coordena\u00e7\u00e3o da&#8230;<\/p>\n","protected":false},"author":2,"featured_media":17961,"comment_status":"closed","ping_status":"open","sticky":false,"template":"","format":"standard","meta":{"om_disable_all_campaigns":false,"_monsterinsights_skip_tracking":false,"_monsterinsights_sitenote_active":false,"_monsterinsights_sitenote_note":"","_monsterinsights_sitenote_category":0,"spay_email":""},"categories":[27,26],"tags":[1009],"jetpack_featured_media_url":"https:\/\/vimagazine.com.br\/wp-content\/uploads\/2025\/03\/Adriano-Moaraes.jpg","_links":{"self":[{"href":"https:\/\/vimagazine.com.br\/index.php?rest_route=\/wp\/v2\/posts\/17960"}],"collection":[{"href":"https:\/\/vimagazine.com.br\/index.php?rest_route=\/wp\/v2\/posts"}],"about":[{"href":"https:\/\/vimagazine.com.br\/index.php?rest_route=\/wp\/v2\/types\/post"}],"author":[{"embeddable":true,"href":"https:\/\/vimagazine.com.br\/index.php?rest_route=\/wp\/v2\/users\/2"}],"replies":[{"embeddable":true,"href":"https:\/\/vimagazine.com.br\/index.php?rest_route=%2Fwp%2Fv2%2Fcomments&post=17960"}],"version-history":[{"count":1,"href":"https:\/\/vimagazine.com.br\/index.php?rest_route=\/wp\/v2\/posts\/17960\/revisions"}],"predecessor-version":[{"id":17964,"href":"https:\/\/vimagazine.com.br\/index.php?rest_route=\/wp\/v2\/posts\/17960\/revisions\/17964"}],"wp:featuredmedia":[{"embeddable":true,"href":"https:\/\/vimagazine.com.br\/index.php?rest_route=\/wp\/v2\/media\/17961"}],"wp:attachment":[{"href":"https:\/\/vimagazine.com.br\/index.php?rest_route=%2Fwp%2Fv2%2Fmedia&parent=17960"}],"wp:term":[{"taxonomy":"category","embeddable":true,"href":"https:\/\/vimagazine.com.br\/index.php?rest_route=%2Fwp%2Fv2%2Fcategories&post=17960"},{"taxonomy":"post_tag","embeddable":true,"href":"https:\/\/vimagazine.com.br\/index.php?rest_route=%2Fwp%2Fv2%2Ftags&post=17960"}],"curies":[{"name":"wp","href":"https:\/\/api.w.org\/{rel}","templated":true}]}}