{"id":17976,"date":"2025-03-13T10:57:22","date_gmt":"2025-03-13T13:57:22","guid":{"rendered":"https:\/\/vimagazine.com.br\/?p=17976"},"modified":"2025-03-13T10:57:24","modified_gmt":"2025-03-13T13:57:24","slug":"curitiba-recebe-nomes-nacionais-em-encontro-sobre-moda-e-tendencias-no-patio-batel","status":"publish","type":"post","link":"https:\/\/vimagazine.com.br\/?p=17976","title":{"rendered":"Curitiba recebe nomes nacionais em encontro sobre moda e tend\u00eancias no P\u00e1tio Batel"},"content":{"rendered":"\n<p><\/p>\n\n\n\n<p style=\"font-size:22px\"><em><strong>Susana Barbosa, Luiza Brasil e Jorge Grimberg est\u00e3o entre palestrantes confirmados; ingressos para o PBFW edi\u00e7\u00e3o Talks j\u00e1 est\u00e3o \u00e0 venda<\/strong><\/em><\/p>\n\n\n\n<p><\/p>\n\n\n\n<p>Nos dias 26 e 27 de mar\u00e7o, o P\u00e1tio Batel realiza o PBFW Edi\u00e7\u00e3o Talks 2025, evento que promove conversas sobre moda e comportamento e&nbsp;que reunir\u00e1 grandes nomes nacionais para discutir temas relevantes e tend\u00eancias do setor. Com dois pain\u00e9is por dia iniciando \u00e0s 19h, o Talks ser\u00e1 realizado no \u00e1trio do Piso L1, com capacidade para at\u00e9 400 pessoas.&nbsp;Os ingressos j\u00e1 est\u00e3o \u00e0 venda no site do P\u00e1tio Batel.&nbsp;&nbsp;<\/p>\n\n\n\n<p>Como na primeira edi\u00e7\u00e3o, realizada em 2024, o PBFW Edi\u00e7\u00e3o Talks trar\u00e1 uma sele\u00e7\u00e3o dos principais pensadores da moda contempor\u00e2nea no Brasil. Entre os confirmados, est\u00e3o&nbsp;<strong>Susana Barbosa<\/strong>, publisher e diretora editorial da ELLE Brasil;&nbsp;<strong>Sylvain Justum<\/strong>, jornalista e consultor de moda, diretor de reda\u00e7\u00e3o da Forbes Life Fashion;&nbsp;<strong>Luiza Brasil<\/strong>, palestrante e colunista da Vogue Brasil;&nbsp;<strong>Verena Figueiredo<\/strong>, influenciadora digital e embaixadora da Chanel;&nbsp;<strong>Ali Santos<\/strong>, editora digital e estrategista de conte\u00fado da ELLE Brasil;&nbsp;<strong>Jorge Grimberg<\/strong>, especialista em tend\u00eancias da WGSN Brasil e correspondente da Vogue Runway e CNN Style;&nbsp;<strong>Priscila Monteiro<\/strong>, executiva de comunica\u00e7\u00e3o com vasta experi\u00eancia no mercado de luxo;&nbsp;<strong>La\u00eds Machado<\/strong>, consultora de imagem e estilo; e&nbsp;<strong>Dani Brito<\/strong>, jornalista curitibana especializada em moda.<\/p>\n\n\n\n<p>Para Camila Seleme Fleischfresser, a segunda edi\u00e7\u00e3o do evento reafirma a import\u00e2ncia do P\u00e1tio Batel como propulsor de tend\u00eancias da moda em Curitiba. &#8220;A realiza\u00e7\u00e3o neste ano reafirma a import\u00e2ncia da moda ser discutida, al\u00e9m de vista, e a ades\u00e3o ao evento demonstra o apre\u00e7o e interesse do p\u00fablico da regi\u00e3o Sul por conte\u00fados relevantes na \u00e1rea&#8221;, diz a head de marketing&nbsp;do shopping. &#8220;Essa \u00e9 a consolida\u00e7\u00e3o de dois momentos do P\u00e1tio na moda: no primeiro semestre, com o Talks, e no segundo, com o PBFW, que tradicionalmente ocorre no fim de agosto, desfile j\u00e1 consagrado de marcas nacionais e internacionais&#8221;.<\/p>\n\n\n\n<p><strong>Identidade na moda, luxo na era digital e futuros poss\u00edveis<\/strong><\/p>\n\n\n\n<p>A programa\u00e7\u00e3o do PBFW Talks 2025 \u00e9 composta por pain\u00e9is de temas distintos, que abordar\u00e3o assuntos como identidade na moda, transforma\u00e7\u00f5es do luxo, narrativas digitais e macrotend\u00eancias de comportamento.&nbsp;&nbsp;&nbsp;&nbsp;<\/p>\n\n\n\n<p>No primeiro dia,&nbsp;<strong>26 de mar\u00e7o<\/strong>, o primeiro painel traz o tema &#8220;Como construir sua pr\u00f3pria identidade na moda&#8221;, com Susana Barbosa e Ali Santos, com media\u00e7\u00e3o de Dani Brito, abordando os desafios e estrat\u00e9gias para a constru\u00e7\u00e3o de uma imagem aut\u00eantica no universo da moda (como pessoa ou como marca), em um contexto de tend\u00eancias ef\u00eameras impulsionadas pelo mundo digital. J\u00e1 o segundo painel, &#8220;Acompanhando as transforma\u00e7\u00f5es do luxo na era digital&#8221;, com Priscila Monteiro e Sylvain Justum, com media\u00e7\u00e3o de La\u00eds Machado, abordar\u00e1 as formas que o mercado de luxo tem buscado para se adaptar \u00e0s linguagens do meio on-line.<\/p>\n\n\n\n<p>No segundo dia,\u00a0<strong>27 de mar\u00e7o<\/strong>, Luiza Brasil e Verena Figueiredo falam sobre como capturar a aten\u00e7\u00e3o dos usu\u00e1rios em meio \u00e0 enxurrada de informa\u00e7\u00f5es no painel &#8220;Construindo narrativas digitais relevantes&#8221;. Finalizando a programa\u00e7\u00e3o, Jorge Grimberg apresenta &#8220;Futuros Poss\u00edveis: Macrotend\u00eancias de Comportamento&#8221;. O especialista em tend\u00eancias ir\u00e1 explorar o futuro do comportamento de moda, incluindo o cen\u00e1rio macroecon\u00f4mico, desafios profissionais, novos formatos de consumo e o impacto do avan\u00e7o tecnol\u00f3gico.\u00a0\u00a0\u00a0<br><\/p>\n\n\n\n<figure class=\"wp-container-2 wp-block-gallery-1 wp-block-gallery has-nested-images columns-default is-cropped\">\n<figure class=\"wp-block-image size-large\"><img width=\"1280\" height=\"1920\" data-id=\"17977\"  src=\"https:\/\/vimagazine.com.br\/wp-content\/uploads\/2025\/03\/58409f5e-636c-4d3a-bbeb-96e1c05745e5.jpg\" alt=\"\" class=\"wp-image-17977\" srcset=\"https:\/\/vimagazine.com.br\/wp-content\/uploads\/2025\/03\/58409f5e-636c-4d3a-bbeb-96e1c05745e5.jpg 1280w, https:\/\/vimagazine.com.br\/wp-content\/uploads\/2025\/03\/58409f5e-636c-4d3a-bbeb-96e1c05745e5-200x300.jpg 200w, https:\/\/vimagazine.com.br\/wp-content\/uploads\/2025\/03\/58409f5e-636c-4d3a-bbeb-96e1c05745e5-683x1024.jpg 683w, https:\/\/vimagazine.com.br\/wp-content\/uploads\/2025\/03\/58409f5e-636c-4d3a-bbeb-96e1c05745e5-768x1152.jpg 768w, https:\/\/vimagazine.com.br\/wp-content\/uploads\/2025\/03\/58409f5e-636c-4d3a-bbeb-96e1c05745e5-1024x1536.jpg 1024w\" sizes=\"(max-width: 1280px) 100vw, 1280px\" \/><figcaption>Processed with VSCO with 3 preset<\/figcaption><\/figure>\n\n\n\n<figure class=\"wp-block-image size-large\"><img width=\"1280\" height=\"1920\" data-id=\"17978\"  src=\"https:\/\/vimagazine.com.br\/wp-content\/uploads\/2025\/03\/956957cf-87b4-4b71-a105-30996de1adad.jpg\" alt=\"\" class=\"wp-image-17978\" srcset=\"https:\/\/vimagazine.com.br\/wp-content\/uploads\/2025\/03\/956957cf-87b4-4b71-a105-30996de1adad.jpg 1280w, https:\/\/vimagazine.com.br\/wp-content\/uploads\/2025\/03\/956957cf-87b4-4b71-a105-30996de1adad-200x300.jpg 200w, https:\/\/vimagazine.com.br\/wp-content\/uploads\/2025\/03\/956957cf-87b4-4b71-a105-30996de1adad-683x1024.jpg 683w, https:\/\/vimagazine.com.br\/wp-content\/uploads\/2025\/03\/956957cf-87b4-4b71-a105-30996de1adad-768x1152.jpg 768w, https:\/\/vimagazine.com.br\/wp-content\/uploads\/2025\/03\/956957cf-87b4-4b71-a105-30996de1adad-1024x1536.jpg 1024w\" sizes=\"(max-width: 1280px) 100vw, 1280px\" \/><figcaption>Processed with VSCO with a6 preset<\/figcaption><\/figure>\n<\/figure>\n\n\n\n<p><br><\/p>\n\n\n\n<p><strong>PBFW Edi\u00e7\u00e3o Talks 2025<\/strong><\/p>\n\n\n\n<p>26 e 27 de mar\u00e7o de 2025, 19h30 \u00e0s 21h30<\/p>\n\n\n\n<p>Ingressos:&nbsp;<a href=\"https:\/\/click.cse360.com.br\/Click\/AddCampaignEmailClick\/f0cab6af-c77f-42d0-1eb8-08dd622e791a\/http%253a%252f%252fpatiobatel.com.br%252fpbfwtalks\/84a13bf5-1001-4b37-93cf-9aa5931b4a9b\/vimagazine@vimagazine.com.br\/True\" rel=\"noreferrer noopener\" target=\"_blank\">patiobatel.com.br\/pbfwtalks<\/a><\/p>\n\n\n\n<p>Local: P\u00e1tio Batel &#8211; Avenida do Batel, 1868 &#8211; Batel, Curitiba &#8211; \u00c1trio do Piso L1<br><br><br><em>Cr\u00e9ditos: Divulga\u00e7\u00e3o \/ P\u00e1tio Batel Content Lab<\/em><\/p>\n","protected":false},"excerpt":{"rendered":"<p>Susana Barbosa, Luiza Brasil e Jorge Grimberg est\u00e3o entre palestrantes confirmados; ingressos para o PBFW&#8230;<\/p>\n","protected":false},"author":1,"featured_media":17979,"comment_status":"closed","ping_status":"open","sticky":false,"template":"","format":"standard","meta":{"om_disable_all_campaigns":false,"_monsterinsights_skip_tracking":false,"_monsterinsights_sitenote_active":false,"_monsterinsights_sitenote_note":"","_monsterinsights_sitenote_category":0,"spay_email":""},"categories":[75,1],"tags":[],"jetpack_featured_media_url":"https:\/\/vimagazine.com.br\/wp-content\/uploads\/2025\/03\/51af7476-95f8-4b2c-bc15-90574b2fe5a2.jpg","_links":{"self":[{"href":"https:\/\/vimagazine.com.br\/index.php?rest_route=\/wp\/v2\/posts\/17976"}],"collection":[{"href":"https:\/\/vimagazine.com.br\/index.php?rest_route=\/wp\/v2\/posts"}],"about":[{"href":"https:\/\/vimagazine.com.br\/index.php?rest_route=\/wp\/v2\/types\/post"}],"author":[{"embeddable":true,"href":"https:\/\/vimagazine.com.br\/index.php?rest_route=\/wp\/v2\/users\/1"}],"replies":[{"embeddable":true,"href":"https:\/\/vimagazine.com.br\/index.php?rest_route=%2Fwp%2Fv2%2Fcomments&post=17976"}],"version-history":[{"count":1,"href":"https:\/\/vimagazine.com.br\/index.php?rest_route=\/wp\/v2\/posts\/17976\/revisions"}],"predecessor-version":[{"id":17980,"href":"https:\/\/vimagazine.com.br\/index.php?rest_route=\/wp\/v2\/posts\/17976\/revisions\/17980"}],"wp:featuredmedia":[{"embeddable":true,"href":"https:\/\/vimagazine.com.br\/index.php?rest_route=\/wp\/v2\/media\/17979"}],"wp:attachment":[{"href":"https:\/\/vimagazine.com.br\/index.php?rest_route=%2Fwp%2Fv2%2Fmedia&parent=17976"}],"wp:term":[{"taxonomy":"category","embeddable":true,"href":"https:\/\/vimagazine.com.br\/index.php?rest_route=%2Fwp%2Fv2%2Fcategories&post=17976"},{"taxonomy":"post_tag","embeddable":true,"href":"https:\/\/vimagazine.com.br\/index.php?rest_route=%2Fwp%2Fv2%2Ftags&post=17976"}],"curies":[{"name":"wp","href":"https:\/\/api.w.org\/{rel}","templated":true}]}}