{"id":18022,"date":"2025-03-18T09:42:57","date_gmt":"2025-03-18T12:42:57","guid":{"rendered":"https:\/\/vimagazine.com.br\/?p=18022"},"modified":"2025-03-18T09:42:57","modified_gmt":"2025-03-18T12:42:57","slug":"sbw-brasil-chega-a-balneario-camboriu-para-revolucionar-a-advocacia-com-marketing-digital","status":"publish","type":"post","link":"https:\/\/vimagazine.com.br\/?p=18022","title":{"rendered":"SBW Brasil chega a Balne\u00e1rio Cambori\u00fa para revolucionar a advocacia com marketing digital"},"content":{"rendered":"\n<p><\/p>\n\n\n\n<p class=\"has-medium-font-size\"><strong>Evento \u00fanico e exclusivo para advogados est\u00e1 confirmado para o m\u00eas de maio<\/strong><\/p>\n\n\n\n<p><\/p>\n\n\n\n<p><\/p>\n\n\n\n<p><\/p>\n\n\n\n<p>Balne\u00e1rio Cambori\u00fa, um dos destinos mais sofisticados do Brasil, ser\u00e1 palco de um evento inovador para advogados que desejam expandir sua atua\u00e7\u00e3o no mundo digital. O SBW Brasil acontece nos dias 3 e 4 de maio e promete acelerar dois anos de carreira em apenas dois dias. A imers\u00e3o presencial traz um novo modelo de advocacia, mais leve, pr\u00f3spero e adaptado ao universo digital, permitindo que advogados vivam da internet sem depender exclusivamente de indica\u00e7\u00f5es ou do formato tradicional da profiss\u00e3o.<br>O encontro \u00e9 um verdadeiro acelerador de neg\u00f3cios jur\u00eddicos, oferecendo estrat\u00e9gias para a cria\u00e7\u00e3o de produtos jur\u00eddicos de alto valor agregado. O evento vai al\u00e9m das t\u00e9cnicas e estrat\u00e9gias de marketing e vendas: \u00e9 uma experi\u00eancia transformadora, que combina conhecimento, intelig\u00eancia emocional e uma abordagem espiritual, permitindo que os participantes desenvolvam um modelo de atua\u00e7\u00e3o alinhado com sua expertise e prop\u00f3sito.<\/p>\n\n\n\n<p>\u201cAo longo dos dois dias de imers\u00e3o, os advogados ter\u00e3o a oportunidade de aprender como estruturar uma advocacia digital de sucesso, atrair clientes qualificados e conquistar liberdade profissional. O evento culmina em um momento especial: uma poderosa medita\u00e7\u00e3o para a cocria\u00e7\u00e3o da advocacia milion\u00e1ria em 2025, seguida de um brinde exclusivo,\u201d explica D\u00e9bora Boss, idealizadora do SBW Brasil.<\/p>\n\n\n\n<p>Experi\u00eancia completa: networking, aprendizado e bem-estar<br>Al\u00e9m do conte\u00fado intensivo, o SBW Brasil proporcionar\u00e1 momentos exclusivos de networking e conex\u00e3o. No s\u00e1bado \u00e0 noite, os participantes desfrutar\u00e3o de um jantar privativo em um rooftop sofisticado de Balne\u00e1rio Cambori\u00fa, criando oportunidades valiosas para troca de experi\u00eancias e parcerias estrat\u00e9gicas. J\u00e1 no domingo, haver\u00e1 uma experi\u00eancia \u00fanica \u00e0 beira-mar, com medita\u00e7\u00e3o, yoga e conversas sobre neg\u00f3cios em um grupo privativo, garantindo o equil\u00edbrio entre aprendizado e bem-estar.<\/p>\n\n\n\n<p>Sobre D\u00e9bora Boss<br>D\u00e9bora Boss \u00e9 mentora, professora e palestrante, al\u00e9m de membro da Comiss\u00e3o de Empreendedorismo Jur\u00eddico da OAB-SP. Sua miss\u00e3o \u00e9 mostrar aos advogados que \u00e9 poss\u00edvel trilhar um caminho de sucesso al\u00e9m dos moldes tradicionais da advocacia. Com uma trajet\u00f3ria marcada por supera\u00e7\u00e3o e empreendedorismo, D\u00e9bora iniciou sua jornada ainda jovem, organizando excurs\u00f5es para estudantes de Direito e enfrentando desafios financeiros que a ensinaram a recome\u00e7ar do zero diversas vezes.<br>Com uma p\u00f3s-gradua\u00e7\u00e3o em Marketing e Comunica\u00e7\u00e3o, ela encontrou no marketing digital a chave para transformar a advocacia. Atualmente, al\u00e9m de atuar como mentora e estrategista digital, tamb\u00e9m ministra aulas na p\u00f3s-gradua\u00e7\u00e3o para advogados e est\u00e1 prestes a lan\u00e7ar seu primeiro livro sobre marketing jur\u00eddico.<\/p>\n\n\n\n<p><strong>Inscri\u00e7\u00f5es abertas!<\/strong><br>As inscri\u00e7\u00f5es j\u00e1 est\u00e3o abertas e as vagas s\u00e3o limitadas. Para mais informa\u00e7\u00f5es e inscri\u00e7\u00f5es, acesse: https:\/\/deboraboss.com.br\/sbw2\/<\/p>\n","protected":false},"excerpt":{"rendered":"<p>Evento \u00fanico e exclusivo para advogados est\u00e1 confirmado para o m\u00eas de maio Balne\u00e1rio Cambori\u00fa,&#8230;<\/p>\n","protected":false},"author":1,"featured_media":18023,"comment_status":"closed","ping_status":"open","sticky":false,"template":"","format":"standard","meta":{"om_disable_all_campaigns":false,"_monsterinsights_skip_tracking":false,"_monsterinsights_sitenote_active":false,"_monsterinsights_sitenote_note":"","_monsterinsights_sitenote_category":0,"spay_email":""},"categories":[1],"tags":[],"jetpack_featured_media_url":"https:\/\/vimagazine.com.br\/wp-content\/uploads\/2025\/03\/WhatsApp-Image-2025-03-10-at-11.29.20.jpeg","_links":{"self":[{"href":"https:\/\/vimagazine.com.br\/index.php?rest_route=\/wp\/v2\/posts\/18022"}],"collection":[{"href":"https:\/\/vimagazine.com.br\/index.php?rest_route=\/wp\/v2\/posts"}],"about":[{"href":"https:\/\/vimagazine.com.br\/index.php?rest_route=\/wp\/v2\/types\/post"}],"author":[{"embeddable":true,"href":"https:\/\/vimagazine.com.br\/index.php?rest_route=\/wp\/v2\/users\/1"}],"replies":[{"embeddable":true,"href":"https:\/\/vimagazine.com.br\/index.php?rest_route=%2Fwp%2Fv2%2Fcomments&post=18022"}],"version-history":[{"count":1,"href":"https:\/\/vimagazine.com.br\/index.php?rest_route=\/wp\/v2\/posts\/18022\/revisions"}],"predecessor-version":[{"id":18024,"href":"https:\/\/vimagazine.com.br\/index.php?rest_route=\/wp\/v2\/posts\/18022\/revisions\/18024"}],"wp:featuredmedia":[{"embeddable":true,"href":"https:\/\/vimagazine.com.br\/index.php?rest_route=\/wp\/v2\/media\/18023"}],"wp:attachment":[{"href":"https:\/\/vimagazine.com.br\/index.php?rest_route=%2Fwp%2Fv2%2Fmedia&parent=18022"}],"wp:term":[{"taxonomy":"category","embeddable":true,"href":"https:\/\/vimagazine.com.br\/index.php?rest_route=%2Fwp%2Fv2%2Fcategories&post=18022"},{"taxonomy":"post_tag","embeddable":true,"href":"https:\/\/vimagazine.com.br\/index.php?rest_route=%2Fwp%2Fv2%2Ftags&post=18022"}],"curies":[{"name":"wp","href":"https:\/\/api.w.org\/{rel}","templated":true}]}}