{"id":18033,"date":"2025-03-18T18:00:00","date_gmt":"2025-03-18T21:00:00","guid":{"rendered":"https:\/\/vimagazine.com.br\/?p=18033"},"modified":"2025-03-18T19:41:59","modified_gmt":"2025-03-18T22:41:59","slug":"cida-aguilar-lima-leva-a-marca-maria-bonita-para-itacare-e-revoluciona-o-mercado-de-bem-estar%ef%bf%bc","status":"publish","type":"post","link":"https:\/\/vimagazine.com.br\/?p=18033","title":{"rendered":"Cida Aguilar Lima leva a marca Maria Bonita para Itacar\u00e9 e revoluciona o mercado de bem-estar"},"content":{"rendered":"\n<p class=\"has-text-align-right\"><em>Por Marcia Dornelles<\/em><\/p>\n\n\n\n<p>Em um movimento estrat\u00e9gico que promete transformar o mercado de wellness em Itacar\u00e9, a empres\u00e1ria Cida Aguilar Lima acaba de inaugurar mais uma franquia do renomado SPA Maria Bonita em um dos destinos tur\u00edsticos mais desejados da Bahia. Sob a dire\u00e7\u00e3o do conceituado naturopata Adoilto Chaves, o spa j\u00e1 est\u00e1 batendo recordes de reservas para os pr\u00f3ximos meses, atraindo uma clientela em busca de equil\u00edbrio f\u00edsico e mental.<\/p>\n\n\n\n<p>A iniciativa refor\u00e7a a vis\u00e3o empreendedora de Cida, que tem se consolidado como refer\u00eancia em hotelaria e bem-estar, unindo excel\u00eancia em servi\u00e7os e um olhar atento \u00e0s tend\u00eancias de sa\u00fade e autocuidado. Nesta entrevista exclusiva, Cida conta um pouco mais sobre sua trajet\u00f3ria, os desafios do setor e o impacto positivo que o novo spa promete trazer para os h\u00f3spedes e para o mercado.<\/p>\n\n\n\n<p><strong>Cida, conte um pouco da sua trajet\u00f3ria. Como voc\u00ea come\u00e7ou a investir no ramo da hotelaria?<\/strong><br><em>Comecei minha jornada na hotelaria em 2002, ao lado do meu ex-companheiro Paulo S\u00e9rgio Lima. Nossa primeira empresa foi a Pousada Pedra Torta, que inicialmente tinha 14 apartamentos. Com muito trabalho e dedica\u00e7\u00e3o, fizemos uma ampla divulga\u00e7\u00e3o pelo pa\u00eds e, em menos de um ano, tivemos que ampliar para 32 apartamentos devido \u00e0 alta demanda.<\/em><\/p>\n\n\n\n<p><em>Depois, constru\u00edmos o Terra Boa Hotel Boutique, que come\u00e7ou com 42 apartamentos e hoje conta com 56 acomoda\u00e7\u00f5es. Esse hotel foi o primeiro em Itacar\u00e9 a obter a certifica\u00e7\u00e3o ISO 9001 e est\u00e1 entre os 10% melhores do mundo no TripAdvisor. Ao longo dos anos, expandimos nossos empreendimentos e hoje administramos a Pousada Pedra Torta, Terra Boa Hotel Boutique, Pousada Vira Canoa, Resende Imperial Hotel &amp; Spa e o Beach Club Terra Boa.<\/em><\/p>\n\n\n\n<p><em>Fui pioneira na cidade em estabelecer parcerias com Senac e Sebrae, promovendo qualifica\u00e7\u00e3o profissional e garantindo um alto padr\u00e3o de qualidade no atendimento. Com o crescimento do Grupo Aguilar Lima, atualmente geramos cerca de 200 empregos diretos. Nosso objetivo \u00e9 manter a excel\u00eancia, alcan\u00e7ar o primeiro lugar no ranking do TripAdvisor em Itacar\u00e9 e consolidar nossos hot\u00e9is boutique entre os melhores do Brasil.<\/em><br><\/p>\n\n\n\n<figure class=\"wp-container-2 wp-block-gallery-1 wp-block-gallery has-nested-images columns-4 is-cropped\">\n<figure class=\"wp-block-image size-large\"><img width=\"1920\" height=\"1280\" data-id=\"18050\"  src=\"https:\/\/vimagazine.com.br\/wp-content\/uploads\/2025\/03\/DSC08257.jpeg\" alt=\"\" class=\"wp-image-18050\" srcset=\"https:\/\/vimagazine.com.br\/wp-content\/uploads\/2025\/03\/DSC08257.jpeg 1920w, https:\/\/vimagazine.com.br\/wp-content\/uploads\/2025\/03\/DSC08257-300x200.jpeg 300w, https:\/\/vimagazine.com.br\/wp-content\/uploads\/2025\/03\/DSC08257-1024x683.jpeg 1024w, https:\/\/vimagazine.com.br\/wp-content\/uploads\/2025\/03\/DSC08257-768x512.jpeg 768w, https:\/\/vimagazine.com.br\/wp-content\/uploads\/2025\/03\/DSC08257-1536x1024.jpeg 1536w\" sizes=\"(max-width: 1920px) 100vw, 1920px\" \/><figcaption>Resende Imperial Hotel &amp; Spa &#8211; Foto: Jo\u00e3o Guilger\n<\/figcaption><\/figure>\n\n\n\n<figure class=\"wp-block-image size-large\"><img width=\"1280\" height=\"1920\" data-id=\"18049\"  src=\"https:\/\/vimagazine.com.br\/wp-content\/uploads\/2025\/03\/WhatsApp-Image-2025-03-18-at-12.20.41.jpeg\" alt=\"\" class=\"wp-image-18049\" srcset=\"https:\/\/vimagazine.com.br\/wp-content\/uploads\/2025\/03\/WhatsApp-Image-2025-03-18-at-12.20.41.jpeg 1280w, https:\/\/vimagazine.com.br\/wp-content\/uploads\/2025\/03\/WhatsApp-Image-2025-03-18-at-12.20.41-200x300.jpeg 200w, https:\/\/vimagazine.com.br\/wp-content\/uploads\/2025\/03\/WhatsApp-Image-2025-03-18-at-12.20.41-683x1024.jpeg 683w, https:\/\/vimagazine.com.br\/wp-content\/uploads\/2025\/03\/WhatsApp-Image-2025-03-18-at-12.20.41-768x1152.jpeg 768w, https:\/\/vimagazine.com.br\/wp-content\/uploads\/2025\/03\/WhatsApp-Image-2025-03-18-at-12.20.41-1024x1536.jpeg 1024w\" sizes=\"(max-width: 1280px) 100vw, 1280px\" \/><figcaption>Pousada Vira Canoa &#8211; Foto: Jo\u00e3o Guilger\n<\/figcaption><\/figure>\n\n\n\n<figure class=\"wp-block-image size-large\"><img width=\"1440\" height=\"1920\" data-id=\"18047\"  src=\"https:\/\/vimagazine.com.br\/wp-content\/uploads\/2025\/03\/WhatsApp-Image-2025-03-18-at-12.21.24.jpeg\" alt=\"\" class=\"wp-image-18047\" srcset=\"https:\/\/vimagazine.com.br\/wp-content\/uploads\/2025\/03\/WhatsApp-Image-2025-03-18-at-12.21.24.jpeg 1440w, https:\/\/vimagazine.com.br\/wp-content\/uploads\/2025\/03\/WhatsApp-Image-2025-03-18-at-12.21.24-225x300.jpeg 225w, https:\/\/vimagazine.com.br\/wp-content\/uploads\/2025\/03\/WhatsApp-Image-2025-03-18-at-12.21.24-768x1024.jpeg 768w, https:\/\/vimagazine.com.br\/wp-content\/uploads\/2025\/03\/WhatsApp-Image-2025-03-18-at-12.21.24-1152x1536.jpeg 1152w, https:\/\/vimagazine.com.br\/wp-content\/uploads\/2025\/03\/WhatsApp-Image-2025-03-18-at-12.21.24-1024x1365.jpeg 1024w\" sizes=\"(max-width: 1440px) 100vw, 1440px\" \/><figcaption>Terra Boa Hotel Boutique &#8211; Foto: Jo\u00e3o Guilger\n<\/figcaption><\/figure>\n\n\n\n<figure class=\"wp-block-image size-large\"><img width=\"1440\" height=\"1920\" data-id=\"18046\"  src=\"https:\/\/vimagazine.com.br\/wp-content\/uploads\/2025\/03\/DJI_0151.jpg\" alt=\"\" class=\"wp-image-18046\" srcset=\"https:\/\/vimagazine.com.br\/wp-content\/uploads\/2025\/03\/DJI_0151.jpg 1440w, https:\/\/vimagazine.com.br\/wp-content\/uploads\/2025\/03\/DJI_0151-225x300.jpg 225w, https:\/\/vimagazine.com.br\/wp-content\/uploads\/2025\/03\/DJI_0151-768x1024.jpg 768w, https:\/\/vimagazine.com.br\/wp-content\/uploads\/2025\/03\/DJI_0151-1152x1536.jpg 1152w, https:\/\/vimagazine.com.br\/wp-content\/uploads\/2025\/03\/DJI_0151-1024x1365.jpg 1024w\" sizes=\"(max-width: 1440px) 100vw, 1440px\" \/><figcaption>Pousada Pedra Torta &#8211; Foto: Jo\u00e3o Guilger\n\n<\/figcaption><\/figure>\n<\/figure>\n\n\n\n<p><br><strong>Quais s\u00e3o as pousadas que fazem parte dos seus empreendimentos atualmente?<\/strong><br>Os hot\u00e9is e pousadas que fazem parte do Grupo Aguilar Lima s\u00e3o:<\/p>\n\n\n\n<p>\u2022 Pousada Pedra Torta<\/p>\n\n\n\n<p>\u2022 Terra Boa Hotel Boutique<\/p>\n\n\n\n<p>\u2022 Pousada Vira Canoa<\/p>\n\n\n\n<p>\u2022 Resende Imperial Hotel &amp; Spa<\/p>\n\n\n\n<p>Cada um desses empreendimentos tem sua identidade pr\u00f3pria, mas todos compartilham o compromisso com a hospitalidade de alto padr\u00e3o e a valoriza\u00e7\u00e3o do bem-estar dos h\u00f3spedes.<\/p>\n\n\n\n<p><strong>Como surgiu a ideia de trazer o SPA Maria Bonita para Itacar\u00e9?<\/strong><br><em>Recebi em um dos meus hot\u00e9is o avaliador n\u00famero 1 do TripAdvisor, que viaja o mundo analisando hot\u00e9is e empreendimentos de hospitalidade. Durante nossa conversa, mencionei que tinha um projeto para um novo empreendimento com um spa. Ele ent\u00e3o me apresentou ao Tadeu Viscardi, fundador do Spa Maria Bonita.<\/em><\/p>\n\n\n\n<p><em>Fiz uma visita ao spa e fiquei encantada com o conceito. No mesmo momento, disse: \u201c\u00c9 isso que quero para o Grupo!\u201d. A partir da\u00ed, firmamos uma parceria e, agora, estamos inaugurando essa experi\u00eancia incr\u00edvel em Itacar\u00e9.<\/em><br><\/p>\n\n\n\n<figure class=\"wp-container-4 wp-block-gallery-3 wp-block-gallery has-nested-images columns-default is-cropped\">\n<figure class=\"wp-block-image size-large\"><img width=\"683\" height=\"1024\" data-id=\"18042\"  src=\"https:\/\/vimagazine.com.br\/wp-content\/uploads\/2025\/03\/DSC00036-683x1024.jpg\" alt=\"\" class=\"wp-image-18042\" srcset=\"https:\/\/vimagazine.com.br\/wp-content\/uploads\/2025\/03\/DSC00036-683x1024.jpg 683w, https:\/\/vimagazine.com.br\/wp-content\/uploads\/2025\/03\/DSC00036-200x300.jpg 200w, https:\/\/vimagazine.com.br\/wp-content\/uploads\/2025\/03\/DSC00036-768x1152.jpg 768w, https:\/\/vimagazine.com.br\/wp-content\/uploads\/2025\/03\/DSC00036-1024x1536.jpg 1024w, https:\/\/vimagazine.com.br\/wp-content\/uploads\/2025\/03\/DSC00036.jpg 1280w\" sizes=\"(max-width: 683px) 100vw, 683px\" \/><figcaption>Cida Aguilar Lima  &#8211; Foto: Jo\u00e3o Guilger\n<\/figcaption><\/figure>\n\n\n\n<figure class=\"wp-block-image size-large\"><img width=\"683\" height=\"1024\" data-id=\"18045\"  src=\"https:\/\/vimagazine.com.br\/wp-content\/uploads\/2025\/03\/DSC09990-683x1024.jpg\" alt=\"\" class=\"wp-image-18045\" srcset=\"https:\/\/vimagazine.com.br\/wp-content\/uploads\/2025\/03\/DSC09990-683x1024.jpg 683w, https:\/\/vimagazine.com.br\/wp-content\/uploads\/2025\/03\/DSC09990-200x300.jpg 200w, https:\/\/vimagazine.com.br\/wp-content\/uploads\/2025\/03\/DSC09990-768x1152.jpg 768w, https:\/\/vimagazine.com.br\/wp-content\/uploads\/2025\/03\/DSC09990-1024x1536.jpg 1024w, https:\/\/vimagazine.com.br\/wp-content\/uploads\/2025\/03\/DSC09990.jpg 1280w\" sizes=\"(max-width: 683px) 100vw, 683px\" \/><figcaption>Cida Aguilar Lima  &#8211; Foto: Jo\u00e3o Guilger\n<\/figcaption><\/figure>\n<\/figure>\n\n\n\n<p><br><strong>Voc\u00ea \u00e9 uma mulher que investe em sa\u00fade e bem-estar. Como funciona sua rotina hoje em dia para conciliar os neg\u00f3cios, atividades f\u00edsicas e disciplina alimentar?<\/strong><br><em>Falou tudo: disciplina! Acordo cedo para treinar, entre 5h30 e 6h. Muitas vezes, vou direto para o trabalho com roupa de gin\u00e1stica para otimizar o tempo! Moro a uma hora do trabalho, mas, antes de tudo, cuido de mim.<\/em><\/p>\n\n\n\n<p><em>Meu expediente geralmente come\u00e7a \u00e0s 10h30 e pode ir at\u00e9 \u00e0s 18h ou 20h. Em alguns dias, durmo em um dos hot\u00e9is para acompanhar o servi\u00e7o do caf\u00e9 da manh\u00e3 e garantir que tudo esteja perfeito. Minha rotina \u00e9 totalmente organizada na agenda. Trabalho, sa\u00fade, fam\u00edlia e lazer s\u00e3o fundamentais. Amo bike, moto, jet ski e cavalos, al\u00e9m de trilhas e esportes radicais. Gosto de desafios e de me manter ativa!<\/em><\/p>\n\n\n\n<p><strong>Voc\u00ea gosta de desafios?&nbsp; O que te mant\u00e9m motivada?<\/strong><br><em>Gosto de testar minha capacidade, ent\u00e3o sempre vou al\u00e9m em tudo o que fa\u00e7o. A conquista me motiva a continuar, porque mostra que sou capaz! N\u00e3o me contento com o b\u00e1sico, busco sempre evolu\u00e7\u00e3o e inova\u00e7\u00e3o, tanto na minha vida pessoal quanto nos meus neg\u00f3cios.<\/em><\/p>\n\n\n\n<p><strong>O que voc\u00ea gosta de fazer nas horas de lazer?<\/strong><br><em>Minhas horas de lazer s\u00e3o sempre movimentadas! Gosto de andar de bike, jet ski, moto e cavalos, al\u00e9m de fazer trilhas e esportes radicais. N\u00e3o tolero ficar sem fazer nada\u2014na verdade, eu n\u00e3o consigo!<\/em><\/p>\n\n\n\n<p><strong>O que o p\u00fablico pode esperar do SPA Maria Bonita este ano?<\/strong><br><em>Os visitantes do SPA Maria Bonita em Itacar\u00e9 ter\u00e3o uma experi\u00eancia transformadora! Quem fizer os tratamentos, n\u00e3o voltar\u00e1 o mesmo para casa.<\/em><\/p>\n\n\n\n<p><em>Nosso programa inclui desintoxica\u00e7\u00e3o, emagrecimento saud\u00e1vel e terapias hol\u00edsticas, proporcionando equil\u00edbrio f\u00edsico e mental. O p\u00fablico pode esperar tratamentos de alto n\u00edvel, que far\u00e3o toda a diferen\u00e7a na sa\u00fade e no bem-estar de cada h\u00f3spede.<\/em><br><\/p>\n\n\n\n<figure class=\"wp-block-image aligncenter size-large\"><img width=\"682\" height=\"1024\" src=\"https:\/\/vimagazine.com.br\/wp-content\/uploads\/2025\/03\/WhatsApp-Image-2025-03-18-at-13.07.25-682x1024.jpeg\" alt=\"\" class=\"wp-image-18051\" srcset=\"https:\/\/vimagazine.com.br\/wp-content\/uploads\/2025\/03\/WhatsApp-Image-2025-03-18-at-13.07.25-682x1024.jpeg 682w, https:\/\/vimagazine.com.br\/wp-content\/uploads\/2025\/03\/WhatsApp-Image-2025-03-18-at-13.07.25-200x300.jpeg 200w, https:\/\/vimagazine.com.br\/wp-content\/uploads\/2025\/03\/WhatsApp-Image-2025-03-18-at-13.07.25-768x1153.jpeg 768w, https:\/\/vimagazine.com.br\/wp-content\/uploads\/2025\/03\/WhatsApp-Image-2025-03-18-at-13.07.25-1023x1536.jpeg 1023w, https:\/\/vimagazine.com.br\/wp-content\/uploads\/2025\/03\/WhatsApp-Image-2025-03-18-at-13.07.25-1024x1537.jpeg 1024w, https:\/\/vimagazine.com.br\/wp-content\/uploads\/2025\/03\/WhatsApp-Image-2025-03-18-at-13.07.25.jpeg 1066w\" sizes=\"(max-width: 682px) 100vw, 682px\" \/><figcaption>Adoilton Chaves (Tat\u00e1) &#8211; Naturopata respons\u00e1vel pelo SPA &#8211; Foto: Thamylles Amaral<\/figcaption><\/figure>\n\n\n\n<p><strong>Voc\u00ea mesma passou pelo programa do Spa recentemente. Voc\u00ea pode compartilhar quais benef\u00edcios teve com o tratamento?<\/strong><br><em>Gostei tanto que j\u00e1 fiz tr\u00eas vezes! Na primeira vez, eliminei cinco pedras na ves\u00edcula, que eram indica\u00e7\u00f5es cir\u00fargicas. Antes de iniciar o SuperDetox, fiz um ultrassom do abd\u00f4men total. Depois do tratamento, refiz o exame e as pedras haviam desaparecido. O m\u00e9dico n\u00e3o acreditou, achou que eu tinha operado. Mas mostrei que n\u00e3o! Ele pediu outro ultrassom, e l\u00e1 estava o resultado: n\u00e3o tinha mais as pedras! O tratamento n\u00e3o promete curas milagrosas, mas, em alguns casos, resultados incr\u00edveis acontecem\u2014e foi isso que aconteceu comigo.<\/em><\/p>\n\n\n\n<p><em>Na segunda vez, percebi uma melhora significativa na minha respira\u00e7\u00e3o. Agora, na \u00faltima experi\u00eancia, fiquei encantada com o renascimento, uma t\u00e9cnica que consiste em 30 minutos de respira\u00e7\u00e3o profunda e consciente. Foi a\u00ed que percebi que n\u00e3o sabia respirar corretamente! Depois dessa viv\u00eancia, aprendi a respirar de verdade e isso mudou minha forma de lidar com o estresse e o bem-estar.<\/em><\/p>\n\n\n\n<figure class=\"wp-block-image aligncenter size-large\"><img width=\"683\" height=\"1024\" src=\"https:\/\/vimagazine.com.br\/wp-content\/uploads\/2025\/03\/DSC00046-683x1024.jpg\" alt=\"\" class=\"wp-image-18043\" srcset=\"https:\/\/vimagazine.com.br\/wp-content\/uploads\/2025\/03\/DSC00046-683x1024.jpg 683w, https:\/\/vimagazine.com.br\/wp-content\/uploads\/2025\/03\/DSC00046-200x300.jpg 200w, https:\/\/vimagazine.com.br\/wp-content\/uploads\/2025\/03\/DSC00046-768x1152.jpg 768w, https:\/\/vimagazine.com.br\/wp-content\/uploads\/2025\/03\/DSC00046-1024x1536.jpg 1024w, https:\/\/vimagazine.com.br\/wp-content\/uploads\/2025\/03\/DSC00046.jpg 1280w\" sizes=\"(max-width: 683px) 100vw, 683px\" \/><figcaption>Cida Aguilar Lima  &#8211; Foto: Jo\u00e3o Guilger\n<\/figcaption><\/figure>\n\n\n\n<p><em>Os benef\u00edcios do SuperDetox s\u00e3o imensur\u00e1veis. Voc\u00ea aprende a conhecer melhor seu corpo, seus limites e, sem d\u00favida, passa a refletir muito mais sobre sua sa\u00fade. Quem faz esse programa nunca mais \u00e9 a mesma pessoa\u2014melhora como ser humano, como profissional, como tudo. O Tata foi um presente que o universo me deu! Conhec\u00ea-lo e trazer o Spa Maria Bonita para Itacar\u00e9 foi uma das decis\u00f5es mais acertadas da minha vida. Gratid\u00e3o a Deus!<\/em><\/p>\n","protected":false},"excerpt":{"rendered":"<p>Por Marcia Dornelles Em um movimento estrat\u00e9gico que promete transformar o mercado de wellness em&#8230;<\/p>\n","protected":false},"author":18,"featured_media":18044,"comment_status":"closed","ping_status":"open","sticky":false,"template":"","format":"standard","meta":{"om_disable_all_campaigns":false,"_monsterinsights_skip_tracking":false,"_monsterinsights_sitenote_active":false,"_monsterinsights_sitenote_note":"","_monsterinsights_sitenote_category":0,"spay_email":""},"categories":[27],"tags":[504,1021,1022,1020,1018,288,374,298,1019],"jetpack_featured_media_url":"https:\/\/vimagazine.com.br\/wp-content\/uploads\/2025\/03\/DSC00006.jpg","_links":{"self":[{"href":"https:\/\/vimagazine.com.br\/index.php?rest_route=\/wp\/v2\/posts\/18033"}],"collection":[{"href":"https:\/\/vimagazine.com.br\/index.php?rest_route=\/wp\/v2\/posts"}],"about":[{"href":"https:\/\/vimagazine.com.br\/index.php?rest_route=\/wp\/v2\/types\/post"}],"author":[{"embeddable":true,"href":"https:\/\/vimagazine.com.br\/index.php?rest_route=\/wp\/v2\/users\/18"}],"replies":[{"embeddable":true,"href":"https:\/\/vimagazine.com.br\/index.php?rest_route=%2Fwp%2Fv2%2Fcomments&post=18033"}],"version-history":[{"count":6,"href":"https:\/\/vimagazine.com.br\/index.php?rest_route=\/wp\/v2\/posts\/18033\/revisions"}],"predecessor-version":[{"id":18063,"href":"https:\/\/vimagazine.com.br\/index.php?rest_route=\/wp\/v2\/posts\/18033\/revisions\/18063"}],"wp:featuredmedia":[{"embeddable":true,"href":"https:\/\/vimagazine.com.br\/index.php?rest_route=\/wp\/v2\/media\/18044"}],"wp:attachment":[{"href":"https:\/\/vimagazine.com.br\/index.php?rest_route=%2Fwp%2Fv2%2Fmedia&parent=18033"}],"wp:term":[{"taxonomy":"category","embeddable":true,"href":"https:\/\/vimagazine.com.br\/index.php?rest_route=%2Fwp%2Fv2%2Fcategories&post=18033"},{"taxonomy":"post_tag","embeddable":true,"href":"https:\/\/vimagazine.com.br\/index.php?rest_route=%2Fwp%2Fv2%2Ftags&post=18033"}],"curies":[{"name":"wp","href":"https:\/\/api.w.org\/{rel}","templated":true}]}}