{"id":18056,"date":"2025-03-18T19:20:01","date_gmt":"2025-03-18T22:20:01","guid":{"rendered":"https:\/\/vimagazine.com.br\/?p=18056"},"modified":"2025-03-18T19:20:04","modified_gmt":"2025-03-18T22:20:04","slug":"nova-diretoria-toma-posse-da-cdl-joinville","status":"publish","type":"post","link":"https:\/\/vimagazine.com.br\/?p=18056","title":{"rendered":"Nova diretoria toma posse da CDL Joinville"},"content":{"rendered":"\n<p>Empres\u00e1rio Eduardo Mafra lidera nova diretoria com propostas para fortalecer o varejo e ampliar servi\u00e7os aos lojistas<\/p>\n\n\n\n<p>A C\u00e2mara de Dirigentes Lojistas (CDL) de Joinville tem um novo presidente. Eduardo Sampaio Mafra tomou posse na noite desta segunda-feira (17), assumindo o comando da entidade para o bi\u00eanio 2025\/2026. Empres\u00e1rio do setor varejista, ele sucede Marcos Bittencourt e pretende fortalecer a atua\u00e7\u00e3o da CDL na defesa dos interesses dos lojistas, al\u00e9m de ampliar servi\u00e7os e investir em capacita\u00e7\u00e3o.<\/p>\n\n\n\n<p>Durante a cerim\u00f4nia de posse, Mafra refor\u00e7ou a import\u00e2ncia de modernizar o setor e promover novas oportunidades para os associados. \u201cNosso objetivo \u00e9 preparar os lojistas para um mercado cada vez mais din\u00e2mico, apostando na inova\u00e7\u00e3o e na qualifica\u00e7\u00e3o para fortalecer o varejo joinvilense\u201d, destacou.<\/p>\n\n\n\n<p>60 anos de hist\u00f3ria e fortalecimento do setor<\/p>\n\n\n\n<p>Em 2025, a CDL Joinville completa 60 anos de atua\u00e7\u00e3o, consolidando-se como uma das principais entidades de representa\u00e7\u00e3o do varejo catarinense. Ao longo das d\u00e9cadas, a institui\u00e7\u00e3o tem desempenhado um papel fundamental no fortalecimento do com\u00e9rcio local, promovendo iniciativas que impulsionam o setor e garantem o suporte de seus associados.<\/p>\n\n\n\n<p>\u201cChegar aos 60 anos com uma base s\u00f3lida e um hist\u00f3rico de contribui\u00e7\u00f5es para o desenvolvimento de Joinville \u00e9 motivo de orgulho. Queremos celebrar esse marco conectando ainda mais os lojistas e a comunidade com a hist\u00f3ria da CDL e refor\u00e7ando nossa atua\u00e7\u00e3o para um futuro de ainda mais conquistas\u201d, afirmou Mafra.<\/p>\n\n\n\n<p>Trajet\u00f3ria no varejo e na CDL<\/p>\n\n\n\n<p>Eduardo Mafra est\u00e1 \u00e0 frente da loja Canelli desde 1988 e possui uma longa hist\u00f3ria de participa\u00e7\u00e3o na CDL Joinville.<\/p>\n\n\n\n<p>Em 2001, ajudou a fundar a CDL Jovem, iniciativa voltada para a forma\u00e7\u00e3o de novas lideran\u00e7as empresariais. Ao longo dos anos, ocupou diferentes cargos dentro da entidade, incluindo as vice-presid\u00eancias de Marketing e Financeira.<\/p>\n\n\n\n<p>Balan\u00e7o da gest\u00e3o anterior<\/p>\n\n\n\n<p>Antes da transmiss\u00e3o do cargo, Marcos Bittencourt fez um balan\u00e7o dos dois anos de sua gest\u00e3o. Ele destacou a amplia\u00e7\u00e3o de treinamentos para os lojistas, o fortalecimento da representatividade da CDL e campanhas voltadas ao incentivo do consumo local.<\/p>\n\n\n\n<p>\u201cFoi um per\u00edodo de avan\u00e7os e desafios, mas entregamos uma entidade mais estruturada e engajada com os interesses do setor\u201d, afirmou.<\/p>\n\n\n\n<p>Durante o evento tamb\u00e9m aconteceu a entrega do pr\u00eamio M\u00e9rito Lojista 2025 sendo reconhecido o advogado Rodrigo Coelho na categoria personalidade, empresa Asaas na categoria destaque nacional e Carlos Grendene como destaque no varejo.&nbsp;<\/p>\n\n\n\n<p>Nova diretoria assume com projetos para 2025\/2026<\/p>\n\n\n\n<p>A nova diretoria da CDL Joinville atuar\u00e1 para ampliar a rede de apoio aos associados e fortalecer a representa\u00e7\u00e3o do setor. Confira os nomes que estar\u00e3o \u00e0 frente da entidade nos pr\u00f3ximos dois anos:<\/p>\n\n\n\n<p>Presidente: Eduardo Sampaio Mafra (Lojas Canelli)<\/p>\n\n\n\n<p>Vice-Presidente Financeiro: Diego Petry de Souza (Cida Modas)<\/p>\n\n\n\n<p>Vice-Presidente Administrativo e Patrimonial: Ivo Scheidet Filho (Technik Com\u00e9rcio de Tintas)<\/p>\n\n\n\n<p>Vice-Presidente SPC: Marcos Ant\u00f4nio Bittencourt (Promacal e MCB T\u00eaxtil)<\/p>\n\n\n\n<p>Vice-Presidente de Treinamento: Julita Michels (Joyce Modas)<\/p>\n\n\n\n<p>Vice-Presidente de Marketing: Alexandre Brand\u00e3o Nascimento (Brand\u00e3o Business Brokers)<\/p>\n\n\n\n<p>Vice-Presidente de C\u00e2maras Setoriais: Roseli Steiner Hang (Confeitaria Semente da Terra)<\/p>\n\n\n\n<p>Vice-Presidente de Inova\u00e7\u00e3o e CDL Jovem: Amanda Souza dos Santos (Kimi Sushi)<\/p>\n\n\n\n<p>Expans\u00e3o das c\u00e2maras setoriais e novos servi\u00e7os<\/p>\n\n\n\n<p>Atualmente, a CDL Joinville conta com oito c\u00e2maras setoriais e pretende criar mais duas at\u00e9 o fim do ano. Essas c\u00e2maras t\u00eam o objetivo de conectar lojistas por segmentos de mercado, promovendo networking e compartilhamento de boas pr\u00e1ticas.<\/p>\n\n\n\n<p>A CDL Joinville tamb\u00e9m oferece diversas solu\u00e7\u00f5es e benef\u00edcios aos seus associados, como acesso ao SPC Brasil, o maior banco de dados de cr\u00e9dito da Am\u00e9rica Latina, al\u00e9m de planos de sa\u00fade e odontol\u00f3gicos, certifica\u00e7\u00e3o digital, capacita\u00e7\u00f5es e treinamentos voltados \u00e0 qualifica\u00e7\u00e3o dos lojistas. A entidade tamb\u00e9m tem atua\u00e7\u00e3o ativa nas principais pautas econ\u00f4micas da cidade, defendendo os interesses do empresariado e fomentando o empreendedorismo.<\/p>\n\n\n\n<p>\u201cNosso objetivo \u00e9 melhorar o ambiente de neg\u00f3cios, fomentar a inova\u00e7\u00e3o no setor e criar oportunidades para todos os nossos associados. Seguiremos trabalhando para tornar o varejo joinvilense ainda mais forte e competitivo\u201d, concluiu Mafra.<\/p>\n\n\n\n<figure class=\"wp-block-image size-large\"><img width=\"1024\" height=\"1024\" src=\"https:\/\/vimagazine.com.br\/wp-content\/uploads\/2025\/03\/cdl-1024x1024.jpg\" alt=\"\" class=\"wp-image-18057\" srcset=\"https:\/\/vimagazine.com.br\/wp-content\/uploads\/2025\/03\/cdl-1024x1023.jpg 1024w, https:\/\/vimagazine.com.br\/wp-content\/uploads\/2025\/03\/cdl-300x300.jpg 300w, https:\/\/vimagazine.com.br\/wp-content\/uploads\/2025\/03\/cdl-150x150.jpg 150w, https:\/\/vimagazine.com.br\/wp-content\/uploads\/2025\/03\/cdl-768x767.jpg 768w, https:\/\/vimagazine.com.br\/wp-content\/uploads\/2025\/03\/cdl.jpg 1080w\" sizes=\"(max-width: 1024px) 100vw, 1024px\" \/><\/figure>\n","protected":false},"excerpt":{"rendered":"<p>Empres\u00e1rio Eduardo Mafra lidera nova diretoria com propostas para fortalecer o varejo e ampliar servi\u00e7os&#8230;<\/p>\n","protected":false},"author":20,"featured_media":0,"comment_status":"closed","ping_status":"open","sticky":false,"template":"","format":"standard","meta":{"om_disable_all_campaigns":false,"_monsterinsights_skip_tracking":false,"_monsterinsights_sitenote_active":false,"_monsterinsights_sitenote_note":"","_monsterinsights_sitenote_category":0,"spay_email":""},"categories":[1],"tags":[],"jetpack_featured_media_url":"","_links":{"self":[{"href":"https:\/\/vimagazine.com.br\/index.php?rest_route=\/wp\/v2\/posts\/18056"}],"collection":[{"href":"https:\/\/vimagazine.com.br\/index.php?rest_route=\/wp\/v2\/posts"}],"about":[{"href":"https:\/\/vimagazine.com.br\/index.php?rest_route=\/wp\/v2\/types\/post"}],"author":[{"embeddable":true,"href":"https:\/\/vimagazine.com.br\/index.php?rest_route=\/wp\/v2\/users\/20"}],"replies":[{"embeddable":true,"href":"https:\/\/vimagazine.com.br\/index.php?rest_route=%2Fwp%2Fv2%2Fcomments&post=18056"}],"version-history":[{"count":1,"href":"https:\/\/vimagazine.com.br\/index.php?rest_route=\/wp\/v2\/posts\/18056\/revisions"}],"predecessor-version":[{"id":18058,"href":"https:\/\/vimagazine.com.br\/index.php?rest_route=\/wp\/v2\/posts\/18056\/revisions\/18058"}],"wp:attachment":[{"href":"https:\/\/vimagazine.com.br\/index.php?rest_route=%2Fwp%2Fv2%2Fmedia&parent=18056"}],"wp:term":[{"taxonomy":"category","embeddable":true,"href":"https:\/\/vimagazine.com.br\/index.php?rest_route=%2Fwp%2Fv2%2Fcategories&post=18056"},{"taxonomy":"post_tag","embeddable":true,"href":"https:\/\/vimagazine.com.br\/index.php?rest_route=%2Fwp%2Fv2%2Ftags&post=18056"}],"curies":[{"name":"wp","href":"https:\/\/api.w.org\/{rel}","templated":true}]}}