{"id":18067,"date":"2025-03-18T22:08:45","date_gmt":"2025-03-19T01:08:45","guid":{"rendered":"https:\/\/vimagazine.com.br\/?p=18067"},"modified":"2025-03-18T22:08:47","modified_gmt":"2025-03-19T01:08:47","slug":"fabrica-de-chefs-2025-uma-experiencia-sensorial-que-voce-nao-pode-perder","status":"publish","type":"post","link":"https:\/\/vimagazine.com.br\/?p=18067","title":{"rendered":"<strong>F\u00e1brica de Chefs 2025: Uma Experi\u00eancia Sensorial que Voc\u00ea N\u00e3o Pode Perder!<\/strong>"},"content":{"rendered":"\n<p class=\"has-text-align-center\">O mundo da gastronomia est\u00e1 prestes a viver um momento inesquec\u00edvel em Vit\u00f3ria, Esp\u00edrito Santo<\/p>\n\n\n\n<p>Vit\u00f3ria ser\u00e1 o palco da 3\u00baEdi\u00e7\u00e3o do \u201cF\u00e1brica de Chefs 2025\u201d, o evento que promete revolucionar o cen\u00e1rio culin\u00e1rio nacional. Marcado para o dia 28 de\u00a0abril, no requintado Espa\u00e7o Patrick Ribeiro, este encontro promete encantar os\u00a0sentidos e despertar a paix\u00e3o pela gastronomia em todos os presentes.<\/p>\n\n\n\n<figure class=\"wp-block-image size-large is-resized\"><img src=\"https:\/\/vimagazine.com.br\/wp-content\/uploads\/2025\/03\/Charles-Souza-773x1024.jpg\" alt=\"F\u00e1brica de Chefs 2025: Uma Experi\u00eancia Sensorial que Voc\u00ea N\u00e3o Pode Perder!\" class=\"wp-image-18069\" width=\"837\" height=\"1109\" srcset=\"https:\/\/vimagazine.com.br\/wp-content\/uploads\/2025\/03\/Charles-Souza-773x1024.jpg 773w, https:\/\/vimagazine.com.br\/wp-content\/uploads\/2025\/03\/Charles-Souza-227x300.jpg 227w, https:\/\/vimagazine.com.br\/wp-content\/uploads\/2025\/03\/Charles-Souza-768x1017.jpg 768w, https:\/\/vimagazine.com.br\/wp-content\/uploads\/2025\/03\/Charles-Souza-1160x1536.jpg 1160w, https:\/\/vimagazine.com.br\/wp-content\/uploads\/2025\/03\/Charles-Souza-1024x1356.jpg 1024w, https:\/\/vimagazine.com.br\/wp-content\/uploads\/2025\/03\/Charles-Souza.jpg 1440w\" sizes=\"(max-width: 837px) 100vw, 837px\" \/><\/figure>\n\n\n\n<p>Este ano, o \u201cF\u00e1brica de Chefs 2025\u201d re\u00fane um time de peso da Gastronomia, prontos para surpreender e inspirar. Al\u00e9m do grande Mestre da Cozinha&nbsp;respons\u00e1vel pelo evento, o Chef Hugo Grassi, capixaba e conhecido&nbsp;internacionalmente por ter participado da 2\u00ba temporada do \u201cHell\u2019s Kitchen\u201d; e&nbsp;tamb\u00e9m do \u201cF\u00e1brica de Casamentos\u201d onde ficou respons\u00e1vel pelos menus de&nbsp;diversos casamentos ao longo da temporada, em parceria com o empres\u00e1rio e&nbsp;mega produtor de eventos e s\u00f3cio coprodutor do \u201cF\u00e1brica de Chefs 2025\u201d&nbsp;&nbsp;Charles Souza, que traz um olhar estrat\u00e9gico e dedica\u00e7\u00e3o incans\u00e1vel, \u00e9 o&nbsp;respons\u00e1vel por transformar o \u201cF\u00e1brica de Chefs\u201d em um dos eventos mais&nbsp;esperados do ano.<\/p>\n\n\n\n<p><strong><em>Estre os Chefs convidados est\u00e3o:<\/em><\/strong><strong><\/strong><\/p>\n\n\n\n<p>\u00b7 Henrique Foga\u00e7a: Chef internacionalmente conhecido, jurado do MasterChef<\/p>\n\n\n\n<p>Brasil e propriet\u00e1rio de restaurantes ic\u00f4nicos como o Sal Gastronomia, Foga\u00e7a<\/p>\n\n\n\n<p>\u00e9 a personifica\u00e7\u00e3o da criatividade e ousadia na cozinha<\/p>\n\n\n\n<p>\u00b7 Dario Costa: O mestre dos Pescados; com uma carreira s\u00f3lida e reconhecida, D\u00e1rio ganhou notoriedade como vencedor do reality Mestre do Sabor.<\/p>\n\n\n\n<p>\u00b7 Geovane Carneiro: Reconhecido por seu talento e longa parceria com Alex Atala, Geovane trabalha h\u00e1 25 anos no renomado restaurante D.O.M., que ostenta duas estrelas Michelin.<\/p>\n\n\n\n<p>\u00b7 Lucas Corazza: Considerado um dos maiores confeiteiros do pa\u00eds, Lucas foi jurado no programa Que Seja Doce. Suas cria\u00e7\u00f5es, que combinam t\u00e9cnica, beleza e sabores irresist\u00edveis, prometem encantar os apaixonados por doces.<\/p>\n\n\n\n<p>\u00b7 L\u00e9o Abreu: Chef apaixonado por resgatar a ess\u00eancia dos ingredientes brasileiros, regionais, L\u00e9o possui mais de 1 milh\u00e3o de seguidores em suas redes sociais.<\/p>\n\n\n\n<p>\u00b7 Cadu Evangelisti: Mestre da fus\u00e3o entre sabores orientais e ocidentais, Cadu foi finalista do reality Top Chef Brasil. Seu bar restaurante, o Broca, \u00e9 aclamado&nbsp;pela criatividade e dom\u00ednio t\u00e9cnico que ele aplica em cada prato.<\/p>\n\n\n\n<p>\u00b7 Val\u00e9ria Gon\u00e7alves: Consultora de destaque no cen\u00e1rio nacional, Val\u00e9ria \u00e9 especialista em planejamento estrat\u00e9gico e desenvolvimento na \u00e1rea de&nbsp;gastronomia, contribuindo para o crescimento do setor com sua expertise.<\/p>\n\n\n\n<p>Prepare-se para uma surpresa sensacional: o F\u00e1brica de Chefs 2025 ter\u00e1 a participa\u00e7\u00e3o especial de Tiago Barnab\u00e9, conhecido publicamente como narcisa. Com sua paix\u00e3o pela gastronomia e sua personalidade marcante,&nbsp;Narcisa promete trazer um toque \u00fanico e emocionante ao evento.<\/p>\n\n\n\n<p>O F\u00e1brica de Chefs 2025 \u00e9 muito mais do que um evento; \u00e9 a representa\u00e7\u00e3o viva da riqueza e da diversidade da gastronomia brasileira. Um espa\u00e7o onde&nbsp;tradi\u00e7\u00e3o e inova\u00e7\u00e3o se encontram, e onde chefs e entusiastas unem for\u00e7as&nbsp;para criar algo verdadeiramente extraordin\u00e1rio.<\/p>\n\n\n\n<p>Data: 28 de abril de 2025<\/p>\n\n\n\n<p>Local: Espa\u00e7o Patrick Ribeiro, Vit\u00f3ria-ES<\/p>\n\n\n\n<p>Ingressos: Dispon\u00edveis na plataforma Sympla<\/p>\n\n\n\n<p>Link:&nbsp;<a href=\"https:\/\/draft.blogger.com\/blog\/post\/edit\/6944606363783151613\/3336743505395273194\">https:\/\/www.sympla.com.br\/evento\/fabrica-de-chefs-2025\/2779579<\/a><\/p>\n","protected":false},"excerpt":{"rendered":"<p>O mundo da gastronomia est\u00e1 prestes a viver um momento inesquec\u00edvel em Vit\u00f3ria, Esp\u00edrito Santo&#8230;<\/p>\n","protected":false},"author":2,"featured_media":18068,"comment_status":"closed","ping_status":"open","sticky":false,"template":"","format":"standard","meta":{"om_disable_all_campaigns":false,"_monsterinsights_skip_tracking":false,"_monsterinsights_sitenote_active":false,"_monsterinsights_sitenote_note":"","_monsterinsights_sitenote_category":0,"spay_email":""},"categories":[26],"tags":[208,1023],"jetpack_featured_media_url":"https:\/\/vimagazine.com.br\/wp-content\/uploads\/2025\/03\/Hugo-Grassi-Perfil.jpg","_links":{"self":[{"href":"https:\/\/vimagazine.com.br\/index.php?rest_route=\/wp\/v2\/posts\/18067"}],"collection":[{"href":"https:\/\/vimagazine.com.br\/index.php?rest_route=\/wp\/v2\/posts"}],"about":[{"href":"https:\/\/vimagazine.com.br\/index.php?rest_route=\/wp\/v2\/types\/post"}],"author":[{"embeddable":true,"href":"https:\/\/vimagazine.com.br\/index.php?rest_route=\/wp\/v2\/users\/2"}],"replies":[{"embeddable":true,"href":"https:\/\/vimagazine.com.br\/index.php?rest_route=%2Fwp%2Fv2%2Fcomments&post=18067"}],"version-history":[{"count":1,"href":"https:\/\/vimagazine.com.br\/index.php?rest_route=\/wp\/v2\/posts\/18067\/revisions"}],"predecessor-version":[{"id":18070,"href":"https:\/\/vimagazine.com.br\/index.php?rest_route=\/wp\/v2\/posts\/18067\/revisions\/18070"}],"wp:featuredmedia":[{"embeddable":true,"href":"https:\/\/vimagazine.com.br\/index.php?rest_route=\/wp\/v2\/media\/18068"}],"wp:attachment":[{"href":"https:\/\/vimagazine.com.br\/index.php?rest_route=%2Fwp%2Fv2%2Fmedia&parent=18067"}],"wp:term":[{"taxonomy":"category","embeddable":true,"href":"https:\/\/vimagazine.com.br\/index.php?rest_route=%2Fwp%2Fv2%2Fcategories&post=18067"},{"taxonomy":"post_tag","embeddable":true,"href":"https:\/\/vimagazine.com.br\/index.php?rest_route=%2Fwp%2Fv2%2Ftags&post=18067"}],"curies":[{"name":"wp","href":"https:\/\/api.w.org\/{rel}","templated":true}]}}