{"id":18091,"date":"2025-03-21T17:32:42","date_gmt":"2025-03-21T20:32:42","guid":{"rendered":"https:\/\/vimagazine.com.br\/?p=18091"},"modified":"2025-03-21T17:40:11","modified_gmt":"2025-03-21T20:40:11","slug":"julia-vieira-inspirando-com-carisma-e-determinacao-no-dia-internacional-da-sindrome-de-down","status":"publish","type":"post","link":"https:\/\/vimagazine.com.br\/?p=18091","title":{"rendered":"J\u00falia Vieira: Inspirando com Carisma e Determina\u00e7\u00e3o no Dia Internacional da S\u00edndrome de Down!"},"content":{"rendered":"\n<p>Quem entrou na Vibe com <a href=\"https:\/\/www.instagram.com\/giucota\" title=\"Giu\">Giu<\/a> Cota, foi a jovem talentosa <strong><a href=\"https:\/\/www.instagram.com\/juliavieira.p?utm_source=ig_web_button_share_sheet&amp;igsh=ZDNlZDc0MzIxNw==\" title=\"Julia Vieira\">Julia Vieira<\/a><\/strong>, portadora da  S\u00edndrome de Down.<\/p>\n\n\n\n<figure class=\"wp-block-image size-large\"><img width=\"1024\" height=\"1024\" src=\"https:\/\/vimagazine.com.br\/wp-content\/uploads\/2025\/03\/photo_2025-03-21_17-14-37-1024x1024.jpg\" alt=\"\" class=\"wp-image-18092\" srcset=\"https:\/\/vimagazine.com.br\/wp-content\/uploads\/2025\/03\/photo_2025-03-21_17-14-37-1024x1024.jpg 1024w, https:\/\/vimagazine.com.br\/wp-content\/uploads\/2025\/03\/photo_2025-03-21_17-14-37-300x300.jpg 300w, https:\/\/vimagazine.com.br\/wp-content\/uploads\/2025\/03\/photo_2025-03-21_17-14-37-150x150.jpg 150w, https:\/\/vimagazine.com.br\/wp-content\/uploads\/2025\/03\/photo_2025-03-21_17-14-37-768x768.jpg 768w, https:\/\/vimagazine.com.br\/wp-content\/uploads\/2025\/03\/photo_2025-03-21_17-14-37.jpg 1066w\" sizes=\"(max-width: 1024px) 100vw, 1024px\" \/><figcaption><a href=\"https:\/\/www.instagram.com\/juliavieira.p?utm_source=ig_web_button_share_sheet&amp;igsh=ZDNlZDc0MzIxNw==\" title=\"Julia Vieira\">Julia Vieira<\/a><\/figcaption><\/figure>\n\n\n\n<p>A <strong>S\u00edndrome de Down<\/strong> \u00e9 uma condi\u00e7\u00e3o gen\u00e9tica causada pela trissomia do cromossomo 21, uma altera\u00e7\u00e3o que pode influenciar o desenvolvimento f\u00edsico e cognitivo, mas que, de forma alguma, define os limites de uma pessoa. Com est\u00edmulos adequados, suporte familiar e oportunidades, indiv\u00edduos com S\u00edndrome de Down podem viver plenamente, estudar, trabalhar e realizar seus sonhos.<br>Um grande exemplo dessa realidade \u00e9 a J\u00falia, uma menina carism\u00e1tica, influenciadora digital e cheia de energia. Com o apoio da m\u00e3e, Cris, ela leva uma vida ativa e inspiradora, mostrando que o mais importante \u00e9 acreditar no pr\u00f3prio potencial. \u201cAtriz ainda n\u00e3o sou. Agora, como influenciadora, eu amo gravar v\u00eddeos e compartilhar momentos com meus jujumores\u201d, conta <strong>J\u00falia,<\/strong> referindo-se ao carinho que recebe de seus seguidores.<\/p>\n\n\n\n<figure class=\"wp-container-2 wp-block-gallery-1 wp-block-gallery has-nested-images columns-default is-cropped\">\n<figure class=\"wp-block-image size-large\"><img width=\"1080\" height=\"1073\" data-id=\"18093\"  src=\"https:\/\/vimagazine.com.br\/wp-content\/uploads\/2025\/03\/photo_2025-03-21_17-14-49.jpg\" alt=\"\" class=\"wp-image-18093\" srcset=\"https:\/\/vimagazine.com.br\/wp-content\/uploads\/2025\/03\/photo_2025-03-21_17-14-49.jpg 1080w, https:\/\/vimagazine.com.br\/wp-content\/uploads\/2025\/03\/photo_2025-03-21_17-14-49-300x298.jpg 300w, https:\/\/vimagazine.com.br\/wp-content\/uploads\/2025\/03\/photo_2025-03-21_17-14-49-1024x1017.jpg 1024w, https:\/\/vimagazine.com.br\/wp-content\/uploads\/2025\/03\/photo_2025-03-21_17-14-49-150x150.jpg 150w, https:\/\/vimagazine.com.br\/wp-content\/uploads\/2025\/03\/photo_2025-03-21_17-14-49-768x763.jpg 768w\" sizes=\"(max-width: 1080px) 100vw, 1080px\" \/><figcaption>Giu e Julia (Marabraz)<\/figcaption><\/figure>\n\n\n\n<figure class=\"wp-block-image size-large\"><img width=\"1080\" height=\"1162\" data-id=\"18094\"  src=\"https:\/\/vimagazine.com.br\/wp-content\/uploads\/2025\/03\/photo_2025-03-21_17-14-57.jpg\" alt=\"\" class=\"wp-image-18094\" srcset=\"https:\/\/vimagazine.com.br\/wp-content\/uploads\/2025\/03\/photo_2025-03-21_17-14-57.jpg 1080w, https:\/\/vimagazine.com.br\/wp-content\/uploads\/2025\/03\/photo_2025-03-21_17-14-57-279x300.jpg 279w, https:\/\/vimagazine.com.br\/wp-content\/uploads\/2025\/03\/photo_2025-03-21_17-14-57-952x1024.jpg 952w, https:\/\/vimagazine.com.br\/wp-content\/uploads\/2025\/03\/photo_2025-03-21_17-14-57-768x826.jpg 768w, https:\/\/vimagazine.com.br\/wp-content\/uploads\/2025\/03\/photo_2025-03-21_17-14-57-1024x1102.jpg 1024w\" sizes=\"(max-width: 1080px) 100vw, 1080px\" \/><figcaption>Foto Divulga\u00e7\u00e3o Julia<\/figcaption><\/figure>\n\n\n\n<figure class=\"wp-block-image size-large\"><img width=\"1079\" height=\"1280\" data-id=\"18095\"  src=\"https:\/\/vimagazine.com.br\/wp-content\/uploads\/2025\/03\/photo_2025-03-21_17-15-01.jpg\" alt=\"\" class=\"wp-image-18095\" srcset=\"https:\/\/vimagazine.com.br\/wp-content\/uploads\/2025\/03\/photo_2025-03-21_17-15-01.jpg 1079w, https:\/\/vimagazine.com.br\/wp-content\/uploads\/2025\/03\/photo_2025-03-21_17-15-01-253x300.jpg 253w, https:\/\/vimagazine.com.br\/wp-content\/uploads\/2025\/03\/photo_2025-03-21_17-15-01-863x1024.jpg 863w, https:\/\/vimagazine.com.br\/wp-content\/uploads\/2025\/03\/photo_2025-03-21_17-15-01-768x911.jpg 768w, https:\/\/vimagazine.com.br\/wp-content\/uploads\/2025\/03\/photo_2025-03-21_17-15-01-1024x1215.jpg 1024w\" sizes=\"(max-width: 1079px) 100vw, 1079px\" \/><figcaption>Foto Divulga\u00e7\u00e3o Julia<\/figcaption><\/figure>\n\n\n\n<figure class=\"wp-block-image size-large\"><img width=\"1031\" height=\"1082\" data-id=\"18096\"  src=\"https:\/\/vimagazine.com.br\/wp-content\/uploads\/2025\/03\/photo_2025-03-21_17-15-04.jpg\" alt=\"\" class=\"wp-image-18096\" srcset=\"https:\/\/vimagazine.com.br\/wp-content\/uploads\/2025\/03\/photo_2025-03-21_17-15-04.jpg 1031w, https:\/\/vimagazine.com.br\/wp-content\/uploads\/2025\/03\/photo_2025-03-21_17-15-04-286x300.jpg 286w, https:\/\/vimagazine.com.br\/wp-content\/uploads\/2025\/03\/photo_2025-03-21_17-15-04-976x1024.jpg 976w, https:\/\/vimagazine.com.br\/wp-content\/uploads\/2025\/03\/photo_2025-03-21_17-15-04-768x806.jpg 768w, https:\/\/vimagazine.com.br\/wp-content\/uploads\/2025\/03\/photo_2025-03-21_17-15-04-1024x1075.jpg 1024w\" sizes=\"(max-width: 1031px) 100vw, 1031px\" \/><figcaption>Foto Divulga\u00e7\u00e3o Julia<\/figcaption><\/figure>\n\n\n\n<figure class=\"wp-block-image size-large\"><img width=\"1080\" height=\"775\" data-id=\"18097\"  src=\"https:\/\/vimagazine.com.br\/wp-content\/uploads\/2025\/03\/photo_2025-03-21_17-21-14.jpg\" alt=\"\" class=\"wp-image-18097\" srcset=\"https:\/\/vimagazine.com.br\/wp-content\/uploads\/2025\/03\/photo_2025-03-21_17-21-14.jpg 1080w, https:\/\/vimagazine.com.br\/wp-content\/uploads\/2025\/03\/photo_2025-03-21_17-21-14-300x215.jpg 300w, https:\/\/vimagazine.com.br\/wp-content\/uploads\/2025\/03\/photo_2025-03-21_17-21-14-1024x735.jpg 1024w, https:\/\/vimagazine.com.br\/wp-content\/uploads\/2025\/03\/photo_2025-03-21_17-21-14-768x551.jpg 768w\" sizes=\"(max-width: 1080px) 100vw, 1080px\" \/><figcaption>Julia e Zeze de Camargo<\/figcaption><\/figure>\n<\/figure>\n\n\n\n<p>O talento da <strong>J\u00falia <\/strong>ficou evidente desde cedo. Seu primeiro trabalho foi com ningu\u00e9m menos que Zez\u00e9 Di <strong>Camargo<\/strong> e <strong>Luciano<\/strong>, em uma campanha para a loja <strong><a href=\"https:\/\/www.instagram.com\/lojasmarabraz?utm_source=ig_web_button_share_sheet&amp;igsh=ZDNlZDc0MzIxNw==\" title=\"Marabraz\">Marabraz<\/a><\/strong>. E essa experi\u00eancia marcou sua trajet\u00f3ria. \u201cAli\u00e1s, foi quando nos conhecemos. Foi muito legal!\u201d, relembra com entusiasmo.<br>Quando perguntada sobre qual conselho daria para outras crian\u00e7as com S\u00edndrome de Down que sonham em seguir seus pr\u00f3prios caminhos, J\u00falia compartilha quatro ensinamentos poderosos:<br><strong><em>Acredite em voc\u00ea.<br>N\u00e3o deixe ningu\u00e9m dizer que voc\u00ea n\u00e3o \u00e9 capaz.<br>Se ame e se admire.<br>Siga seus sonhos.<\/em><\/strong><br>O Dia Internacional da S\u00edndrome de Down \u00e9 uma oportunidade para refor\u00e7ar a import\u00e2ncia da inclus\u00e3o e do respeito. J\u00falia \u00e9 a prova de que, com incentivo e determina\u00e7\u00e3o, n\u00e3o h\u00e1 barreiras para o sucesso. Afinal, o que realmente define algu\u00e9m s\u00e3o suas atitudes e sua vontade de brilhar!<\/p>\n\n\n\n<p>Acompanhe sempre a minha coluna #NaVibeComGiuCota &nbsp;na&nbsp;#ViMagazine&nbsp;para mais conte\u00fados exclusivos! para dicas exclusivas e entrevistas que fazem a diferen\u00e7a na sua vida!<\/p>\n\n\n\n<h1>#GiuCota #Podcast #PodCota<\/h1>\n\n\n\n<h1>#humor #informacao #diversao #SejaRedeDeApoio #Inclus\u00e3o #Diversidade<\/h1>\n\n\n\n<h1>#Respeito\u00c0sDiferen\u00e7as #MeiasColoridas<\/h1>\n\n\n\n<p>Giu Cota<br>Colunista Vi Magazine<br>\u201cNa Vibe com Giu Cota\u201d<\/p>\n\n\n\n<p><\/p>\n","protected":false},"excerpt":{"rendered":"<p>Quem entrou na Vibe com Giu Cota, foi a jovem talentosa Julia Vieira, portadora da&#8230;<\/p>\n","protected":false},"author":37,"featured_media":0,"comment_status":"closed","ping_status":"open","sticky":false,"template":"","format":"standard","meta":{"om_disable_all_campaigns":false,"_monsterinsights_skip_tracking":false,"_monsterinsights_sitenote_active":false,"_monsterinsights_sitenote_note":"","_monsterinsights_sitenote_category":0,"spay_email":""},"categories":[1],"tags":[],"jetpack_featured_media_url":"","_links":{"self":[{"href":"https:\/\/vimagazine.com.br\/index.php?rest_route=\/wp\/v2\/posts\/18091"}],"collection":[{"href":"https:\/\/vimagazine.com.br\/index.php?rest_route=\/wp\/v2\/posts"}],"about":[{"href":"https:\/\/vimagazine.com.br\/index.php?rest_route=\/wp\/v2\/types\/post"}],"author":[{"embeddable":true,"href":"https:\/\/vimagazine.com.br\/index.php?rest_route=\/wp\/v2\/users\/37"}],"replies":[{"embeddable":true,"href":"https:\/\/vimagazine.com.br\/index.php?rest_route=%2Fwp%2Fv2%2Fcomments&post=18091"}],"version-history":[{"count":2,"href":"https:\/\/vimagazine.com.br\/index.php?rest_route=\/wp\/v2\/posts\/18091\/revisions"}],"predecessor-version":[{"id":18100,"href":"https:\/\/vimagazine.com.br\/index.php?rest_route=\/wp\/v2\/posts\/18091\/revisions\/18100"}],"wp:attachment":[{"href":"https:\/\/vimagazine.com.br\/index.php?rest_route=%2Fwp%2Fv2%2Fmedia&parent=18091"}],"wp:term":[{"taxonomy":"category","embeddable":true,"href":"https:\/\/vimagazine.com.br\/index.php?rest_route=%2Fwp%2Fv2%2Fcategories&post=18091"},{"taxonomy":"post_tag","embeddable":true,"href":"https:\/\/vimagazine.com.br\/index.php?rest_route=%2Fwp%2Fv2%2Ftags&post=18091"}],"curies":[{"name":"wp","href":"https:\/\/api.w.org\/{rel}","templated":true}]}}