{"id":1812,"date":"2021-12-08T19:25:11","date_gmt":"2021-12-08T22:25:11","guid":{"rendered":"https:\/\/vimagazine.com.br\/?p=1812"},"modified":"2021-12-09T14:56:30","modified_gmt":"2021-12-09T17:56:30","slug":"estevao-jacintho","status":"publish","type":"post","link":"https:\/\/vimagazine.com.br\/?p=1812","title":{"rendered":"ESTEV\u00c3O JACINTHO &#8211; Uma trajet\u00f3ria entre a m\u00fasica e as artes c\u00eanicas"},"content":{"rendered":"\n<p><\/p>\n\n\n\n<figure class=\"wp-container-2 wp-block-gallery-1 wp-block-gallery columns-4 is-cropped\"><ul class=\"blocks-gallery-grid\"><li class=\"blocks-gallery-item\"><figure><img width=\"169\" height=\"300\" src=\"https:\/\/vimagazine.com.br\/wp-content\/uploads\/2021\/12\/WhatsApp-Image-2021-12-08-at-16.27.28-1-169x300.jpeg\" alt=\"\" data-id=\"1814\" data-link=\"https:\/\/vimagazine.com.br\/?attachment_id=1814\" class=\"wp-image-1814\" srcset=\"https:\/\/vimagazine.com.br\/wp-content\/uploads\/2021\/12\/WhatsApp-Image-2021-12-08-at-16.27.28-1-169x300.jpeg 169w, https:\/\/vimagazine.com.br\/wp-content\/uploads\/2021\/12\/WhatsApp-Image-2021-12-08-at-16.27.28-1-576x1024.jpeg 576w, https:\/\/vimagazine.com.br\/wp-content\/uploads\/2021\/12\/WhatsApp-Image-2021-12-08-at-16.27.28-1.jpeg 720w\" sizes=\"(max-width: 169px) 100vw, 169px\" \/><\/figure><\/li><li class=\"blocks-gallery-item\"><figure><img width=\"262\" height=\"300\" src=\"https:\/\/vimagazine.com.br\/wp-content\/uploads\/2021\/12\/9e7d74d4-ebc7-48ce-8d20-a8fa2797bd4d-262x300.jpg\" alt=\"\" data-id=\"1816\" data-full-url=\"https:\/\/vimagazine.com.br\/wp-content\/uploads\/2021\/12\/9e7d74d4-ebc7-48ce-8d20-a8fa2797bd4d.jpg\" data-link=\"https:\/\/vimagazine.com.br\/?attachment_id=1816\" class=\"wp-image-1816\" srcset=\"https:\/\/vimagazine.com.br\/wp-content\/uploads\/2021\/12\/9e7d74d4-ebc7-48ce-8d20-a8fa2797bd4d-262x300.jpg 262w, https:\/\/vimagazine.com.br\/wp-content\/uploads\/2021\/12\/9e7d74d4-ebc7-48ce-8d20-a8fa2797bd4d.jpg 476w\" sizes=\"(max-width: 262px) 100vw, 262px\" \/><\/figure><\/li><li class=\"blocks-gallery-item\"><figure><img width=\"185\" height=\"300\" src=\"https:\/\/vimagazine.com.br\/wp-content\/uploads\/2021\/12\/94134369_2993126024105713_7342862709865578496_n-185x300.jpg\" alt=\"\" data-id=\"1817\" data-full-url=\"https:\/\/vimagazine.com.br\/wp-content\/uploads\/2021\/12\/94134369_2993126024105713_7342862709865578496_n.jpg\" data-link=\"https:\/\/vimagazine.com.br\/?attachment_id=1817\" class=\"wp-image-1817\" srcset=\"https:\/\/vimagazine.com.br\/wp-content\/uploads\/2021\/12\/94134369_2993126024105713_7342862709865578496_n-185x300.jpg 185w, https:\/\/vimagazine.com.br\/wp-content\/uploads\/2021\/12\/94134369_2993126024105713_7342862709865578496_n.jpg 545w\" sizes=\"(max-width: 185px) 100vw, 185px\" \/><\/figure><\/li><li class=\"blocks-gallery-item\"><figure><img width=\"225\" height=\"300\" src=\"https:\/\/vimagazine.com.br\/wp-content\/uploads\/2021\/12\/b5480025-6fea-4036-9661-adbd2cdb2d2d-225x300.jpg\" alt=\"\" data-id=\"1818\" data-full-url=\"https:\/\/vimagazine.com.br\/wp-content\/uploads\/2021\/12\/b5480025-6fea-4036-9661-adbd2cdb2d2d.jpg\" data-link=\"https:\/\/vimagazine.com.br\/?attachment_id=1818\" class=\"wp-image-1818\" srcset=\"https:\/\/vimagazine.com.br\/wp-content\/uploads\/2021\/12\/b5480025-6fea-4036-9661-adbd2cdb2d2d-225x300.jpg 225w, https:\/\/vimagazine.com.br\/wp-content\/uploads\/2021\/12\/b5480025-6fea-4036-9661-adbd2cdb2d2d.jpg 480w\" sizes=\"(max-width: 225px) 100vw, 225px\" \/><\/figure><\/li><\/ul><figcaption class=\"blocks-gallery-caption\"><em>Estev\u00e3o Jacintho e suas paix\u00f5es; a m\u00fasica e atua\u00e7\u00e3o<\/em><\/figcaption><\/figure>\n\n\n\n<p><\/p>\n\n\n\n<p>A m\u00fasica est\u00e1 no sangue. Filho de pais m\u00fasicos, desde muito cedo Estev\u00e3o Jacintho iniciou sua trajet\u00f3ria musical aos sete anos de idade. Aos 14 anos j\u00e1 comp\u00f4s sua primeira m\u00fasica \u2013 \u201cH\u00e1 um grande amor\u201d. Assim seguiu fazendo parte de v\u00e1rias bandas musicais do g\u00eanero gospel.<br>Sua juventude toda foi muito regada com a m\u00fasica, afinal, acompanhou uma era de ouro da MPB onde teve muita inspira\u00e7\u00e3o. A m\u00fasica foi se tornando uma paix\u00e3o em sua vida e com isso pode estudar e se aperfei\u00e7oar com a melodia, a harmonia e nas composi\u00e7\u00f5es musicais.<\/p>\n\n\n\n<p>Mais tarde, outra paix\u00e3o em sua vida foi as artes c\u00eanicas (a dramaturgia). Aos 17 anos fez tablado para aprimorar sua performance art\u00edstica. Foi ent\u00e3o estudar para carreira de ator e se formou na Escola de Atores &#8211; Le Monde do Rio de Janeiro. Sua primeira participa\u00e7\u00e3o em novelas foi no ano de 2010 na miniss\u00e9rie Jos\u00e9 do Egito, pela TV Record.<\/p>\n\n\n\n<p>No ano de 2011 lan\u00e7ou seu primeiro livro digital \u2013 &#8220;Seis Contos que Conto&#8221;, pela Cultural Digital da Universidade Federal do Rio de Janeiro (UFRJ). Ainda no mesmo ano lan\u00e7ou tamb\u00e9m seu primeiro CD autoral \u2013 &#8220;Faz-me Cantar&#8221; \u2013 que est\u00e1 no seu canal do YouTube.<\/p>\n\n\n\n<p>Atuando como ator, gravou Alma Quebrada &#8211; O Filme em 2012. <\/p>\n\n\n\n<p>Em 2015 foi para It\u00e1lia. O motivo dele ir para Europa foi a oportunidade de conhecer o velho mundo e levar a m\u00fasica brasileira para fora do Brasil, por meio do seu trabalho musical. Passados cinco anos na It\u00e1lia resolveu voltar ao Brasil e continuar sua jornada art\u00edstica.<br>No ano de 2020 foi onde um de seus poemas chamado CERNE foi publicado na Antologia Po\u00e9tica QUARENTENA \u2013 Mem\u00f3rias de um pa\u00eds confinado. Antologia po\u00e9tica \u00e9 uma obra liter\u00e1ria que re\u00fane v\u00e1rios poetas e publicam suas poesias em um livro. Em geral \u00e9 uma Editora que faz esta sele\u00e7\u00e3o reunindo v\u00e1rios poetas e os selecionam por meio um concurso de poesias.<br>Para saber um pouco mais sobre a trajet\u00f3ria deste ator e compositor, fiz uma entrevista exclusiva com ele que contou com mais detalhes todo seu caminho percorrido na arte, at\u00e9 aqui. Acompanhem e confiram tamb\u00e9m o poema<strong> CERNE<\/strong> de sua autoria. <br><\/p>\n\n\n\n<p><strong><em>De origem humilde, com pai pedreiro e m\u00e3e do lar, conviveu com a m\u00fasica desde o ber\u00e7o, como foi essa conviv\u00eancia<\/em>?<\/strong><\/p>\n\n\n\n<p><strong>Estev\u00e3o<\/strong> &#8211;  A conviv\u00eancia em fam\u00edlia foi prazerosa, dentro daquele contexto, onde todos se divertiam enquanto faz\u00edamos o que mais gast\u00e1vamos, que era cantar e tocar. Minha casa vivia em festa o tempo todo!<\/p>\n\n\n\n<p><strong><em>Com sete anos de idade voc\u00ea iniciou sua trajet\u00f3ria musical, como como foi lidar com isso com t\u00e3o pouca idade?<\/em><\/strong><\/p>\n\n\n\n<p><strong>Estev\u00e3o<\/strong> &#8211; Quando se tem o dom da m\u00fasica desde o ber\u00e7o, tudo fica mais f\u00e1cil, pois esta no sangue.<\/p>\n\n\n\n<p><strong><em>Aos 14 anos voc\u00ea comp\u00f4s sua primeira m\u00fasica, voc\u00ea imaginava que ia dar certo e seguir na m\u00fasica?<\/em><\/strong><\/p>\n\n\n\n<p><strong>Estev\u00e3o<\/strong> &#8211;  Nunca imaginei que iria chegar at\u00e9 aqui. Tudo foi evoluindo naturalmente!<\/p>\n\n\n\n<p><strong>Como foi descobrir a aptid\u00e3o p<em>ela TV e Teatro e estudar para ser ator?<\/em><\/strong><\/p>\n\n\n\n<p><strong>Estev\u00e3o<\/strong> &#8211; Com a arte pulsando no meu sangue n\u00e3o foi dif\u00edcil descobrir. Na Igreja eu j\u00e1 interpretava alguns personagens b\u00edblicos, nas pe\u00e7as natalinas. <\/p>\n\n\n\n<p><strong><em>Voc\u00ea lan\u00e7ou seu primeiro livro digital em 2011 e tamb\u00e9m lan\u00e7ou seu primeiro CD autoral, como foi trabalhar tudo isso?<\/em><\/strong><\/p>\n\n\n\n<p><strong>Estev\u00e3o<\/strong> &#8211;  O Livro foi mat\u00e9ria de forma\u00e7\u00e3o do Curso na UFRJ. Fazia parte do meu trabalho final. O CD foi fruto de uma longa jornada, para eternizar meu trabalho e contribuir com a cultura do nosso Pa\u00eds. Um sonho realizado!<\/p>\n\n\n\n<p><strong><em>Como foi sua experi\u00eancia na It\u00e1lia?<\/em><\/strong><\/p>\n\n\n\n<p><strong>Estev\u00e3o<\/strong> &#8211; Como eu sempre digo, o prazer de conhecer uma cultura diferente, poder falar outra l\u00edngua, construir amizades intercontinentais, n\u00e3o tem pre\u00e7o. Foi de uma satisfa\u00e7\u00e3o impar, ver nos olhos dos Italianos a alegria de ouvir nossa m\u00fasica. Experi\u00eancia que vou levar para o resto da minha vida.<\/p>\n\n\n\n<p><strong><em>De volta ao Brasil, j\u00e1 tendo participa\u00e7\u00f5es em novelas, quais s\u00e3o os planos?<\/em><\/strong><\/p>\n\n\n\n<p><strong>Estev\u00e3o<\/strong> &#8211;  Continuar seguindo neste mesmo caminho; M\u00fasica e dramaturgia duas artes que sempre andar\u00e3o juntas comigo!<\/p>\n\n\n\n<p><em>F<strong>ale um pouco do seu poema CERNE?<\/strong><\/em><\/p>\n\n\n\n<p><strong>Estev\u00e3o<\/strong> \u2013 O poema CERNE traz a agonia do enclausuramento, o sofrimento da alma por conta do fantasma da morte que rondava na solid\u00e3o sem poder sair na rua, no linear da quase loucura\/ racionalidade&#8230;<\/p>\n\n\n\n<p><br><strong>Cerne<\/strong><\/p>\n\n\n\n<p>H\u00e1 um sil\u00eancio misterioso na voz<br>Que meus ouvidos n\u00e3o alcan\u00e7am.<br>\u00c9 como uma sombra em dia nublado<br>Passando apressada pra se esconder.<\/p>\n\n\n\n<p>Um frio intenso rompe pela Janela<br>Estremecendo minha carne At\u00e9 a alma<br>Como uma manada rumo ao precip\u00edcio<br>Fazendo pouco caso de suas vidas.<\/p>\n\n\n\n<p>Mas o sil\u00eancio se perpetua na voz<br>Que clama e implora para livrar-se<br>Dos grilh\u00f5es que aprisionam o olhar<br>Arrancando-lhe a liberdade e as asas.<\/p>\n\n\n\n<p>Encantado, observo a sombra passar,<br>Passar mais uma vez, agora n\u00e3o<br>Para se esconder, mas para trazer paz<br>\u00c0quela solit\u00e1ria e angustiada Alma.<\/p>\n\n\n\n<h1 style=\"font-size:12px\">#pretto<\/h1>\n\n\n\n<h1 style=\"font-size:12px\">#estevaojacintho<\/h1>\n\n\n\n<p style=\"font-size:10px\"><br>Por: Viviane de Oliveira<\/p>\n","protected":false},"excerpt":{"rendered":"<p>A m\u00fasica est\u00e1 no sangue. Filho de pais m\u00fasicos, desde muito cedo Estev\u00e3o Jacintho iniciou&#8230;<\/p>\n","protected":false},"author":1,"featured_media":1819,"comment_status":"closed","ping_status":"open","sticky":false,"template":"","format":"standard","meta":{"om_disable_all_campaigns":false,"_monsterinsights_skip_tracking":false,"_monsterinsights_sitenote_active":false,"_monsterinsights_sitenote_note":"","_monsterinsights_sitenote_category":0,"spay_email":""},"categories":[31],"tags":[112,156,157,160,72,158,159],"jetpack_featured_media_url":"https:\/\/vimagazine.com.br\/wp-content\/uploads\/2021\/12\/Estevao.jpg","_links":{"self":[{"href":"https:\/\/vimagazine.com.br\/index.php?rest_route=\/wp\/v2\/posts\/1812"}],"collection":[{"href":"https:\/\/vimagazine.com.br\/index.php?rest_route=\/wp\/v2\/posts"}],"about":[{"href":"https:\/\/vimagazine.com.br\/index.php?rest_route=\/wp\/v2\/types\/post"}],"author":[{"embeddable":true,"href":"https:\/\/vimagazine.com.br\/index.php?rest_route=\/wp\/v2\/users\/1"}],"replies":[{"embeddable":true,"href":"https:\/\/vimagazine.com.br\/index.php?rest_route=%2Fwp%2Fv2%2Fcomments&post=1812"}],"version-history":[{"count":7,"href":"https:\/\/vimagazine.com.br\/index.php?rest_route=\/wp\/v2\/posts\/1812\/revisions"}],"predecessor-version":[{"id":1850,"href":"https:\/\/vimagazine.com.br\/index.php?rest_route=\/wp\/v2\/posts\/1812\/revisions\/1850"}],"wp:featuredmedia":[{"embeddable":true,"href":"https:\/\/vimagazine.com.br\/index.php?rest_route=\/wp\/v2\/media\/1819"}],"wp:attachment":[{"href":"https:\/\/vimagazine.com.br\/index.php?rest_route=%2Fwp%2Fv2%2Fmedia&parent=1812"}],"wp:term":[{"taxonomy":"category","embeddable":true,"href":"https:\/\/vimagazine.com.br\/index.php?rest_route=%2Fwp%2Fv2%2Fcategories&post=1812"},{"taxonomy":"post_tag","embeddable":true,"href":"https:\/\/vimagazine.com.br\/index.php?rest_route=%2Fwp%2Fv2%2Ftags&post=1812"}],"curies":[{"name":"wp","href":"https:\/\/api.w.org\/{rel}","templated":true}]}}