{"id":18125,"date":"2025-03-24T11:54:53","date_gmt":"2025-03-24T14:54:53","guid":{"rendered":"https:\/\/vimagazine.com.br\/?p=18125"},"modified":"2025-03-24T11:54:54","modified_gmt":"2025-03-24T14:54:54","slug":"conheca-as-personalidades-nacionais-que-irao-discutir-moda-luxo-e-tendencias-no-patio-batel-em-curitiba","status":"publish","type":"post","link":"https:\/\/vimagazine.com.br\/?p=18125","title":{"rendered":"Conhe\u00e7a as personalidades nacionais que ir\u00e3o discutir moda, luxo e tend\u00eancias no P\u00e1tio Batel em Curitiba"},"content":{"rendered":"\n<p><br><\/p>\n\n\n\n<p><\/p>\n\n\n\n<p class=\"has-text-align-center\" style=\"font-size:22px\"><em><strong>Susana Barbosa, Luiza Brasil e Jorge Grimberg participam de paineis que abordam os rumos da moda no PBFW edi\u00e7\u00e3o Talks 2025, nos dias 26 e 27 de mar\u00e7o<\/strong><\/em><\/p>\n\n\n\n<p><\/p>\n\n\n\n<p><\/p>\n\n\n\n<p>Curitiba se prepara para receber o PBFW Edi\u00e7\u00e3o Talks, nos dias 26 e 27 de mar\u00e7o, no P\u00e1tio Batel. Com dois paineis di\u00e1rios, a partir das 19h, o evento contar\u00e1 com a presen\u00e7a de figuras influentes e especialistas renomados de moda. Confira os principais abaixo:<\/p>\n\n\n\n<p><strong>Susana Barbosa<\/strong><\/p>\n\n\n\n<p>Com quase tr\u00eas d\u00e9cadas de atua\u00e7\u00e3o na ind\u00fastria editorial, \u00e9 uma das figuras mais influentes do jornalismo de moda no Brasil. Atualmente, \u00e9 publisher e diretora editorial da ELLE Brasil, tendo liderado o relan\u00e7amento da revista em 2020, ap\u00f3s um hiato de dois anos.&nbsp;&nbsp;<\/p>\n\n\n\n<p><strong>Ali Santos<\/strong><\/p>\n\n\n\n<p>Especialista em moda, beleza e lifestyle, \u00e9 editora digital da ELLE Brasil. Antes de assumir o cargo atual, contribuiu por mais de cinco anos no STEAL THE LOOK, plataforma de moda e beleza, onde atuou como rep\u00f3rter, editora de moda e editora-chefe, liderando conte\u00fado org\u00e2nico e pago, da concep\u00e7\u00e3o \u00e0 entrega.&nbsp;&nbsp;&nbsp;&nbsp;<\/p>\n\n\n\n<p><strong>Jorge Grimberg<\/strong><\/p>\n\n\n\n<p>Especialista em tend\u00eancias e comportamento de moda, atuou como correspondente da WGSN Brasil, al\u00e9m de colaborar com ve\u00edculos como Vogue Runway e CNN Style. Com uma vis\u00e3o global do mercado, Jorge analisa o futuro do consumo e as transforma\u00e7\u00f5es culturais que impactam a ind\u00fastria da moda.&nbsp;&nbsp;&nbsp;&nbsp;<\/p>\n\n\n\n<p><strong>Luiza Brasil<\/strong><\/p>\n\n\n\n<p>Jornalista e criadora de conte\u00fado, \u00e9 fundadora do portal Mequetrefismos, que aborda moda, cultura e representatividade. Colunista da Vogue Brasil, Luiza utiliza suas plataformas para promover discuss\u00f5es sobre inclus\u00e3o e diversidade no cen\u00e1rio fashion, al\u00e9m de explorar as interse\u00e7\u00f5es entre moda e tecnologia.&nbsp;&nbsp;&nbsp;&nbsp;<\/p>\n\n\n\n<p><strong>Verena Figueiredo<\/strong><\/p>\n\n\n\n<p>Embaixadora da Chanel no Brasil, a influenciadora possui uma carreira marcada pela eleg\u00e2ncia e inova\u00e7\u00e3o. Sua atua\u00e7\u00e3o no mercado de luxo reflete um profundo entendimento das tradi\u00e7\u00f5es da alta-costura aliadas \u00e0s demandas contempor\u00e2neas.&nbsp;&nbsp;&nbsp;&nbsp;<\/p>\n\n\n\n<p><strong>Sylvain Justum<\/strong><\/p>\n\n\n\n<p>Diretor da Forbes Life Fashion, \u00e9 um especialista no mercado de luxo e lifestyle. Sua trajet\u00f3ria profissional inclui an\u00e1lises aprofundadas sobre o comportamento do consumidor de alto padr\u00e3o e as tend\u00eancias que moldam o segmento premium.&nbsp;&nbsp;&nbsp;&nbsp;<\/p>\n\n\n\n<p><strong>Priscila Monteiro<\/strong><\/p>\n\n\n\n<p>Executiva de comunica\u00e7\u00e3o com vasta experi\u00eancia em marcas renomadas como Dior, Louis Vuitton e L&#8217;Or\u00e9al Luxo, tem se destacado na constru\u00e7\u00e3o de narrativas que conectam marcas de luxo ao p\u00fablico brasileiro. Sua expertise abrange estrat\u00e9gias de branding e posicionamento no mercado nacional.&nbsp;&nbsp;&nbsp;&nbsp;<\/p>\n\n\n\n<p><strong>La\u00eds Machado<\/strong><\/p>\n\n\n\n<p>Consultora de imagem, auxilia clientes na constru\u00e7\u00e3o de identidades visuais aut\u00eanticas. Seu trabalho envolve a harmoniza\u00e7\u00e3o entre estilo pessoal e tend\u00eancias de moda, promovendo a autoestima e a express\u00e3o individual.&nbsp;&nbsp;&nbsp;&nbsp;<\/p>\n\n\n\n<p><strong>Dani Brito<\/strong><\/p>\n\n\n\n<p>Jornalista curitibana especializada no cen\u00e1rio fashion local, tem contribu\u00eddo para a valoriza\u00e7\u00e3o da moda regional. Sua atua\u00e7\u00e3o inclui a cobertura de eventos, entrevistas com designers e a promo\u00e7\u00e3o da cultura de moda em Curitiba.<\/p>\n\n\n\n<p><\/p>\n\n\n\n<figure class=\"wp-container-2 wp-block-gallery-1 wp-block-gallery has-nested-images columns-4 is-cropped\">\n<figure class=\"wp-block-image size-large\"><img width=\"800\" height=\"500\" data-id=\"18132\"  src=\"https:\/\/vimagazine.com.br\/wp-content\/uploads\/2025\/03\/fef435cb-a128-42c9-a865-c2f45fb5c2f2.jpg\" alt=\"\" class=\"wp-image-18132\" srcset=\"https:\/\/vimagazine.com.br\/wp-content\/uploads\/2025\/03\/fef435cb-a128-42c9-a865-c2f45fb5c2f2.jpg 800w, https:\/\/vimagazine.com.br\/wp-content\/uploads\/2025\/03\/fef435cb-a128-42c9-a865-c2f45fb5c2f2-300x188.jpg 300w, https:\/\/vimagazine.com.br\/wp-content\/uploads\/2025\/03\/fef435cb-a128-42c9-a865-c2f45fb5c2f2-768x480.jpg 768w, https:\/\/vimagazine.com.br\/wp-content\/uploads\/2025\/03\/fef435cb-a128-42c9-a865-c2f45fb5c2f2-400x250.jpg 400w\" sizes=\"(max-width: 800px) 100vw, 800px\" \/><\/figure>\n\n\n\n<figure class=\"wp-block-image size-large\"><img width=\"800\" height=\"500\" data-id=\"18133\"  src=\"https:\/\/vimagazine.com.br\/wp-content\/uploads\/2025\/03\/68241859-5a30-4094-90bc-6a4a92b384d1.jpg\" alt=\"\" class=\"wp-image-18133\" srcset=\"https:\/\/vimagazine.com.br\/wp-content\/uploads\/2025\/03\/68241859-5a30-4094-90bc-6a4a92b384d1.jpg 800w, https:\/\/vimagazine.com.br\/wp-content\/uploads\/2025\/03\/68241859-5a30-4094-90bc-6a4a92b384d1-300x188.jpg 300w, https:\/\/vimagazine.com.br\/wp-content\/uploads\/2025\/03\/68241859-5a30-4094-90bc-6a4a92b384d1-768x480.jpg 768w, https:\/\/vimagazine.com.br\/wp-content\/uploads\/2025\/03\/68241859-5a30-4094-90bc-6a4a92b384d1-400x250.jpg 400w\" sizes=\"(max-width: 800px) 100vw, 800px\" \/><\/figure>\n\n\n\n<figure class=\"wp-block-image size-large\"><img width=\"800\" height=\"500\" data-id=\"18129\"  src=\"https:\/\/vimagazine.com.br\/wp-content\/uploads\/2025\/03\/7b19d975-d49b-4046-9179-f72e5ac21f2e.png\" alt=\"\" class=\"wp-image-18129\" srcset=\"https:\/\/vimagazine.com.br\/wp-content\/uploads\/2025\/03\/7b19d975-d49b-4046-9179-f72e5ac21f2e.png 800w, https:\/\/vimagazine.com.br\/wp-content\/uploads\/2025\/03\/7b19d975-d49b-4046-9179-f72e5ac21f2e-300x188.png 300w, https:\/\/vimagazine.com.br\/wp-content\/uploads\/2025\/03\/7b19d975-d49b-4046-9179-f72e5ac21f2e-768x480.png 768w, https:\/\/vimagazine.com.br\/wp-content\/uploads\/2025\/03\/7b19d975-d49b-4046-9179-f72e5ac21f2e-400x250.png 400w\" sizes=\"(max-width: 800px) 100vw, 800px\" \/><\/figure>\n\n\n\n<figure class=\"wp-block-image size-large\"><img width=\"800\" height=\"500\" data-id=\"18127\"  src=\"https:\/\/vimagazine.com.br\/wp-content\/uploads\/2025\/03\/aaecd6f2-8e16-476a-8d6b-a21c5c30ddac.jpg\" alt=\"\" class=\"wp-image-18127\" srcset=\"https:\/\/vimagazine.com.br\/wp-content\/uploads\/2025\/03\/aaecd6f2-8e16-476a-8d6b-a21c5c30ddac.jpg 800w, https:\/\/vimagazine.com.br\/wp-content\/uploads\/2025\/03\/aaecd6f2-8e16-476a-8d6b-a21c5c30ddac-300x188.jpg 300w, https:\/\/vimagazine.com.br\/wp-content\/uploads\/2025\/03\/aaecd6f2-8e16-476a-8d6b-a21c5c30ddac-768x480.jpg 768w, https:\/\/vimagazine.com.br\/wp-content\/uploads\/2025\/03\/aaecd6f2-8e16-476a-8d6b-a21c5c30ddac-400x250.jpg 400w\" sizes=\"(max-width: 800px) 100vw, 800px\" \/><\/figure>\n\n\n\n<figure class=\"wp-block-image size-large\"><img width=\"800\" height=\"500\" data-id=\"18131\"  src=\"https:\/\/vimagazine.com.br\/wp-content\/uploads\/2025\/03\/dfd548e7-0582-4abb-80fe-0b2fe957463b.jpg\" alt=\"\" class=\"wp-image-18131\" srcset=\"https:\/\/vimagazine.com.br\/wp-content\/uploads\/2025\/03\/dfd548e7-0582-4abb-80fe-0b2fe957463b.jpg 800w, https:\/\/vimagazine.com.br\/wp-content\/uploads\/2025\/03\/dfd548e7-0582-4abb-80fe-0b2fe957463b-300x188.jpg 300w, https:\/\/vimagazine.com.br\/wp-content\/uploads\/2025\/03\/dfd548e7-0582-4abb-80fe-0b2fe957463b-768x480.jpg 768w, https:\/\/vimagazine.com.br\/wp-content\/uploads\/2025\/03\/dfd548e7-0582-4abb-80fe-0b2fe957463b-400x250.jpg 400w\" sizes=\"(max-width: 800px) 100vw, 800px\" \/><\/figure>\n\n\n\n<figure class=\"wp-block-image size-large\"><img width=\"800\" height=\"500\" data-id=\"18130\"  src=\"https:\/\/vimagazine.com.br\/wp-content\/uploads\/2025\/03\/33eae1aa-3155-4602-9ad1-88dc8206fecb.jpg\" alt=\"\" class=\"wp-image-18130\" srcset=\"https:\/\/vimagazine.com.br\/wp-content\/uploads\/2025\/03\/33eae1aa-3155-4602-9ad1-88dc8206fecb.jpg 800w, https:\/\/vimagazine.com.br\/wp-content\/uploads\/2025\/03\/33eae1aa-3155-4602-9ad1-88dc8206fecb-300x188.jpg 300w, https:\/\/vimagazine.com.br\/wp-content\/uploads\/2025\/03\/33eae1aa-3155-4602-9ad1-88dc8206fecb-768x480.jpg 768w, https:\/\/vimagazine.com.br\/wp-content\/uploads\/2025\/03\/33eae1aa-3155-4602-9ad1-88dc8206fecb-400x250.jpg 400w\" sizes=\"(max-width: 800px) 100vw, 800px\" \/><\/figure>\n\n\n\n<figure class=\"wp-block-image size-large\"><img width=\"800\" height=\"500\" data-id=\"18128\"  src=\"https:\/\/vimagazine.com.br\/wp-content\/uploads\/2025\/03\/a1894f59-b2b5-42ac-9486-c3a206026aa2.jpg\" alt=\"\" class=\"wp-image-18128\" srcset=\"https:\/\/vimagazine.com.br\/wp-content\/uploads\/2025\/03\/a1894f59-b2b5-42ac-9486-c3a206026aa2.jpg 800w, https:\/\/vimagazine.com.br\/wp-content\/uploads\/2025\/03\/a1894f59-b2b5-42ac-9486-c3a206026aa2-300x188.jpg 300w, https:\/\/vimagazine.com.br\/wp-content\/uploads\/2025\/03\/a1894f59-b2b5-42ac-9486-c3a206026aa2-768x480.jpg 768w, https:\/\/vimagazine.com.br\/wp-content\/uploads\/2025\/03\/a1894f59-b2b5-42ac-9486-c3a206026aa2-400x250.jpg 400w\" sizes=\"(max-width: 800px) 100vw, 800px\" \/><\/figure>\n\n\n\n<figure class=\"wp-block-image size-large\"><img width=\"1800\" height=\"1200\" data-id=\"18126\"  src=\"https:\/\/vimagazine.com.br\/wp-content\/uploads\/2025\/03\/0ad4ed1d-0235-40fb-b559-b4636d31f059.jpg\" alt=\"\" class=\"wp-image-18126\" srcset=\"https:\/\/vimagazine.com.br\/wp-content\/uploads\/2025\/03\/0ad4ed1d-0235-40fb-b559-b4636d31f059.jpg 1800w, https:\/\/vimagazine.com.br\/wp-content\/uploads\/2025\/03\/0ad4ed1d-0235-40fb-b559-b4636d31f059-300x200.jpg 300w, https:\/\/vimagazine.com.br\/wp-content\/uploads\/2025\/03\/0ad4ed1d-0235-40fb-b559-b4636d31f059-1024x683.jpg 1024w, https:\/\/vimagazine.com.br\/wp-content\/uploads\/2025\/03\/0ad4ed1d-0235-40fb-b559-b4636d31f059-768x512.jpg 768w, https:\/\/vimagazine.com.br\/wp-content\/uploads\/2025\/03\/0ad4ed1d-0235-40fb-b559-b4636d31f059-1536x1024.jpg 1536w\" sizes=\"(max-width: 1800px) 100vw, 1800px\" \/><\/figure>\n<\/figure>\n\n\n\n<p><\/p>\n\n\n\n<p><\/p>\n\n\n\n<p>A programa\u00e7\u00e3o do evento explora temas relevantes, aprofundando os debates e oferecendo insights valiosos:<\/p>\n\n\n\n<p><strong>&#8220;Como construir uma identidade na moda&#8221;<\/strong><\/p>\n\n\n\n<p>Este painel, com Susana Barbosa e Ali Santos, com media\u00e7\u00e3o de Dani Brito, explorar\u00e1 os desafios e estrat\u00e9gias para construir e consolidar uma imagem aut\u00eantica na moda, seja para marcas institucionais ou pessoais. Em um contexto de tend\u00eancias ef\u00eameras impulsionadas pelo mundo digital, a discuss\u00e3o abordar\u00e1 a import\u00e2ncia da identidade, originalidade e presen\u00e7a de marca.<\/p>\n\n\n\n<p><strong>&#8220;As transforma\u00e7\u00f5es do luxo na era digital&#8221;<\/strong><\/p>\n\n\n\n<p>Priscila Monteiro e Sylvain Justum discutir\u00e3o as adapta\u00e7\u00f5es do luxo ao ambiente digital, com media\u00e7\u00e3o de La\u00eds Machado. O debate abordar\u00e1 as estrat\u00e9gias por tr\u00e1s das marcas de luxo na busca de se conectar com o p\u00fablico, mantendo a exclusividade e o prest\u00edgio em um mundo cada vez mais digitalizado, explorando como os formatos de relacionamento com seus stakeholders t\u00eam se transformado e apresentando cases de sucesso.<\/p>\n\n\n\n<p><strong>&#8220;Construindo narrativas digitais relevantes&#8221;<\/strong><\/p>\n\n\n\n<p>Luiza Brasil e Verena Figueiredo compartilhar\u00e3o suas experi\u00eancias na cria\u00e7\u00e3o de narrativas digitais envolventes, com media\u00e7\u00e3o de La\u00eds Machado. O painel explorar\u00e1 as estrat\u00e9gias para capturar a aten\u00e7\u00e3o do p\u00fablico em meio \u00e0 enxurrada de informa\u00e7\u00f5es, criando conte\u00fado relevante, inspirador e que traga servi\u00e7o, al\u00e9m de discutir como entender a linha editorial e cativar um p\u00fablico qualificado.<\/p>\n\n\n\n<p><strong>&#8220;Macrotend\u00eancias para 2026&#8221;<\/strong><\/p>\n\n\n\n<p>Jorge Grimberg apresentar\u00e1 um panorama das macrotend\u00eancias de comportamento que moldar\u00e3o o futuro da moda, abordando o cen\u00e1rio macroecon\u00f4mico, os desafios profissionais atuais, os novos formatos de consumo e o impacto da tecnologia. O especialista oferecer\u00e1 insights valiosos e inspira\u00e7\u00e3o estrat\u00e9gica para que todos se prepararem para as transforma\u00e7\u00f5es do mercado.<\/p>\n\n\n\n<p><\/p>\n\n\n\n<p class=\"has-medium-font-size\"><strong>PBFW Edi\u00e7\u00e3o Talks 2025<\/strong><\/p>\n\n\n\n<p class=\"has-medium-font-size\">26 e 27 de mar\u00e7o<\/p>\n\n\n\n<p class=\"has-medium-font-size\"><strong>Hor\u00e1rio:<\/strong>&nbsp;19h \u00e0s 21h30<\/p>\n\n\n\n<p class=\"has-medium-font-size\"><strong>Ingressos:<\/strong>&nbsp;<a href=\"https:\/\/click.cse360.com.br\/Click\/AddCampaignEmailClick\/c76a5e15-4bc6-4f9a-1ebc-08dd66128bc9\/http%253a%252f%252fwww.patiobatel.com.br%252fpbfwtalks\/84a13bf5-1001-4b37-93cf-9aa5931b4a9b\/vimagazine@vimagazine.com.br\/True\" rel=\"noreferrer noopener\" target=\"_blank\">www.patiobatel.com.br\/pbfwtalks<\/a><\/p>\n\n\n\n<p class=\"has-medium-font-size\"><strong>Local:<\/strong>&nbsp;P\u00e1tio Batel &#8211; Avenida do Batel, 1868 &#8211; Batel, Curitiba &#8211; \u00c1trio do Piso L<\/p>\n\n\n\n<p style=\"font-size:22px\"><strong>Sobre o P\u00e1tio Batel<\/strong><\/p>\n\n\n\n<p>Entretenimento, cultura, lazer e compras em um local singular de Curitiba. O P\u00e1tio Batel \u00e9 o \u00fanico shopping do segmento luxo do Sul do Brasil, contando com aproximadamente 190 estabelecimentos, sendo 71 lojas exclusivas, como Prada, Burberry, Gucci, Hugo Boss, Louis Vuitton e Tiffany &amp; Co. Em seus 10 anos de hist\u00f3ria, a marca P\u00e1tio Batel se posiciona como &#8220;\u00fanica em todos os sentidos&#8221;: um espa\u00e7o para ser acolhido em uma experi\u00eancia de bem-estar, moda e luxo.<\/p>\n\n\n\n<p><\/p>\n","protected":false},"excerpt":{"rendered":"<p>Susana Barbosa, Luiza Brasil e Jorge Grimberg participam de paineis que abordam os rumos da&#8230;<\/p>\n","protected":false},"author":1,"featured_media":18134,"comment_status":"closed","ping_status":"open","sticky":false,"template":"","format":"standard","meta":{"om_disable_all_campaigns":false,"_monsterinsights_skip_tracking":false,"_monsterinsights_sitenote_active":false,"_monsterinsights_sitenote_note":"","_monsterinsights_sitenote_category":0,"spay_email":""},"categories":[27],"tags":[],"jetpack_featured_media_url":"https:\/\/vimagazine.com.br\/wp-content\/uploads\/2025\/03\/617d05f9-fc60-40a1-b9e3-368937ab8144.jpg","_links":{"self":[{"href":"https:\/\/vimagazine.com.br\/index.php?rest_route=\/wp\/v2\/posts\/18125"}],"collection":[{"href":"https:\/\/vimagazine.com.br\/index.php?rest_route=\/wp\/v2\/posts"}],"about":[{"href":"https:\/\/vimagazine.com.br\/index.php?rest_route=\/wp\/v2\/types\/post"}],"author":[{"embeddable":true,"href":"https:\/\/vimagazine.com.br\/index.php?rest_route=\/wp\/v2\/users\/1"}],"replies":[{"embeddable":true,"href":"https:\/\/vimagazine.com.br\/index.php?rest_route=%2Fwp%2Fv2%2Fcomments&post=18125"}],"version-history":[{"count":1,"href":"https:\/\/vimagazine.com.br\/index.php?rest_route=\/wp\/v2\/posts\/18125\/revisions"}],"predecessor-version":[{"id":18135,"href":"https:\/\/vimagazine.com.br\/index.php?rest_route=\/wp\/v2\/posts\/18125\/revisions\/18135"}],"wp:featuredmedia":[{"embeddable":true,"href":"https:\/\/vimagazine.com.br\/index.php?rest_route=\/wp\/v2\/media\/18134"}],"wp:attachment":[{"href":"https:\/\/vimagazine.com.br\/index.php?rest_route=%2Fwp%2Fv2%2Fmedia&parent=18125"}],"wp:term":[{"taxonomy":"category","embeddable":true,"href":"https:\/\/vimagazine.com.br\/index.php?rest_route=%2Fwp%2Fv2%2Fcategories&post=18125"},{"taxonomy":"post_tag","embeddable":true,"href":"https:\/\/vimagazine.com.br\/index.php?rest_route=%2Fwp%2Fv2%2Ftags&post=18125"}],"curies":[{"name":"wp","href":"https:\/\/api.w.org\/{rel}","templated":true}]}}