{"id":18137,"date":"2025-03-26T06:13:39","date_gmt":"2025-03-26T09:13:39","guid":{"rendered":"https:\/\/vimagazine.com.br\/?p=18137"},"modified":"2025-03-26T06:13:40","modified_gmt":"2025-03-26T09:13:40","slug":"dra-mary-rocha-fala-sobre-o-lancamento-do-protocolo-para-lipedema-e-recebe-premiacao-excellence-beauty-em-portugal","status":"publish","type":"post","link":"https:\/\/vimagazine.com.br\/?p=18137","title":{"rendered":"<strong>Dra. Mary Rocha, fala sobre o lan\u00e7amento do protocolo para lipedema e recebe premia\u00e7\u00e3o Excellence Beauty em Portugal<\/strong>"},"content":{"rendered":"\n<p><em>&#8220;Uma Nova Perspectiva sobre o Lipedema: Tratamento Integrado e Humanizado&#8221;<\/em><\/p>\n\n\n\n<p>Dra. Mary Rocha lan\u00e7a protocolo inovador para tratamento do lipedema em Portugal, abordando a condi\u00e7\u00e3o cr\u00f4nica que afeta milhares de mulheres. Combinando terapias f\u00edsicas, tratamentos est\u00e9ticos e suporte psicol\u00f3gico, a especialista busca melhorar a qualidade de vida das pacientes e promover um diagn\u00f3stico precoce, desmistificando os desafios enfrentados por quem convive com essa doen\u00e7a.<\/p>\n\n\n\n<figure class=\"wp-block-image size-large\"><img width=\"1024\" height=\"985\" src=\"https:\/\/vimagazine.com.br\/wp-content\/uploads\/2025\/03\/37d4e319-ac63-481e-a11c-0e90091fdb66-1024x985.jpg\" alt=\"Dra. Mary Rocha, fala sobre o lan\u00e7amento do protocolo para lipedema e recebe premia\u00e7\u00e3o Excellence Beauty em Portugal\" class=\"wp-image-18139\" srcset=\"https:\/\/vimagazine.com.br\/wp-content\/uploads\/2025\/03\/37d4e319-ac63-481e-a11c-0e90091fdb66-1024x985.jpg 1024w, https:\/\/vimagazine.com.br\/wp-content\/uploads\/2025\/03\/37d4e319-ac63-481e-a11c-0e90091fdb66-300x288.jpg 300w, https:\/\/vimagazine.com.br\/wp-content\/uploads\/2025\/03\/37d4e319-ac63-481e-a11c-0e90091fdb66-768x738.jpg 768w, https:\/\/vimagazine.com.br\/wp-content\/uploads\/2025\/03\/37d4e319-ac63-481e-a11c-0e90091fdb66.jpg 1066w\" sizes=\"(max-width: 1024px) 100vw, 1024px\" \/><\/figure>\n\n\n\n<p><strong><em>Para come\u00e7armos, voc\u00ea pode nos explicar o que \u00e9 o lipedema?<\/em><\/strong><\/p>\n\n\n\n<p><strong>Especialista:<\/strong> Claro! O lipedema \u00e9 uma condi\u00e7\u00e3o caracterizada pelo ac\u00famulo desproporcional de gordura nas pernas e, em alguns casos, nos bra\u00e7os. Afeta principalmente mulheres, representando cerca de 90% dos casos. Essa condi\u00e7\u00e3o pode provocar dor e desconforto, impactando significativamente a qualidade de vida das pessoas afetadas.<\/p>\n\n\n\n<p><strong><em>E como o lipedema se desenvolve no organismo?<\/em><\/strong><\/p>\n\n\n\n<p><strong>Especialista:<\/strong> O lipedema \u00e9 uma doen\u00e7a inflamat\u00f3ria cr\u00f4nica que envolve o sistema linf\u00e1tico e adiposo. Embora a causa exata n\u00e3o seja totalmente compreendida, fatores gen\u00e9ticos e hormonais parecem desempenhar um papel importante. Mudan\u00e7as hormonais, como as que ocorrem na puberdade, durante a gravidez, com o uso de anticoncepcionais orais e na menopausa, podem desencadear o lipedema.<\/p>\n\n\n\n<p><strong><em>Quais s\u00e3o os principais sintomas que as pessoas devem observar?<\/em><\/strong><\/p>\n\n\n\n<p><strong>Especialista:<\/strong> Os sintomas mais comuns incluem o aumento desproporcional do tecido adiposo nas pernas e\/ou bra\u00e7os, incha\u00e7o, sensibilidade \u00e0 press\u00e3o leve, sensa\u00e7\u00e3o de &#8220;pernas pesadas&#8221;, forma\u00e7\u00e3o de n\u00f3dulos sob a pele, hematomas que surgem facilmente e dores articulares. Al\u00e9m disso, muitas mulheres enfrentam quest\u00f5es emocionais, como depress\u00e3o e dist\u00farbios de autoimagem.<\/p>\n\n\n\n<p><strong><em>Como \u00e9 feito o diagn\u00f3stico do lipedema?<\/em><\/strong><\/p>\n\n\n\n<p><strong>Especialista:<\/strong> O diagn\u00f3stico \u00e9 baseado em uma avalia\u00e7\u00e3o cl\u00ednica detalhada. O profissional observar\u00e1 a distribui\u00e7\u00e3o de gordura, a presen\u00e7a de n\u00f3dulos e a sensibilidade do paciente. Exames complementares podem ser solicitados para descartar outras condi\u00e7\u00f5es que possam causar edema nas pernas, como varizes ou trombose.<\/p>\n\n\n\n<p><strong><em>Quais as op\u00e7\u00f5es de tratamentos que est\u00e3o dispon\u00edveis?<\/em><\/strong><\/p>\n\n\n\n<p><strong>Especialista:<\/strong> O tratamento do lipedema \u00e9 multidisciplinar. As op\u00e7\u00f5es incluem:<\/p>\n\n\n\n<ol type=\"1\"><li><strong>Controle da Inflama\u00e7\u00e3o:<\/strong> Medidas como redu\u00e7\u00e3o de estresse, melhora na qualidade do sono, dieta anti-inflamat\u00f3ria e exerc\u00edcios espec\u00edficos s\u00e3o recomendadas.<\/li><li><strong>Mudan\u00e7as no Estilo de Vida:<\/strong> Uma dieta equilibrada e a pr\u00e1tica regular de exerc\u00edcios podem ajudar a controlar o peso e a inflama\u00e7\u00e3o.<\/li><li><strong>Drenagem Linf\u00e1tica Manual:<\/strong> Essa t\u00e9cnica de massagem terap\u00eautica ajuda a reduzir o incha\u00e7o e melhora a circula\u00e7\u00e3o linf\u00e1tica, geralmente associada a t\u00e9cnicas de libera\u00e7\u00e3o miofascial.<\/li><\/ol>\n\n\n\n<p><strong><em>Quando e como as suas clientes ter\u00e3o acesso ao protocolo de tratamento contra o lipedema no seu espa\u00e7o aqui no Brasil?<\/em><\/strong><\/p>\n\n\n\n<p><strong>Especialista:<\/strong> A partir de 05\/04 ser\u00e1 lan\u00e7ado no Brasil<\/p>\n\n\n\n<p><strong><em>Como e quando surgiu o lema &#8220;Lipedema: A Dor Que Muitos Sentem e Poucos Entendem&#8221;?<\/em><\/strong><strong><em><\/em><\/strong><\/p>\n\n\n\n<p><strong>Especialista:<\/strong> O lema \u00e9 por entender que o lipedema traz dores f\u00edsicas e emocionais e infelizmente poucos entendem essa dor e os profissionais n\u00e3o est\u00e3o habilitados a cuidar dessa doen\u00e7a, piorando ainda mais os sintomas.<\/p>\n\n\n\n<p><strong><em>Yasmin Brunet quase saiu do BBB por conta do lipedema. Como voc\u00ea avalia essa quest\u00e3o?<\/em><\/strong><\/p>\n\n\n\n<p><strong>Especialista: <\/strong>O caso da Yasmin \u00e9 um exemplo do quanto essa doen\u00e7a pode afetar a vida de quem convive com essa dor, falar e tratar desse tema \u00e9 hoje uma necessidade.<\/p>\n\n\n\n<p><strong><em>Para finalizar, qual a mensagem que voc\u00ea gostaria de deixar para aqueles que suspeitam ter lipedema?<\/em><\/strong><\/p>\n\n\n\n<p><strong>Especialista:<\/strong> \u00c9 fundamental que as pessoas que suspeitam ter lipedema procurem um especialista para uma avalia\u00e7\u00e3o adequada. O tratamento deve ser personalizado, levando em considera\u00e7\u00e3o as necessidades individuais de cada paciente. Um diagn\u00f3stico preciso \u00e9 essencial para explorar op\u00e7\u00f5es de tratamento eficazes.<\/p>\n\n\n\n<p><strong><em>Sobre<\/em><\/strong><\/p>\n\n\n\n<p><strong>Dra. Mary Rocha <\/strong>\u00e9 Enfermeira Esteta, \u00e9 Biom\u00e9dica, p\u00f3s-graduada em est\u00e9tica de alta performance, Perita Judicial na \u00e1rea de Est\u00e9tica e Sa\u00fade, Especialista em intercorr\u00eancias de Procedimentos Est\u00e9ticos, Instrutora Master Internacional, Conselheira <strong>CNPB<\/strong> (Conselho Nacional dos Profissionais de Beleza), atua na \u00e1rea de sa\u00fade e est\u00e9tica Sa\u00fade h\u00e1 mais de 20 anos, atualmente oferece atendimentos em&nbsp; duas cl\u00ednicas pr\u00f3prias nas cidades de Praia Grande e S\u00e3o Vicente em S\u00e3o Paulo, e presta servi\u00e7os em todo Brasil, \u00e9 criadora do m\u00e9todo \u201cLIPEDEMA\u201d: A Dor que Muitos Sentem e Poucos Entendem, \u00e9 palestrante, mentora, presidente da ONG RECOME\u00c7AR, onde cuida de mulheres que est\u00e3o em situa\u00e7\u00f5es de vulnerabilidades f\u00edsicas, emocionais e sociais e que precisam de suporte para RECOME\u00c7AR.<\/p>\n\n\n\n<p><strong><em>Instagram<\/em><\/strong><em>:<\/em><\/p>\n\n\n\n<p><a href=\"https:\/\/www.instagram.com\/dra.maryrocha\/\">@dra.maryrocha<\/a><\/p>\n","protected":false},"excerpt":{"rendered":"<p>&#8220;Uma Nova Perspectiva sobre o Lipedema: Tratamento Integrado e Humanizado&#8221; Dra. Mary Rocha lan\u00e7a protocolo&#8230;<\/p>\n","protected":false},"author":2,"featured_media":18138,"comment_status":"closed","ping_status":"open","sticky":false,"template":"","format":"standard","meta":{"om_disable_all_campaigns":false,"_monsterinsights_skip_tracking":false,"_monsterinsights_sitenote_active":false,"_monsterinsights_sitenote_note":"","_monsterinsights_sitenote_category":0,"spay_email":""},"categories":[26,1],"tags":[983,1027,45],"jetpack_featured_media_url":"https:\/\/vimagazine.com.br\/wp-content\/uploads\/2025\/03\/a11fd4fb-cd1f-4061-97b5-71c28875d5c9.jpg","_links":{"self":[{"href":"https:\/\/vimagazine.com.br\/index.php?rest_route=\/wp\/v2\/posts\/18137"}],"collection":[{"href":"https:\/\/vimagazine.com.br\/index.php?rest_route=\/wp\/v2\/posts"}],"about":[{"href":"https:\/\/vimagazine.com.br\/index.php?rest_route=\/wp\/v2\/types\/post"}],"author":[{"embeddable":true,"href":"https:\/\/vimagazine.com.br\/index.php?rest_route=\/wp\/v2\/users\/2"}],"replies":[{"embeddable":true,"href":"https:\/\/vimagazine.com.br\/index.php?rest_route=%2Fwp%2Fv2%2Fcomments&post=18137"}],"version-history":[{"count":1,"href":"https:\/\/vimagazine.com.br\/index.php?rest_route=\/wp\/v2\/posts\/18137\/revisions"}],"predecessor-version":[{"id":18140,"href":"https:\/\/vimagazine.com.br\/index.php?rest_route=\/wp\/v2\/posts\/18137\/revisions\/18140"}],"wp:featuredmedia":[{"embeddable":true,"href":"https:\/\/vimagazine.com.br\/index.php?rest_route=\/wp\/v2\/media\/18138"}],"wp:attachment":[{"href":"https:\/\/vimagazine.com.br\/index.php?rest_route=%2Fwp%2Fv2%2Fmedia&parent=18137"}],"wp:term":[{"taxonomy":"category","embeddable":true,"href":"https:\/\/vimagazine.com.br\/index.php?rest_route=%2Fwp%2Fv2%2Fcategories&post=18137"},{"taxonomy":"post_tag","embeddable":true,"href":"https:\/\/vimagazine.com.br\/index.php?rest_route=%2Fwp%2Fv2%2Ftags&post=18137"}],"curies":[{"name":"wp","href":"https:\/\/api.w.org\/{rel}","templated":true}]}}