{"id":18202,"date":"2025-04-02T14:05:31","date_gmt":"2025-04-02T17:05:31","guid":{"rendered":"https:\/\/vimagazine.com.br\/?p=18202"},"modified":"2025-04-02T14:05:33","modified_gmt":"2025-04-02T17:05:33","slug":"fas-de-roberto-carlos-aguardam-ansiosos-o-primeiro-show-da-nova-turne-em-joinville-veja-o-repertorio","status":"publish","type":"post","link":"https:\/\/vimagazine.com.br\/?p=18202","title":{"rendered":"F\u00e3s de Roberto Carlos aguardam ansiosos o primeiro show da nova turn\u00ea em Joinville; veja o repert\u00f3rio"},"content":{"rendered":"\n<figure class=\"wp-block-image size-large\"><img width=\"1024\" height=\"576\" src=\"https:\/\/vimagazine.com.br\/wp-content\/uploads\/2025\/04\/RobertoCarlos-1-1024x576.jpg\" alt=\"\" class=\"wp-image-18203\" srcset=\"https:\/\/vimagazine.com.br\/wp-content\/uploads\/2025\/04\/RobertoCarlos-1-1024x576.jpg 1024w, https:\/\/vimagazine.com.br\/wp-content\/uploads\/2025\/04\/RobertoCarlos-1-300x169.jpg 300w, https:\/\/vimagazine.com.br\/wp-content\/uploads\/2025\/04\/RobertoCarlos-1-768x432.jpg 768w, https:\/\/vimagazine.com.br\/wp-content\/uploads\/2025\/04\/RobertoCarlos-1-1536x864.jpg 1536w, https:\/\/vimagazine.com.br\/wp-content\/uploads\/2025\/04\/RobertoCarlos-1.jpg 1600w\" sizes=\"(max-width: 1024px) 100vw, 1024px\" \/><\/figure>\n\n\n\n<p><em>O Rei se apresenta no dia 10 com a turn\u00ea \u201cEu Ofere\u00e7o Flores\u201d, trazendo um espet\u00e1culo repleto de cl\u00e1ssicos.<\/em><\/p>\n\n\n\n<p>Amigo, Emo\u00e7\u00f5es, Jesus Cristo e Detalhes: esses ser\u00e3o alguns dos sucessos cantados por Roberto Carlos em seu primeiro show em SC com a turn\u00ea Eu Ofere\u00e7o Flores, na pr\u00f3xima quinta-feira (10), em Joinville. O Rei sobe ao palco do Centreventos Cau Hansen e tem ingressos \u00e0 venda desde dezembro do ano passado.<\/p>\n\n\n\n<p>A passagem do cantor e compositor na cidade \u00e9 aguardada com ansiedade pelos f\u00e3s. Quem n\u00e3o perdeu tempo para garantir o ingresso foi a empres\u00e1ria Carla Merkle. F\u00e3 desde pequena, o show de Roberto Carlos em Joinville vai al\u00e9m de um simples espet\u00e1culo: \u00e9 um reencontro com mem\u00f3rias afetivas e momentos especiais vividos ao lado da m\u00e3e, Aneli Merkle.<\/p>\n\n\n\n<p>\u201cMinha m\u00e3e \u00e9 vi\u00fava e adora o Roberto Carlos. J\u00e1 fomos ao show dele em outras oportunidades. Quando eu era crian\u00e7a \u2013 devia ter uns 8 anos \u2013, assisti a um show dele no Gin\u00e1sio Ivan Rodrigues com minha m\u00e3e e meu pai na \u00e9poca. Esse momento remete a lembran\u00e7as de coisas boas que aconteceram na nossa vida, momentos e sentimentos bons\u201d, conta Carla.<\/p>\n\n\n\n<p>O que esperar do show?<\/p>\n\n\n\n<p>O setlist da turn\u00ea re\u00fane can\u00e7\u00f5es que marcaram gera\u00e7\u00f5es. O p\u00fablico pode esperar momentos de nostalgia e emo\u00e7\u00e3o com cl\u00e1ssicos como \u201cDetalhes\u201d, \u201cOutra Vez\u201d, \u201cAl\u00e9m do Horizonte\u201d, \u201cComo \u00e9 Grande o Meu Amor por Voc\u00ea\u201d, al\u00e9m da nova m\u00fasica que d\u00e1 nome \u00e0 turn\u00ea, \u201cEu Ofere\u00e7o Flores\u201d.<\/p>\n\n\n\n<p>Confira algumas das m\u00fasicas que devem fazer parte do repert\u00f3rio:<\/p>\n\n\n\n<p>Emo\u00e7\u00f5es<\/p>\n\n\n\n<p>Como vai voc\u00ea<\/p>\n\n\n\n<p>Al\u00e9m do horizonte<\/p>\n\n\n\n<p>Desabafo<\/p>\n\n\n\n<p>Detalhes<\/p>\n\n\n\n<p>Outra vez<\/p>\n\n\n\n<p>Olha<\/p>\n\n\n\n<p>Nossa Senhora<\/p>\n\n\n\n<p>O calhambeque<\/p>\n\n\n\n<p>O calhambeque (Road Hog)<\/p>\n\n\n\n<p>O cadillac<\/p>\n\n\n\n<p>Lady Laura<\/p>\n\n\n\n<p>Seu corpo \/ Caf\u00e9 da manh\u00e3 \/ Seus bot\u00f5es \/ Falando s\u00e9rio \/ C\u00f4ncavo e convexo<\/p>\n\n\n\n<p>Mulher de 40<\/p>\n\n\n\n<p>Cavalgada<\/p>\n\n\n\n<p>Esse cara sou eu<\/p>\n\n\n\n<p>Amigo<\/p>\n\n\n\n<p>Como \u00e9 grande o meu amor por voc\u00ea<\/p>\n\n\n\n<p>Jesus Cristo<\/p>\n\n\n\n<p>Eu ofere\u00e7o flores<\/p>\n\n\n\n<p>Uma trajet\u00f3ria de sucesso<\/p>\n\n\n\n<p>Com uma carreira que ultrapassa seis d\u00e9cadas, Roberto Carlos se consolidou como um dos maiores nomes da m\u00fasica brasileira. O cantor surgiu nos anos 1960 como um dos \u00edcones da Jovem Guarda, movimento que modernizou a m\u00fasica nacional ao mesclar influ\u00eancias do rock \u2018n\u2019 roll com ritmos brasileiros. Hits como \u201cSplish Splash\u201d, \u201c\u00c9 Proibido Fumar\u201d e \u201cO Calhambeque\u201d marcaram sua ascens\u00e3o.<\/p>\n\n\n\n<p>Nos anos 1970, Roberto Carlos se reinventou, tornando-se o maior nome da m\u00fasica rom\u00e2ntica no Brasil. Sucessos como \u201cDetalhes\u201d, \u201cAmigo\u201d e \u201cComo \u00e9 Grande o Meu Amor por Voc\u00ea\u201d consolidaram sua popularidade, atravessando gera\u00e7\u00f5es.<\/p>\n\n\n\n<p>A partir dos anos 1980, seus shows passaram a atrair multid\u00f5es, incluindo a ic\u00f4nica sequ\u00eancia de apresenta\u00e7\u00f5es no Maracan\u00e3zinho e sua estreia no palco do Radio City Music Hall, em Nova York. Nas d\u00e9cadas seguintes, lan\u00e7ou projetos marcantes, como o especial \u201cAc\u00fastico MTV\u201d e o \u201cEmo\u00e7\u00f5es em Alto Mar\u201d, cruzeiro tem\u00e1tico que re\u00fane f\u00e3s em uma experi\u00eancia exclusiva.<\/p>\n\n\n\n<p>Aos 83 anos, Roberto Carlos segue lotando arenas no Brasil e no exterior, mantendo-se como um dos artistas mais queridos do pa\u00eds.<\/p>\n\n\n\n<p>Ingressos \u00e0 venda<\/p>\n\n\n\n<p>Os ingressos para o show de Roberto Carlos em Joinville est\u00e3o dispon\u00edveis para compra no site Guich\u00ea Web (guicheweb.com.br\/roberto-carlos-joinville_37587) e em pontos de venda f\u00edsicos na cidade, como a Big Hall Lanchonete, Loja Strutura (Centro, Guanabara e Aventureiro) e Loja Oficial Mormaii, no Shopping Mueller.<\/p>\n\n\n\n<p>Os pre\u00e7os variam entre R$ 400 e R$ 1.200, com op\u00e7\u00f5es de meia-entrada e ingresso solid\u00e1rio, que concede desconto mediante a doa\u00e7\u00e3o de 1kg de alimento n\u00e3o perec\u00edvel. Tamb\u00e9m h\u00e1 a possibilidade de adquirir camarotes para at\u00e9 16 pessoas.<\/p>\n\n\n\n<p><strong>Servi\u00e7o \u2013 Roberto Carlos em Joinville<\/strong><\/p>\n\n\n\n<p>Local: Centreventos Cau Hansen<\/p>\n\n\n\n<p>Data: 10 de abril de 2025<\/p>\n\n\n\n<p>Hor\u00e1rio: Port\u00f5es abrem \u00e0s 19h | Show \u00e0s 21h<\/p>\n\n\n\n<p>Ingressos: <a href=\"http:\/\/Guich\u00ea Web (guicheweb.com.br\/roberto-carlos-joinville_37587)\" title=\"Guich\u00ea Web (guicheweb.com.br\/roberto-carlos-joinville_37587)\">Guich\u00ea Web (guicheweb.com.br\/roberto-carlos-joinville_37587)<\/a><\/p>\n","protected":false},"excerpt":{"rendered":"<p>O Rei se apresenta no dia 10 com a turn\u00ea \u201cEu Ofere\u00e7o Flores\u201d, trazendo um&#8230;<\/p>\n","protected":false},"author":20,"featured_media":0,"comment_status":"closed","ping_status":"open","sticky":false,"template":"","format":"standard","meta":{"om_disable_all_campaigns":false,"_monsterinsights_skip_tracking":false,"_monsterinsights_sitenote_active":false,"_monsterinsights_sitenote_note":"","_monsterinsights_sitenote_category":0,"spay_email":""},"categories":[1],"tags":[],"jetpack_featured_media_url":"","_links":{"self":[{"href":"https:\/\/vimagazine.com.br\/index.php?rest_route=\/wp\/v2\/posts\/18202"}],"collection":[{"href":"https:\/\/vimagazine.com.br\/index.php?rest_route=\/wp\/v2\/posts"}],"about":[{"href":"https:\/\/vimagazine.com.br\/index.php?rest_route=\/wp\/v2\/types\/post"}],"author":[{"embeddable":true,"href":"https:\/\/vimagazine.com.br\/index.php?rest_route=\/wp\/v2\/users\/20"}],"replies":[{"embeddable":true,"href":"https:\/\/vimagazine.com.br\/index.php?rest_route=%2Fwp%2Fv2%2Fcomments&post=18202"}],"version-history":[{"count":1,"href":"https:\/\/vimagazine.com.br\/index.php?rest_route=\/wp\/v2\/posts\/18202\/revisions"}],"predecessor-version":[{"id":18204,"href":"https:\/\/vimagazine.com.br\/index.php?rest_route=\/wp\/v2\/posts\/18202\/revisions\/18204"}],"wp:attachment":[{"href":"https:\/\/vimagazine.com.br\/index.php?rest_route=%2Fwp%2Fv2%2Fmedia&parent=18202"}],"wp:term":[{"taxonomy":"category","embeddable":true,"href":"https:\/\/vimagazine.com.br\/index.php?rest_route=%2Fwp%2Fv2%2Fcategories&post=18202"},{"taxonomy":"post_tag","embeddable":true,"href":"https:\/\/vimagazine.com.br\/index.php?rest_route=%2Fwp%2Fv2%2Ftags&post=18202"}],"curies":[{"name":"wp","href":"https:\/\/api.w.org\/{rel}","templated":true}]}}