{"id":18213,"date":"2025-04-09T12:32:40","date_gmt":"2025-04-09T15:32:40","guid":{"rendered":"https:\/\/vimagazine.com.br\/?p=18213"},"modified":"2025-04-09T12:32:41","modified_gmt":"2025-04-09T15:32:41","slug":"a-trajetoria-de-sucesso-da-fundacao-justica-solidaria-e-seu-fundador-thiago-de-moraes","status":"publish","type":"post","link":"https:\/\/vimagazine.com.br\/?p=18213","title":{"rendered":"A Trajet\u00f3ria de sucesso da Funda\u00e7\u00e3o Justi\u00e7a Solid\u00e1ria e seu fundador Thiago de Moraes"},"content":{"rendered":"\n<p>&nbsp;import\u00e2ncia da Funda\u00e7\u00e3o Justi\u00e7a Solid\u00e1ria, desde sua inaugura\u00e7\u00e3o, \u00e9 amplamente reconhecida devido aos diversos pr\u00eamios e eventos realizados por seu fundador,&nbsp;<strong>Thiago de Moraes<\/strong>, que criou a institui\u00e7\u00e3o com o prop\u00f3sito de promover a cidadania e a responsabilidade social.<\/p>\n\n\n\n<p>Em 2012, em uma solenidade especial, foram concedidas diversas premia\u00e7\u00f5es com a indica\u00e7\u00e3o do Dr. Thiago de Moraes, que, com seu prest\u00edgio junto \u00e0s autoridades,e&nbsp;&nbsp;presidente da Comiss\u00e3o de Expans\u00e3o e Desenvolvimento da Sociedade de Veteranos de 32 ,organizou e indicou nomes importantes para serem homenageados na ocasi\u00e3o.<\/p>\n\n\n\n<p>Entre os agraciados estavam:<\/p>\n\n\n\n<ul><li>O presidente da C\u00e2mara Federal, deputado Marco Maia, reconhecido pela exposi\u00e7\u00e3o realizada em julho daquele ano sobre os 80 anos da Revolu\u00e7\u00e3o Constitucionalista de 1932;<\/li><li>Thiago de Moraes , cientista pol\u00edtico, jurista, jornalista ,em seus trabalhos junto MMDC (Movimento MMDC) , como fundador da Justi\u00e7a Solid\u00e1ria e como neto do ex-combatente Vicente Ven\u00e2ncio J\u00fanior<\/li><li>Bianca Morandi Telles Rudge, esposa de Antonio Telles Rudge, ex-combatente de 1932, representada por sua neta, Ana Helena Rudge de Paula Guimar\u00e3es;<\/li><li>O professor Casimiro Pedro da Silva Neto, supervisor do Espa\u00e7o Cultural Zumbi dos Palmares da C\u00e2mara Federal;<\/li><li>Jos\u00e9 Ricardo Ori\u00e1 Fernandes, curador do Museu da C\u00e2mara dos Deputados;<\/li><li>Claudia Sartori, presidente do CASC, pelo trabalho na campanha&nbsp;<em>Doar \u00c9 Legal \u2013 a vida \u00e9 recarreg\u00e1vel<\/em>;<\/li><li>Ana C\u00e2ndida Dias Novaes Lima, ex-combatente da Revolu\u00e7\u00e3o de 1932;<\/li><li>Adilson C\u00e9sar, presidente do Instituto Hist\u00f3rico Geogr\u00e1fico e Geneal\u00f3gico de Sorocaba;<\/li><li>Ivan Zurita, ent\u00e3o presidente da Nestl\u00e9, representado por Fabiana Fairbanks, gerente executiva de Marketing de produtos l\u00e1cteos da empresa;<\/li><li>S\u00edlvia Lemos Smith, a primeira mulher da Pol\u00edcia Cient\u00edfica, falecida recentemente na \u00e9poca, representada por seu filho, Rui Lemos Smith.<\/li><\/ul>\n\n\n\n<p>Os homenageados receberam honrarias como a&nbsp;<strong>Medalha Constitucionalista, a Medalha Governador Pedro de Toledo, a Medalha da Constitui\u00e7\u00e3o e o Diploma de Reconhecimento.<\/strong><\/p>\n\n\n\n<p>O deputado Ol\u00edmpio Gomes&nbsp;<strong><em>In Memoriam<\/em><\/strong>, que presidiu a cerim\u00f4nia, destacou a relev\u00e2ncia do trabalho do CASC na campanha de incentivo \u00e0 doa\u00e7\u00e3o de \u00f3rg\u00e3os, afirmando que a medalha recebida pelo CASC representava um reconhecimento ao esfor\u00e7o do Tribunal de Justi\u00e7a e de uma mulher altru\u00edsta que, com respaldo na legisla\u00e7\u00e3o, defendeu o direito \u00e0 vida e \u00e0 sa\u00fade, princ\u00edpios fundamentais da Constitui\u00e7\u00e3o.<\/p>\n\n\n\n<p>A indica\u00e7\u00e3o da campanha &#8220;Doar \u00e9 Legal &#8211; a vida \u00e9 recarreg\u00e1vel&#8221;, do CASC, para a medalha foi feita por&nbsp;<strong>Thiago de Moraes<\/strong>, presidente da Funda\u00e7\u00e3o Justi\u00e7a Solid\u00e1ria, que tem la\u00e7os familiares com a Revolu\u00e7\u00e3o de 32 como neto do ex-combatente Vicente Ven\u00e2ncio J\u00fanior e tamb\u00e9m participa do MMDC (Movimento MMDC). Segundo o ex-deputado&nbsp;<strong>Ol\u00edmpio Gomes in memoriam<\/strong>, a homenagem ao CASC reconheceu o &#8220;trabalho fant\u00e1stico de incentivo de doa\u00e7\u00e3o de \u00f3rg\u00e3os promovido pelo Tribunal de Justi\u00e7a por meio de uma mulher altru\u00edsta&#8221;.<\/p>\n\n\n\n<p>A trajet\u00f3ria e os trabalhos realizados ao longo dos anos pela Funda\u00e7\u00e3o Justi\u00e7a Solid\u00e1ria, sob a lideran\u00e7a de Thiago de Moraes, demonstram a relev\u00e2ncia de sua atua\u00e7\u00e3o em prol de objetivos sociais e de cidadania,&nbsp;merecendo o reconhecimento da sociedade brasileira.<\/p>\n\n\n\n<p>A Funda\u00e7\u00e3o Justi\u00e7a Solid\u00e1ria, sob a lideran\u00e7a do Dr. Thiago de Moraes, tem um papel fundamental na promo\u00e7\u00e3o da cidadania, da responsabilidade social e da preserva\u00e7\u00e3o da mem\u00f3ria hist\u00f3rica. Suas a\u00e7\u00f5es, marcadas pelo reconhecimento de personalidades e institui\u00e7\u00f5es que contribuem para o bem comum, refletem o compromisso com a constru\u00e7\u00e3o de uma sociedade mais justa e solid\u00e1ria,&nbsp;merecendo o reconhecimento da sociedade brasileira.<\/p>\n\n\n\n<p>Thiago de Moraes atualmente, segue com a Funda\u00e7\u00e3o e muitas solicita\u00e7\u00f5es de aconselhamento sobre assuntos jur\u00eddicos econ\u00f4micos a aconselhamento pessoal. al\u00e9m de ministrar cursos , palestras , e comandar o podcast A Pauta&nbsp;<\/p>\n\n\n\n<p>Thiago de Moraes \u00e9 um profissional multifacetado atuando como Cientista Pol\u00edtico\u2022 Jurista\u2022 Jornalista MTB 0091632\/SP\u2022 Professor\u2022 Escritor. Colunista Migalhas Jur\u00eddicas<\/p>\n\n\n\n<p>Para cursos, palestras e mentoria, o contato pode ser feito atrav\u00e9s do email: apoio@justicasolidaria.org.br.<\/p>\n\n\n\n<p>Voc\u00ea tamb\u00e9m pode encontrar o professor Thiago de Moraes no Instagram, nos seguintes endere\u00e7os:<\/p>\n\n\n\n<ul><li><a rel=\"noreferrer noopener\" target=\"_blank\" href=\"https:\/\/www.instagram.com\/thiagodemoraesoficial_\/\">https:\/\/www.instagram.com\/thiagodemoraesoficial_\/<\/a><\/li><li><a rel=\"noreferrer noopener\" target=\"_blank\" href=\"https:\/\/www.instagram.com\/profthiagodemoraes\/\">https:\/\/www.instagram.com\/profthiagodemoraes\/<\/a><\/li><\/ul>\n\n\n\n<p>Al\u00e9m disso, o professor Thiago de Moraes criou o podcast &#8220;A Pauta&#8221;, onde ele traz debates e entrevistas relevantes sobre temas sociais , politicos, e entretenimento o podcast pode ser encontrado no youtube.<\/p>\n\n\n\n<ul><li><a rel=\"noreferrer noopener\" target=\"_blank\" href=\"https:\/\/youtu.be\/L2jpbUVSmV0?feature=shared\">https:\/\/youtu.be\/L2jpbUVSmV0?feature=shared<\/a><\/li><\/ul>\n","protected":false},"excerpt":{"rendered":"<p>&nbsp;import\u00e2ncia da Funda\u00e7\u00e3o Justi\u00e7a Solid\u00e1ria, desde sua inaugura\u00e7\u00e3o, \u00e9 amplamente reconhecida devido aos diversos pr\u00eamios&#8230;<\/p>\n","protected":false},"author":19,"featured_media":18214,"comment_status":"closed","ping_status":"open","sticky":false,"template":"","format":"standard","meta":{"om_disable_all_campaigns":false,"_monsterinsights_skip_tracking":false,"_monsterinsights_sitenote_active":false,"_monsterinsights_sitenote_note":"","_monsterinsights_sitenote_category":0,"spay_email":""},"categories":[1],"tags":[],"jetpack_featured_media_url":"https:\/\/vimagazine.com.br\/wp-content\/uploads\/2025\/04\/Imagem-2.jpeg","_links":{"self":[{"href":"https:\/\/vimagazine.com.br\/index.php?rest_route=\/wp\/v2\/posts\/18213"}],"collection":[{"href":"https:\/\/vimagazine.com.br\/index.php?rest_route=\/wp\/v2\/posts"}],"about":[{"href":"https:\/\/vimagazine.com.br\/index.php?rest_route=\/wp\/v2\/types\/post"}],"author":[{"embeddable":true,"href":"https:\/\/vimagazine.com.br\/index.php?rest_route=\/wp\/v2\/users\/19"}],"replies":[{"embeddable":true,"href":"https:\/\/vimagazine.com.br\/index.php?rest_route=%2Fwp%2Fv2%2Fcomments&post=18213"}],"version-history":[{"count":1,"href":"https:\/\/vimagazine.com.br\/index.php?rest_route=\/wp\/v2\/posts\/18213\/revisions"}],"predecessor-version":[{"id":18215,"href":"https:\/\/vimagazine.com.br\/index.php?rest_route=\/wp\/v2\/posts\/18213\/revisions\/18215"}],"wp:featuredmedia":[{"embeddable":true,"href":"https:\/\/vimagazine.com.br\/index.php?rest_route=\/wp\/v2\/media\/18214"}],"wp:attachment":[{"href":"https:\/\/vimagazine.com.br\/index.php?rest_route=%2Fwp%2Fv2%2Fmedia&parent=18213"}],"wp:term":[{"taxonomy":"category","embeddable":true,"href":"https:\/\/vimagazine.com.br\/index.php?rest_route=%2Fwp%2Fv2%2Fcategories&post=18213"},{"taxonomy":"post_tag","embeddable":true,"href":"https:\/\/vimagazine.com.br\/index.php?rest_route=%2Fwp%2Fv2%2Ftags&post=18213"}],"curies":[{"name":"wp","href":"https:\/\/api.w.org\/{rel}","templated":true}]}}