{"id":18217,"date":"2025-04-09T20:00:14","date_gmt":"2025-04-09T23:00:14","guid":{"rendered":"https:\/\/vimagazine.com.br\/?p=18217"},"modified":"2025-04-09T20:00:15","modified_gmt":"2025-04-09T23:00:15","slug":"moises-dionisio-e-consagrado-revelacao-do-ano-no-premio-promessa-gospel-2025","status":"publish","type":"post","link":"https:\/\/vimagazine.com.br\/?p=18217","title":{"rendered":"Mois\u00e9s Dion\u00edsio \u00e9 consagrado Revela\u00e7\u00e3o do Ano no Pr\u00eamio Promessa Gospel 2025"},"content":{"rendered":"\n<p><\/p>\n\n\n\n<p>Na noite de ter\u00e7a-feira, 8 de abril, a cidade de S\u00e3o Paulo foi palco de uma das maiores celebra\u00e7\u00f5es da m\u00fasica crist\u00e3 no pa\u00eds: o Pr\u00eamio Promessa Gospel 2025. O grande destaque da noite foi o cantor Mois\u00e9s Dion\u00edsio, que conquistou o trof\u00e9u na categoria &#8220;Cantor Novo Destaque&#8221;, consolidando-se como uma das grandes promessas da m\u00fasica gospel nacional.<\/p>\n\n\n\n<p>O evento, sob a dire\u00e7\u00e3o do produtor Amarildo Tavares, reuniu personalidades de peso do cen\u00e1rio gospel brasileiro. Entre os convidados, marcaram presen\u00e7a nomes consagrados como Mara Maravilha, Vanilda Bordieri, Noemi Nonato, Mattos Nascimento e Samuel Tayrone, entre outros artistas que abrilhantaram ainda mais a noite.<\/p>\n\n\n\n<p>Com uma trajet\u00f3ria s\u00f3lida e crescente, Mois\u00e9s Dion\u00edsio j\u00e1 conta com diversos clipes e \u00e1lbuns dispon\u00edveis nas plataformas digitais, onde tem conquistado uma audi\u00eancia fiel e engajada. A premia\u00e7\u00e3o representa n\u00e3o s\u00f3 o reconhecimento do seu talento, mas tamb\u00e9m um impulso para novos voos na sua carreira art\u00edstica.<\/p>\n\n\n\n<figure class=\"wp-block-image size-large\"><img width=\"583\" height=\"1024\" src=\"https:\/\/vimagazine.com.br\/wp-content\/uploads\/2025\/04\/WhatsApp-Image-2025-04-09-at-09.49.52-583x1024.jpeg\" alt=\"\" class=\"wp-image-18218\" srcset=\"https:\/\/vimagazine.com.br\/wp-content\/uploads\/2025\/04\/WhatsApp-Image-2025-04-09-at-09.49.52-583x1024.jpeg 583w, https:\/\/vimagazine.com.br\/wp-content\/uploads\/2025\/04\/WhatsApp-Image-2025-04-09-at-09.49.52-171x300.jpeg 171w, https:\/\/vimagazine.com.br\/wp-content\/uploads\/2025\/04\/WhatsApp-Image-2025-04-09-at-09.49.52-768x1349.jpeg 768w, https:\/\/vimagazine.com.br\/wp-content\/uploads\/2025\/04\/WhatsApp-Image-2025-04-09-at-09.49.52-875x1536.jpeg 875w, https:\/\/vimagazine.com.br\/wp-content\/uploads\/2025\/04\/WhatsApp-Image-2025-04-09-at-09.49.52.jpeg 911w\" sizes=\"(max-width: 583px) 100vw, 583px\" \/><\/figure>\n","protected":false},"excerpt":{"rendered":"<p>Na noite de ter\u00e7a-feira, 8 de abril, a cidade de S\u00e3o Paulo foi palco de&#8230;<\/p>\n","protected":false},"author":1,"featured_media":18219,"comment_status":"closed","ping_status":"open","sticky":false,"template":"","format":"standard","meta":{"om_disable_all_campaigns":false,"_monsterinsights_skip_tracking":false,"_monsterinsights_sitenote_active":false,"_monsterinsights_sitenote_note":"","_monsterinsights_sitenote_category":0,"spay_email":""},"categories":[26],"tags":[],"jetpack_featured_media_url":"https:\/\/vimagazine.com.br\/wp-content\/uploads\/2025\/04\/WhatsApp-Image-2025-04-09-at-09.49.52-1.jpeg","_links":{"self":[{"href":"https:\/\/vimagazine.com.br\/index.php?rest_route=\/wp\/v2\/posts\/18217"}],"collection":[{"href":"https:\/\/vimagazine.com.br\/index.php?rest_route=\/wp\/v2\/posts"}],"about":[{"href":"https:\/\/vimagazine.com.br\/index.php?rest_route=\/wp\/v2\/types\/post"}],"author":[{"embeddable":true,"href":"https:\/\/vimagazine.com.br\/index.php?rest_route=\/wp\/v2\/users\/1"}],"replies":[{"embeddable":true,"href":"https:\/\/vimagazine.com.br\/index.php?rest_route=%2Fwp%2Fv2%2Fcomments&post=18217"}],"version-history":[{"count":1,"href":"https:\/\/vimagazine.com.br\/index.php?rest_route=\/wp\/v2\/posts\/18217\/revisions"}],"predecessor-version":[{"id":18220,"href":"https:\/\/vimagazine.com.br\/index.php?rest_route=\/wp\/v2\/posts\/18217\/revisions\/18220"}],"wp:featuredmedia":[{"embeddable":true,"href":"https:\/\/vimagazine.com.br\/index.php?rest_route=\/wp\/v2\/media\/18219"}],"wp:attachment":[{"href":"https:\/\/vimagazine.com.br\/index.php?rest_route=%2Fwp%2Fv2%2Fmedia&parent=18217"}],"wp:term":[{"taxonomy":"category","embeddable":true,"href":"https:\/\/vimagazine.com.br\/index.php?rest_route=%2Fwp%2Fv2%2Fcategories&post=18217"},{"taxonomy":"post_tag","embeddable":true,"href":"https:\/\/vimagazine.com.br\/index.php?rest_route=%2Fwp%2Fv2%2Ftags&post=18217"}],"curies":[{"name":"wp","href":"https:\/\/api.w.org\/{rel}","templated":true}]}}