{"id":18222,"date":"2025-04-10T09:16:52","date_gmt":"2025-04-10T12:16:52","guid":{"rendered":"https:\/\/vimagazine.com.br\/?p=18222"},"modified":"2025-04-10T09:16:54","modified_gmt":"2025-04-10T12:16:54","slug":"workshop-gratuito-em-joinville-aborda-inovacao-e-tecnologia-na-musica","status":"publish","type":"post","link":"https:\/\/vimagazine.com.br\/?p=18222","title":{"rendered":"Workshop gratuito em Joinville aborda inova\u00e7\u00e3o e tecnologia na m\u00fasica"},"content":{"rendered":"\n<p><strong><em>A\u00e7\u00e3o formativa est\u00e1 com inscri\u00e7\u00f5es abertas e come\u00e7a em maio, na sede da Prel\u00fadio Academia de Arte&nbsp;<\/em><\/strong><\/p>\n\n\n\n<p><strong><br><\/strong>O mundo tecnol\u00f3gico est\u00e1 em constante evolu\u00e7\u00e3o. <\/p>\n\n\n\n<p>Na esfera musical, o cen\u00e1rio n\u00e3o \u00e9 diferente.<\/p>\n\n\n\n<p> Com foco na inova\u00e7\u00e3o no contexto das orquestras, bandas e corais, o workshop criativo M\u00fasica &#8211; Criatividade, Inova\u00e7\u00e3o e Novas Tecnologias \u00e9 uma grande oportunidade para m\u00fasicos e coralistas de Joinville e regi\u00e3o. <\/p>\n\n\n\n<p>As inscri\u00e7\u00f5es da a\u00e7\u00e3o, que \u00e9 totalmente gratuita, v\u00e3o at\u00e9 o dia dia 28 de abril .\u00a0<\/p>\n\n\n\n<p>As aulas come\u00e7ar\u00e3o no dia 3 de maio na sede da Prel\u00fadio Academia de Arte, localizada na regi\u00e3o central de Joinville. <\/p>\n\n\n\n<p>Ser\u00e3o cinco encontros semanais, sempre aos s\u00e1bado, \u00e0s 9h. <\/p>\n\n\n\n<p>Durante o curso, os alunos ter\u00e3o acesso a um conte\u00fado que pretende explorar as muitas possibilidades oferecidas pelas novas tecnologias e pelas m\u00eddias sociais, buscando alcan\u00e7ar maior intera\u00e7\u00e3o com o p\u00fablico.<\/p>\n\n\n\n<p>O workshop ser\u00e1 ministrado pelo professor e designer multim\u00eddia Claudney Wilbert. <\/p>\n\n\n\n<p>Para participar, \u00e9 preciso entrar em contato com a secretaria da Prel\u00fadio Academia de Arte por meio do Whatsapp (47) 98920-1958. As vagas s\u00e3o limitadas a 20 participantes .\u00a0<\/p>\n\n\n\n<p>A a\u00e7\u00e3o \u00e9 parte integrante do Projeto Orquestra na Escola, contemplado pelo&nbsp; Sistema Municipal de Desenvolvimento pela Cultura (Simdec), via mecenato.<strong><br><\/strong><strong><br><\/strong><strong>SERVI\u00c7O<\/strong><strong><br><\/strong><\/p>\n\n\n\n<p><strong>O qu\u00ea: Workshop Criativo: M\u00fasica &#8211; Criatividade, Inova\u00e7\u00e3o e Novas Tecnologias<\/strong><\/p>\n\n\n\n<p><strong>Quando: 3 a 31 de maio, aos s\u00e1bados, \u00e0s 9h<\/strong><\/p>\n\n\n\n<p><strong>Onde: Prel\u00fadio Academia de Arte, rua Princesa Isabel, 508, Centro.<\/strong><\/p>\n\n\n\n<p><strong>Quanto: Gratuito. Inscri\u00e7\u00f5es at\u00e9 28 de abril.<\/strong><strong><br><\/strong><strong>CONTATO<\/strong><strong>:<\/strong><strong><br><\/strong><strong>Rafael Huch (47-99108-9119)<\/strong><strong><\/strong><\/p>\n","protected":false},"excerpt":{"rendered":"<p>A\u00e7\u00e3o formativa est\u00e1 com inscri\u00e7\u00f5es abertas e come\u00e7a em maio, na sede da Prel\u00fadio Academia&#8230;<\/p>\n","protected":false},"author":3,"featured_media":18223,"comment_status":"closed","ping_status":"open","sticky":false,"template":"","format":"standard","meta":{"om_disable_all_campaigns":false,"_monsterinsights_skip_tracking":false,"_monsterinsights_sitenote_active":false,"_monsterinsights_sitenote_note":"","_monsterinsights_sitenote_category":0,"spay_email":""},"categories":[1],"tags":[],"jetpack_featured_media_url":"https:\/\/vimagazine.com.br\/wp-content\/uploads\/2025\/04\/Acao-de-Formacao-Simdec_Preludio.jpg","_links":{"self":[{"href":"https:\/\/vimagazine.com.br\/index.php?rest_route=\/wp\/v2\/posts\/18222"}],"collection":[{"href":"https:\/\/vimagazine.com.br\/index.php?rest_route=\/wp\/v2\/posts"}],"about":[{"href":"https:\/\/vimagazine.com.br\/index.php?rest_route=\/wp\/v2\/types\/post"}],"author":[{"embeddable":true,"href":"https:\/\/vimagazine.com.br\/index.php?rest_route=\/wp\/v2\/users\/3"}],"replies":[{"embeddable":true,"href":"https:\/\/vimagazine.com.br\/index.php?rest_route=%2Fwp%2Fv2%2Fcomments&post=18222"}],"version-history":[{"count":1,"href":"https:\/\/vimagazine.com.br\/index.php?rest_route=\/wp\/v2\/posts\/18222\/revisions"}],"predecessor-version":[{"id":18224,"href":"https:\/\/vimagazine.com.br\/index.php?rest_route=\/wp\/v2\/posts\/18222\/revisions\/18224"}],"wp:featuredmedia":[{"embeddable":true,"href":"https:\/\/vimagazine.com.br\/index.php?rest_route=\/wp\/v2\/media\/18223"}],"wp:attachment":[{"href":"https:\/\/vimagazine.com.br\/index.php?rest_route=%2Fwp%2Fv2%2Fmedia&parent=18222"}],"wp:term":[{"taxonomy":"category","embeddable":true,"href":"https:\/\/vimagazine.com.br\/index.php?rest_route=%2Fwp%2Fv2%2Fcategories&post=18222"},{"taxonomy":"post_tag","embeddable":true,"href":"https:\/\/vimagazine.com.br\/index.php?rest_route=%2Fwp%2Fv2%2Ftags&post=18222"}],"curies":[{"name":"wp","href":"https:\/\/api.w.org\/{rel}","templated":true}]}}