{"id":18225,"date":"2025-04-10T12:23:17","date_gmt":"2025-04-10T15:23:17","guid":{"rendered":"https:\/\/vimagazine.com.br\/?p=18225"},"modified":"2025-04-10T12:23:18","modified_gmt":"2025-04-10T15:23:18","slug":"fendi-casa-milano-design-week-2025","status":"publish","type":"post","link":"https:\/\/vimagazine.com.br\/?p=18225","title":{"rendered":"FENDI Casa \u2013 Milano Design Week 2025"},"content":{"rendered":"\n<p><\/p>\n\n\n\n<p>FENDI Casa, por ocasi\u00e3o da Milano Design Week 2025, continua sua jornada em busca de novos equil\u00edbrios e express\u00f5es de estilo \u2013 avan\u00e7ando na linguagem distinta e na filosofia est\u00e9tica da marca. Enraizada na excel\u00eancia da Maison FENDI, da qual se origina, a cole\u00e7\u00e3o deste ano coincide com a celebra\u00e7\u00e3o de seu centen\u00e1rio.<\/p>\n\n\n\n<p>A cole\u00e7\u00e3o FENDI Casa 2025 \u00e9 uma mistura sofisticada de novas ideias e pe\u00e7as que se tornaram ic\u00f4nicas ao longo do tempo, reinterpretadas com materiais, cores e acabamentos atualizados para criar atmosferas completamente novas. Em constante evolu\u00e7\u00e3o, a cole\u00e7\u00e3o responde tanto \u00e0s sensibilidades est\u00e9ticas contempor\u00e2neas quanto \u00e0s atemporais, enquanto acolhe a imprevisibilidade das tend\u00eancias. Essa fluidez conceitual est\u00e1 ancorada na forte coer\u00eancia estil\u00edstica da marca, permitindo-lhe antecipar os rumos do design contempor\u00e2neo e acolher novas vozes criativas como companheiras em sua jornada cont\u00ednua.<\/p>\n\n\n\n<p>O compromisso com a descoberta e o apoio a jovens talentos, fortemente incentivado por Silvia Venturini Fendi, \u00e9 refor\u00e7ado por meio da colabora\u00e7\u00e3o com o designer brit\u00e2nico Lewis Kemmenoe, com quem a Maison FENDI trabalhou em dezembro de 2024 na Design Miami.<\/p>\n\n\n\n<p>Lewis Kemmenoe assinou o conceito e as vitrines da ic\u00f4nica boutique FENDI Casa na Piazza della Scala, onde suas pe\u00e7as ser\u00e3o exibidas. Uma narrativa ao mesmo tempo material e po\u00e9tica: as formas que Kemmenoe disp\u00f5e nos pain\u00e9is que definem o espa\u00e7o expositivo evocam as t\u00e9cnicas artesanais da alfaiataria e do trabalho em couro utilizadas no corte de materiais, dando vida a uma cenografia metaf\u00edsica que homenageia a criatividade e o\u00a0<em>savoir-faire<\/em>.<br><br><\/p>\n\n\n\n<figure class=\"wp-block-image size-large\"><img width=\"1024\" height=\"678\" src=\"https:\/\/vimagazine.com.br\/wp-content\/uploads\/2025\/04\/20e95aac-d29a-4af2-af18-d2577e58bde1-1024x678.jpg\" alt=\"\" class=\"wp-image-18226\" srcset=\"https:\/\/vimagazine.com.br\/wp-content\/uploads\/2025\/04\/20e95aac-d29a-4af2-af18-d2577e58bde1-1024x678.jpg 1024w, https:\/\/vimagazine.com.br\/wp-content\/uploads\/2025\/04\/20e95aac-d29a-4af2-af18-d2577e58bde1-300x199.jpg 300w, https:\/\/vimagazine.com.br\/wp-content\/uploads\/2025\/04\/20e95aac-d29a-4af2-af18-d2577e58bde1-768x509.jpg 768w, https:\/\/vimagazine.com.br\/wp-content\/uploads\/2025\/04\/20e95aac-d29a-4af2-af18-d2577e58bde1-1536x1018.jpg 1536w, https:\/\/vimagazine.com.br\/wp-content\/uploads\/2025\/04\/20e95aac-d29a-4af2-af18-d2577e58bde1.jpg 1920w\" sizes=\"(max-width: 1024px) 100vw, 1024px\" \/><\/figure>\n\n\n\n<p><\/p>\n\n\n\n<p>O interior assume uma dualidade distinta: o lado voltado para a Via Manzoni \u00e9 dominado por materiais met\u00e1licos, sensualidade e um luxo expl\u00edcito. J\u00e1 o lado voltado para a Via Verdi \u00e9 caracterizado por texturas naturais, formas mais org\u00e2nicas, um jogo de tons e nuances, e uma eleg\u00e2ncia refinada e discreta. O resultado \u00e9 um equil\u00edbrio de contrastes: de um lado, uma paleta suntuosa de cinzas e pretos; volumes precisos e limpos; do outro, madeira em tons claros, bambu e linhas suaves.<\/p>\n\n\n\n<p><\/p>\n\n\n\n<figure class=\"wp-container-2 wp-block-gallery-1 wp-block-gallery has-nested-images columns-default is-cropped\">\n<figure class=\"wp-block-image size-large\"><img width=\"1276\" height=\"821\" data-id=\"18227\"  src=\"https:\/\/vimagazine.com.br\/wp-content\/uploads\/2025\/04\/db340956-8028-4a21-aba7-435530b22a60.jpg\" alt=\"\" class=\"wp-image-18227\" srcset=\"https:\/\/vimagazine.com.br\/wp-content\/uploads\/2025\/04\/db340956-8028-4a21-aba7-435530b22a60.jpg 1276w, https:\/\/vimagazine.com.br\/wp-content\/uploads\/2025\/04\/db340956-8028-4a21-aba7-435530b22a60-300x193.jpg 300w, https:\/\/vimagazine.com.br\/wp-content\/uploads\/2025\/04\/db340956-8028-4a21-aba7-435530b22a60-1024x659.jpg 1024w, https:\/\/vimagazine.com.br\/wp-content\/uploads\/2025\/04\/db340956-8028-4a21-aba7-435530b22a60-768x494.jpg 768w\" sizes=\"(max-width: 1276px) 100vw, 1276px\" \/><\/figure>\n\n\n\n<figure class=\"wp-block-image size-large\"><img width=\"1276\" height=\"851\" data-id=\"18228\"  src=\"https:\/\/vimagazine.com.br\/wp-content\/uploads\/2025\/04\/545586a9-b880-4cff-9b91-338c707859ce.jpg\" alt=\"\" class=\"wp-image-18228\" srcset=\"https:\/\/vimagazine.com.br\/wp-content\/uploads\/2025\/04\/545586a9-b880-4cff-9b91-338c707859ce.jpg 1276w, https:\/\/vimagazine.com.br\/wp-content\/uploads\/2025\/04\/545586a9-b880-4cff-9b91-338c707859ce-300x200.jpg 300w, https:\/\/vimagazine.com.br\/wp-content\/uploads\/2025\/04\/545586a9-b880-4cff-9b91-338c707859ce-1024x683.jpg 1024w, https:\/\/vimagazine.com.br\/wp-content\/uploads\/2025\/04\/545586a9-b880-4cff-9b91-338c707859ce-768x512.jpg 768w\" sizes=\"(max-width: 1276px) 100vw, 1276px\" \/><\/figure>\n<\/figure>\n\n\n\n<p><\/p>\n\n\n\n<p>Entre as novidades da cole\u00e7\u00e3o est\u00e1 o sof\u00e1&nbsp;<strong>Later<\/strong>, assinado por Ceriani Szostak, cujo nome faz alus\u00e3o simb\u00f3lica ao&nbsp;<em>&#8220;primum laterem&#8221;<\/em>&nbsp;e, ao mesmo tempo, brinca com a palavra inglesa&nbsp;<em>&#8220;later&#8221;<\/em>&nbsp;como forma de refer\u00eancia, sugerindo um contraste entre subst\u00e2ncia e leveza espiritual. Esse sistema modular de assentos \u00e9 inspirado na obra-prima da arquitetura racionalista que abriga a sede da FENDI em Roma: uma estrutura r\u00edgida e quadrada \u2013 em metal, couro ou tecido \u2013 envolve um assento que transforma a suavidade de um arco em um abra\u00e7o acolhedor e confort\u00e1vel.<\/p>\n\n\n\n<p>O\u00a0<strong>FENDI Cover<\/strong>, um sof\u00e1 de formas mais suaves e menos angulosas, foi criado pela equipe criativa da FENDI Casa (<em>FF Design<\/em>) com uma silhueta pensada para ser &#8220;vestida&#8221; de diferentes maneiras: um conceito alfaiataria que remete \u00e0 troca de roupas e acess\u00f3rios, perfeito tanto para ambientes informais quanto para ocasi\u00f5es mais sofisticadas. Aqui, uma ampla variedade de tecidos, couros, tons e detalhes celebra os c\u00f3digos ic\u00f4nicos da FENDI. O assento, feito com uma \u00fanica camada de acolchoamento, \u00e9 adornado com uma al\u00e7a de couro que leva o logotipo FF; o couro tamb\u00e9m tem papel de destaque na espessura das almofadas \u2013 com ou sem bot\u00f5es \u2013 e na saia inferior do sof\u00e1. Por fim, a escolha do acabamento com vivo \u00e9 mais um elemento estil\u00edstico: vai da op\u00e7\u00e3o linear em tom sobre tom at\u00e9 o ic\u00f4nico espiral Pequin, em uma paleta de cores rica e expressiva.<\/p>\n\n\n\n<p><\/p>\n\n\n\n<figure class=\"wp-block-image size-large\"><img width=\"1024\" height=\"669\" src=\"https:\/\/vimagazine.com.br\/wp-content\/uploads\/2025\/04\/ee40857b-c326-4b01-8de6-52cb6e93289e-1024x669.jpg\" alt=\"\" class=\"wp-image-18229\" srcset=\"https:\/\/vimagazine.com.br\/wp-content\/uploads\/2025\/04\/ee40857b-c326-4b01-8de6-52cb6e93289e-1024x669.jpg 1024w, https:\/\/vimagazine.com.br\/wp-content\/uploads\/2025\/04\/ee40857b-c326-4b01-8de6-52cb6e93289e-300x196.jpg 300w, https:\/\/vimagazine.com.br\/wp-content\/uploads\/2025\/04\/ee40857b-c326-4b01-8de6-52cb6e93289e-768x502.jpg 768w, https:\/\/vimagazine.com.br\/wp-content\/uploads\/2025\/04\/ee40857b-c326-4b01-8de6-52cb6e93289e.jpg 1276w\" sizes=\"(max-width: 1024px) 100vw, 1024px\" \/><\/figure>\n\n\n\n<p><\/p>\n\n\n\n<p>Outro destaque da nova cole\u00e7\u00e3o \u00e9 a&nbsp;<strong>cadeira Twist<\/strong>, assinada por Stefano Gallizioli, com estrutura em madeira e dispon\u00edvel com ou sem bra\u00e7os, estofada em couro ou em uma combina\u00e7\u00e3o de couro e tecido. O bra\u00e7o da cadeira remete \u00e0 ondula\u00e7\u00e3o sinuosa de uma fita, criando um elegante efeito espiralado.<\/p>\n\n\n\n<p>Uma colabora\u00e7\u00e3o exclusiva entre a FENDI Casa e o designer brit\u00e2nico Lee Broom apresenta o lustre\u00a0<strong>FENDI Idol<\/strong>, uma pe\u00e7a escult\u00f3rica que reinterpreta os c\u00f3digos ic\u00f4nicos da Maison. Composto por elementos de vidro martelado com superf\u00edcies irregulares, sua silhueta \u2013 atrav\u00e9s de um jogo de luz e sombra \u2013 recria sutilmente o logotipo FF. A mesa de centro\u00a0<strong>Efo<\/strong>, criada por Peter Mabeo, que desenvolveu uma nova vers\u00e3o do logotipo FF com linhas suaves, inspirou a cria\u00e7\u00e3o de dois novos produtos: a mesa lateral Efo e o arm\u00e1rio Efo. A mesa lateral est\u00e1 dispon\u00edvel em cer\u00e2mica amarela FENDI, madeira ou em uma combina\u00e7\u00e3o dos dois materiais. O arm\u00e1rio\u00a0<strong>Efo<\/strong>\u00a0reflete o estilo caracter\u00edstico do designer, com formas primitivas, generosas e arredondadas, em madeira clara ou escura; cada um dos dois Fs torna-se o puxador de uma porta que, ao ser fechada, recomp\u00f5e o logotipo FF por meio de um jogo r\u00edtmico de separa\u00e7\u00e3o e reencontro.<\/p>\n\n\n\n<p><\/p>\n\n\n\n<figure class=\"wp-block-image size-large\"><img width=\"1024\" height=\"663\" src=\"https:\/\/vimagazine.com.br\/wp-content\/uploads\/2025\/04\/900a313b-97ba-4ff7-b504-fa51b34863ce-1024x663.jpg\" alt=\"\" class=\"wp-image-18230\" srcset=\"https:\/\/vimagazine.com.br\/wp-content\/uploads\/2025\/04\/900a313b-97ba-4ff7-b504-fa51b34863ce-1024x663.jpg 1024w, https:\/\/vimagazine.com.br\/wp-content\/uploads\/2025\/04\/900a313b-97ba-4ff7-b504-fa51b34863ce-300x194.jpg 300w, https:\/\/vimagazine.com.br\/wp-content\/uploads\/2025\/04\/900a313b-97ba-4ff7-b504-fa51b34863ce-768x497.jpg 768w, https:\/\/vimagazine.com.br\/wp-content\/uploads\/2025\/04\/900a313b-97ba-4ff7-b504-fa51b34863ce.jpg 1276w\" sizes=\"(max-width: 1024px) 100vw, 1024px\" \/><\/figure>\n\n\n\n<p><\/p>\n\n\n\n<p>Al\u00e9m dos novos produtos, h\u00e1 diversas adi\u00e7\u00f5es \u00e0s linhas j\u00e1 existentes: a mesa de centro\u00a0<strong>Lunar<\/strong>, de Jonas van Put, tornou-se uma pequena cole\u00e7\u00e3o com o lan\u00e7amento das vers\u00f5es mesa de jantar e mesa de cabeceira; a mesa\u00a0<strong>Arches<\/strong>, do atelier o\u00ef, ganhou novas propor\u00e7\u00f5es e materiais. Uma linha de mesas auxiliares foi lan\u00e7ada a partir da console\u00a0<strong>Blurred<\/strong>, enquanto mesas laterais com o mesmo detalhe de fivela de cinto foram concebidas com base no sof\u00e1\u00a0<strong>Soho\u00a0<\/strong>(de Toan Nguyen). Da ic\u00f4nica linha de assentos\u00a0<strong>Peekasit<\/strong>, do Controvento Collective, inspirada na famosa bolsa\u00a0<strong><em>Peekaboo<\/em><\/strong>, surge a\u00a0<strong>Peekasleep<\/strong>, uma cama que pode ser combinada com mantas criadas especialmente para ela. J\u00e1 a cabeceira da cama da linha Fun Fendi (atelier o\u00ef) apresenta um design mais largo, mais envolvente ou mais alto.<\/p>\n\n\n\n<p><\/p>\n\n\n\n<figure class=\"wp-block-image size-large\"><img width=\"1024\" height=\"683\" src=\"https:\/\/vimagazine.com.br\/wp-content\/uploads\/2025\/04\/3b1b5492-b17c-4633-8ff5-c5eb93f50b70-1024x683.jpg\" alt=\"\" class=\"wp-image-18231\" srcset=\"https:\/\/vimagazine.com.br\/wp-content\/uploads\/2025\/04\/3b1b5492-b17c-4633-8ff5-c5eb93f50b70-1024x683.jpg 1024w, https:\/\/vimagazine.com.br\/wp-content\/uploads\/2025\/04\/3b1b5492-b17c-4633-8ff5-c5eb93f50b70-300x200.jpg 300w, https:\/\/vimagazine.com.br\/wp-content\/uploads\/2025\/04\/3b1b5492-b17c-4633-8ff5-c5eb93f50b70-768x512.jpg 768w, https:\/\/vimagazine.com.br\/wp-content\/uploads\/2025\/04\/3b1b5492-b17c-4633-8ff5-c5eb93f50b70.jpg 1276w\" sizes=\"(max-width: 1024px) 100vw, 1024px\" \/><\/figure>\n\n\n\n<p><\/p>\n\n\n\n<p>Novos materiais e acabamentos enriquecem a cole\u00e7\u00e3o, variando do preto e cinza ao cromado brilhante: o tampo da mesa&nbsp;<strong>Ford&nbsp;<\/strong>agora conta com acabamento met\u00e1lico, enquanto a mesa&nbsp;<strong>Sigillo&nbsp;<\/strong>apresenta um novo tampo em vidro com efeito degrad\u00ea. A mesa de centro&nbsp;<strong>Metropolis&nbsp;<\/strong>(atelier o\u00ef) ganha novos acabamentos, estando dispon\u00edvel em bronze escovado com tampo de vidro extra-clear. J\u00e1 a base das mesas laterais&nbsp;<strong>Bottini<\/strong>, antes feita de pedra ou resina, passa a contar tamb\u00e9m com op\u00e7\u00e3o em metal polido de alto brilho.<\/p>\n\n\n\n<p>No que diz respeito aos itens complementares, as mesas de centro\u00a0<strong>FENDI Stitch<\/strong>\u00a0(FFD), em duas cores, s\u00e3o inteiramente revestidas em couro, incorporando o melhor da tradi\u00e7\u00e3o artesanal ligada \u00e0 selaria. O design se destaca pelas combina\u00e7\u00f5es de cores sofisticadas e pelo uso da t\u00e9cnica de &#8220;<em>infilatura<\/em>&#8220;, um tipo de trama que valoriza a aplica\u00e7\u00e3o do material e evidencia a delicadeza dos detalhes. Os pufes e bancos<strong>\u00a0Two More<\/strong>\u00a0(FFD) exibem um trabalho refinado em couro, com detalhes contrastantes que podem ser personalizados com bordas tran\u00e7adas ou em couro com acabamento minucioso.<\/p>\n\n\n\n<p><\/p>\n\n\n\n<figure class=\"wp-block-image size-large\"><img width=\"683\" height=\"1024\" src=\"https:\/\/vimagazine.com.br\/wp-content\/uploads\/2025\/04\/229e4f5d-844a-42a9-aa39-2803ab04de64-683x1024.jpg\" alt=\"\" class=\"wp-image-18232\" srcset=\"https:\/\/vimagazine.com.br\/wp-content\/uploads\/2025\/04\/229e4f5d-844a-42a9-aa39-2803ab04de64-683x1024.jpg 683w, https:\/\/vimagazine.com.br\/wp-content\/uploads\/2025\/04\/229e4f5d-844a-42a9-aa39-2803ab04de64-200x300.jpg 200w, https:\/\/vimagazine.com.br\/wp-content\/uploads\/2025\/04\/229e4f5d-844a-42a9-aa39-2803ab04de64-768x1152.jpg 768w, https:\/\/vimagazine.com.br\/wp-content\/uploads\/2025\/04\/229e4f5d-844a-42a9-aa39-2803ab04de64.jpg 851w\" sizes=\"(max-width: 683px) 100vw, 683px\" \/><\/figure>\n\n\n\n<p><\/p>\n\n\n\n<p><\/p>\n\n\n\n<p><\/p>\n\n\n\n<p>O arm\u00e1rio\u00a0<strong>Selbit<\/strong>\u00a0(de Toan Nguyen) \u00e9 apresentado em uma nova vers\u00e3o com um sofisticado efeito de patchwork, criado pela combina\u00e7\u00e3o de tr\u00eas tipos de madeira em uma exibi\u00e7\u00e3o magistral de marcenaria de alto n\u00edvel.<\/p>\n\n\n\n<p><\/p>\n\n\n\n<p><strong>FF Design<\/strong><\/p>\n\n\n\n<p>A Fashion Furniture Design (FF Design) foi fundada em 4 de maio de 2021 como uma joint venture entre o grupo Flos B&amp;B Italia (anteriormente conhecido como Design Holding), l\u00edder global no setor de design de alto padr\u00e3o \u2014 controlado conjuntamente por empresas de investimento independentes ligadas \u00e0s gestoras globais Investindustrial e Carlyle \u2014 e a FENDI, marca italiana de luxo que faz parte do Grupo LVMH, com o objetivo de desenvolver o universo FENDI Casa. O grupo Flos B&amp;B Italia \u00e9 o acionista majorit\u00e1rio da joint venture. Alberto Da Passano \u2014 ex-presidente da FENDI para Europa e Oriente M\u00e9dio \u2014 lidera a joint venture como CEO, com o apoio de uma estrutura organizacional voltada para a gest\u00e3o estrat\u00e9gica e o desenvolvimento abrangente do neg\u00f3cio nos principais mercados, come\u00e7ando pela \u00c1sia, al\u00e9m de atuar no desenvolvimento operacional totalmente integrado ao n\u00edvel digital. A FF Design \u00e9 respons\u00e1vel pelo desenvolvimento das novas cole\u00e7\u00f5es FENDI Casa, dispon\u00edveis por meio de distribui\u00e7\u00e3o seletiva e de uma rede de novas boutiques monomarca, com foco na oferta de servi\u00e7os de design de interiores e na expans\u00e3o da experi\u00eancia do cliente.&nbsp;<\/p>\n\n\n\n<p><a href=\"https:\/\/click.cse360.com.br\/Click\/AddCampaignEmailClick\/37c94468-2bbb-4a99-a6d4-08dd66169dd7\/https%253a%252f%252flinkprotect.cudasvc.com%252furl%253fa%253dhttp%25253a%25252f%25252fwww.fendicasa.com%2526c%253dE%252c1%252coCSrY43mtXJse-x_o_tGQ9TqjmQ0aHCrv_7N1rPcfG-nJzI_2mEH9FkGE2RSXNtAesiMns4P6J5JAy4wciqsBmYfZSicqr6UkfDU1ZlZg2NlNvUSYA%252c%252c%2526typo%253d1\/84a13bf5-1001-4b37-93cf-9aa5931b4a9b\/vimagazine@vimagazine.com.br\/True\" rel=\"noreferrer noopener\" target=\"_blank\">www.fendicasa.com<\/a>&nbsp;| @fendicasa<\/p>\n\n\n\n<p><strong>Flos B&amp;B Italia Group<\/strong><\/p>\n\n\n\n<p>O Flos B&amp;B Italia Group \u00e9 um l\u00edder global em design de alto padr\u00e3o, com um patrim\u00f4nio cultural de origem europeia, caracterizado por uma distribui\u00e7\u00e3o multicanal e categorias de produtos diversificadas. Guiado pelo prop\u00f3sito &#8220;We design for a beautiful life&#8221; (<em>Projetamos para uma vida bela<\/em>), o Grupo cria com foco no planeta, nas pessoas e na cultura. O grupo inclui as marcas FLOS, B&amp;B Italia, Louis Poulsen, Maxalto, Arclinea, Azucena, FENDI Casa, Audo e Lumens. Seu cat\u00e1logo re\u00fane objetos ic\u00f4nicos assinados por designers mundialmente renomados, como Achille e Pier Giacomo Castiglioni, Tobia Scarpa, Luigi Caccia Dominioni, Poul Henningsen, Arne Jacobsen, Antonio Citterio, Gaetano Pesce, Philippe Starck, Piero Lissoni, Konstantin Grcic, Jasper Morrison, Patricia Urquiola, Michael Anastassiades, entre muitos outros. O Flos B&amp;B Italia Group \u00e9 controlado conjuntamente por empresas de investimento independentes vinculadas \u00e0s gestoras globais Investindustrial e Carlyle.&nbsp;<\/p>\n\n\n\n<p><a href=\"https:\/\/click.cse360.com.br\/Click\/AddCampaignEmailClick\/37c94468-2bbb-4a99-a6d4-08dd66169dd7\/http%253a%252f%252fwww.flosbebitaliagroup.com%252f\/84a13bf5-1001-4b37-93cf-9aa5931b4a9b\/vimagazine@vimagazine.com.br\/True\" rel=\"noreferrer noopener\" target=\"_blank\">www.flosbebitaliagroup.com<\/a><\/p>\n\n\n\n<p><strong>FENDI<\/strong><\/p>\n\n\n\n<p>A Maison FENDI, fundada em 1925, em Roma, por Adele e Edoardo Fendi. Na sequ\u00eancia, foi inaugurada uma pequena boutique de artigos em couro com um atelier de peles. Rapidamente reconhecida, a FENDI destacou-se como uma marca sin\u00f4nimo de eleg\u00e2ncia, artesanato, inova\u00e7\u00e3o e estilo. Em 1965, teve in\u00edcio uma colabora\u00e7\u00e3o de 54 anos com Karl Lagerfeld, \u00e0 qual se juntaria, em 1992, Silvia Venturini Fendi como Diretora Art\u00edstica da FENDI. Em 1994, Silvia assumiu a dire\u00e7\u00e3o da linha de Acess\u00f3rios e, posteriormente, da linha Masculina. Em 2000, o Grupo LVMH adquiriu participa\u00e7\u00f5es na FENDI, tornando-se o acionista majorit\u00e1rio em 2001. Em setembro de 2020, Kim Jones foi nomeado Diretor Art\u00edstico das Cole\u00e7\u00f5es de Alta-Costura e Femininas, enquanto Delfina Delettrez Fendi, representante da quarta gera\u00e7\u00e3o da fam\u00edlia Fendi, foi nomeada Diretora Art\u00edstica da linha de joias da Maison. Hoje, a marca FENDI \u00e9 sin\u00f4nimo de qualidade, tradi\u00e7\u00e3o, inova\u00e7\u00e3o e criatividade.&nbsp;<\/p>\n\n\n\n<p>www.fendi.com<\/p>\n\n\n\n<p>@fendi<br><br><\/p>\n","protected":false},"excerpt":{"rendered":"<p>FENDI Casa, por ocasi\u00e3o da Milano Design Week 2025, continua sua jornada em busca de&#8230;<\/p>\n","protected":false},"author":1,"featured_media":18233,"comment_status":"closed","ping_status":"open","sticky":false,"template":"","format":"standard","meta":{"om_disable_all_campaigns":false,"_monsterinsights_skip_tracking":false,"_monsterinsights_sitenote_active":false,"_monsterinsights_sitenote_note":"","_monsterinsights_sitenote_category":0,"spay_email":""},"categories":[27],"tags":[],"jetpack_featured_media_url":"https:\/\/vimagazine.com.br\/wp-content\/uploads\/2025\/04\/9babf59a-d0e2-4088-b3cb-e0bc21d4c190.jpg","_links":{"self":[{"href":"https:\/\/vimagazine.com.br\/index.php?rest_route=\/wp\/v2\/posts\/18225"}],"collection":[{"href":"https:\/\/vimagazine.com.br\/index.php?rest_route=\/wp\/v2\/posts"}],"about":[{"href":"https:\/\/vimagazine.com.br\/index.php?rest_route=\/wp\/v2\/types\/post"}],"author":[{"embeddable":true,"href":"https:\/\/vimagazine.com.br\/index.php?rest_route=\/wp\/v2\/users\/1"}],"replies":[{"embeddable":true,"href":"https:\/\/vimagazine.com.br\/index.php?rest_route=%2Fwp%2Fv2%2Fcomments&post=18225"}],"version-history":[{"count":1,"href":"https:\/\/vimagazine.com.br\/index.php?rest_route=\/wp\/v2\/posts\/18225\/revisions"}],"predecessor-version":[{"id":18234,"href":"https:\/\/vimagazine.com.br\/index.php?rest_route=\/wp\/v2\/posts\/18225\/revisions\/18234"}],"wp:featuredmedia":[{"embeddable":true,"href":"https:\/\/vimagazine.com.br\/index.php?rest_route=\/wp\/v2\/media\/18233"}],"wp:attachment":[{"href":"https:\/\/vimagazine.com.br\/index.php?rest_route=%2Fwp%2Fv2%2Fmedia&parent=18225"}],"wp:term":[{"taxonomy":"category","embeddable":true,"href":"https:\/\/vimagazine.com.br\/index.php?rest_route=%2Fwp%2Fv2%2Fcategories&post=18225"},{"taxonomy":"post_tag","embeddable":true,"href":"https:\/\/vimagazine.com.br\/index.php?rest_route=%2Fwp%2Fv2%2Ftags&post=18225"}],"curies":[{"name":"wp","href":"https:\/\/api.w.org\/{rel}","templated":true}]}}