{"id":18260,"date":"2025-04-15T10:27:59","date_gmt":"2025-04-15T13:27:59","guid":{"rendered":"https:\/\/vimagazine.com.br\/?p=18260"},"modified":"2025-04-15T10:30:16","modified_gmt":"2025-04-15T13:30:16","slug":"empresas-devem-adotar-planos-de-saude-mental-para-garantir-o-bem-estar-de-seus-colaboradores","status":"publish","type":"post","link":"https:\/\/vimagazine.com.br\/?p=18260","title":{"rendered":"Empresas devem adotar planos de sa\u00fade mental para garantir o bem-estar de seus colaboradores"},"content":{"rendered":"\n<p><\/p>\n\n\n\n<p><\/p>\n\n\n\n<p style=\"font-size:22px\"><em><strong>A partir de 26 de maio de 2025, uma nova obrigatoriedade entra em vigor para as empresas brasileiras: elas ter\u00e3o que implementar planos de sa\u00fade mental e realizar a avalia\u00e7\u00e3o de riscos psicossociais na gest\u00e3o de Seguran\u00e7a e Sa\u00fade no Trabalho<\/strong><\/em><\/p>\n\n\n\n<p><\/p>\n\n\n\n<p>A sa\u00fade mental no ambiente de trabalho se tornou uma quest\u00e3o de crescente preocupa\u00e7\u00e3o, com o aumento das press\u00f5es sobre os colaboradores e o impacto no rendimento das empresas. Segundo pesquisa da It&#8217;sSeg Company, corretora de benef\u00edcios, o n\u00famero de afastamentos por transtornos mentais subiu 20% em 2023 em compara\u00e7\u00e3o ao ano anterior. Um reflexo direto da sobrecarga emocional e f\u00edsica enfrentada pelos profissionais.<\/p>\n\n\n\n<p>A partir de 26 de maio de 2025, uma nova obrigatoriedade entra em vigor para as empresas brasileiras: elas ter\u00e3o que implementar planos de sa\u00fade mental e realizar a avalia\u00e7\u00e3o de riscos psicossociais na gest\u00e3o de Seguran\u00e7a e Sa\u00fade no Trabalho.<\/p>\n\n\n\n<p>A mudan\u00e7a est\u00e1 prevista na atualiza\u00e7\u00e3o da Norma Regulamentadora 1 (NR-1), aprovada pelo Minist\u00e9rio do Trabalho e Emprego (MTE) em agosto de 2024. Esta norma exige que as empresas adotem medidas preventivas, ofere\u00e7am suporte adequado aos funcion\u00e1rios e avaliem as condi\u00e7\u00f5es de trabalho que podem gerar estresse excessivo e outros transtornos.<\/p>\n\n\n\n<p>Entre os principais fatores que impactam a sa\u00fade mental dos trabalhadores, est\u00e3o as metas excessivas e cobran\u00e7as desproporcionais, jornadas de trabalho prolongadas, falta de suporte organizacional, ass\u00e9dio moral e conflitos interpessoais, e a falta de autonomia para a tomada de decis\u00f5es. Esses problemas t\u00eam se intensificado nos \u00faltimos anos, gerando um ciclo de estresse cr\u00f4nico e afastamentos.<\/p>\n\n\n\n<p>Para Andr\u00e9 Minucci, mentor de empres\u00e1rios, o ambiente corporativo precisa estar atento ao bem-estar psicol\u00f3gico de seus colaboradores para garantir n\u00e3o apenas a produtividade, mas um clima saud\u00e1vel no trabalho.<\/p>\n\n\n\n<p>&#8220;Investir em sa\u00fade mental n\u00e3o \u00e9 apenas uma exig\u00eancia legal, mas uma estrat\u00e9gia inteligente. Funcion\u00e1rios que se sentem apoiados e valorizados tendem a ser mais comprometidos e produtivos&#8221;, afirma Minucci.<\/p>\n\n\n\n<p>Ele complementa que a implementa\u00e7\u00e3o de medidas de apoio psicol\u00f3gico e a promo\u00e7\u00e3o de uma cultura organizacional mais equilibrada podem ser diferenciais importantes.<\/p>\n\n\n\n<p>&#8220;A\u00e7\u00f5es que promovem a sa\u00fade mental n\u00e3o s\u00e3o apenas uma resposta a uma obriga\u00e7\u00e3o. Elas s\u00e3o fundamentais para que a empresa alcance resultados sustent\u00e1veis no longo prazo, preservando a sa\u00fade f\u00edsica e emocional dos seus profissionais.&#8221;<\/p>\n\n\n\n<p>Para as empresas, isso significa n\u00e3o apenas criar estrat\u00e9gias para lidar com o estresse, mas tamb\u00e9m promover um ambiente onde o colaborador se sinta seguro, um&nbsp;<a href=\"https:\/\/click.cse360.com.br\/Click\/AddCampaignEmailClick\/ace7221e-ddfc-4f9d-ea8a-08dd661685fd\/https%253a%252f%252fminuccirp.com.br%252fservicos%252fcultura-organizacional%252f\/84a13bf5-1001-4b37-93cf-9aa5931b4a9b\/vimagazine@vimagazine.com.br\/True\" rel=\"noreferrer noopener\" target=\"_blank\">treinamento de cultura organizacional<\/a>&nbsp;poder\u00e1 ajudar o pr\u00f3ximo.<\/p>\n\n\n\n<p>A nova obriga\u00e7\u00e3o traz consigo uma mudan\u00e7a de paradigma, exigindo que a sa\u00fade mental seja tratada com a mesma seriedade que as quest\u00f5es f\u00edsicas no ambiente de trabalho.<\/p>\n\n\n\n<p>A NR-1 visa, portanto, n\u00e3o apenas prevenir doen\u00e7as, mas promover um ambiente de trabalho mais saud\u00e1vel e produtivo para todos. Com a mudan\u00e7a, as empresas ter\u00e3o que se adaptar para atender \u00e0s novas exig\u00eancias legais e implementar programas de sa\u00fade mental mais estruturados e eficazes.<br><br><\/p>\n","protected":false},"excerpt":{"rendered":"<p>A partir de 26 de maio de 2025, uma nova obrigatoriedade entra em vigor para&#8230;<\/p>\n","protected":false},"author":1,"featured_media":18263,"comment_status":"closed","ping_status":"open","sticky":false,"template":"","format":"standard","meta":{"om_disable_all_campaigns":false,"_monsterinsights_skip_tracking":false,"_monsterinsights_sitenote_active":false,"_monsterinsights_sitenote_note":"","_monsterinsights_sitenote_category":0,"spay_email":""},"categories":[27],"tags":[],"jetpack_featured_media_url":"https:\/\/vimagazine.com.br\/wp-content\/uploads\/2025\/04\/bac5d933-913a-4fe6-81ba-acea6b8a6d40-1.jpg","_links":{"self":[{"href":"https:\/\/vimagazine.com.br\/index.php?rest_route=\/wp\/v2\/posts\/18260"}],"collection":[{"href":"https:\/\/vimagazine.com.br\/index.php?rest_route=\/wp\/v2\/posts"}],"about":[{"href":"https:\/\/vimagazine.com.br\/index.php?rest_route=\/wp\/v2\/types\/post"}],"author":[{"embeddable":true,"href":"https:\/\/vimagazine.com.br\/index.php?rest_route=\/wp\/v2\/users\/1"}],"replies":[{"embeddable":true,"href":"https:\/\/vimagazine.com.br\/index.php?rest_route=%2Fwp%2Fv2%2Fcomments&post=18260"}],"version-history":[{"count":1,"href":"https:\/\/vimagazine.com.br\/index.php?rest_route=\/wp\/v2\/posts\/18260\/revisions"}],"predecessor-version":[{"id":18262,"href":"https:\/\/vimagazine.com.br\/index.php?rest_route=\/wp\/v2\/posts\/18260\/revisions\/18262"}],"wp:featuredmedia":[{"embeddable":true,"href":"https:\/\/vimagazine.com.br\/index.php?rest_route=\/wp\/v2\/media\/18263"}],"wp:attachment":[{"href":"https:\/\/vimagazine.com.br\/index.php?rest_route=%2Fwp%2Fv2%2Fmedia&parent=18260"}],"wp:term":[{"taxonomy":"category","embeddable":true,"href":"https:\/\/vimagazine.com.br\/index.php?rest_route=%2Fwp%2Fv2%2Fcategories&post=18260"},{"taxonomy":"post_tag","embeddable":true,"href":"https:\/\/vimagazine.com.br\/index.php?rest_route=%2Fwp%2Fv2%2Ftags&post=18260"}],"curies":[{"name":"wp","href":"https:\/\/api.w.org\/{rel}","templated":true}]}}