{"id":18268,"date":"2025-04-15T14:21:31","date_gmt":"2025-04-15T17:21:31","guid":{"rendered":"https:\/\/vimagazine.com.br\/?p=18268"},"modified":"2025-04-15T14:21:32","modified_gmt":"2025-04-15T17:21:32","slug":"apartamento-de-165m%c2%b2-e-inspirado-em-loft-nova-yorkino","status":"publish","type":"post","link":"https:\/\/vimagazine.com.br\/?p=18268","title":{"rendered":"APARTAMENTO DE 165M\u00b2 \u00c9 INSPIRADO EM LOFT NOVA YORKINO"},"content":{"rendered":"\n<p><\/p>\n\n\n\n<p style=\"font-size:22px\"><em><strong>Estilo contempor\u00e2neo e familiaridade definem o projeto da arquiteta Fl\u00e1via Campos, que transforma ap\u00ea em um espa\u00e7o que imprime a personalidade do jovem casal com filho pequeno<\/strong><\/em><\/p>\n\n\n\n<p><\/p>\n\n\n\n<p>Localizado em S\u00e3o Paulo, o apartamento de 165m\u00b2 assinado pela arquiteta Fl\u00e1via Campos \u00e9 um verdadeiro sin\u00f4nimo de estilo e funcionalidade, inspirado nos ic\u00f4nicos lofts nova-iorquinos. Em apenas quatro meses de obra, a profissional conseguiu n\u00e3o apenas transformar o espa\u00e7o, mas tamb\u00e9m imprimir a identidade vibrante de um jovem casal \u2013 com filho de tr\u00eas anos, que valoriza o design contempor\u00e2neo e a arte.<\/p>\n\n\n\n<p><\/p>\n\n\n\n<figure class=\"wp-block-image size-full\"><img width=\"602\" height=\"903\" src=\"https:\/\/vimagazine.com.br\/wp-content\/uploads\/2025\/04\/a-2.jpg\" alt=\"\" class=\"wp-image-18269\" srcset=\"https:\/\/vimagazine.com.br\/wp-content\/uploads\/2025\/04\/a-2.jpg 602w, https:\/\/vimagazine.com.br\/wp-content\/uploads\/2025\/04\/a-2-200x300.jpg 200w\" sizes=\"(max-width: 602px) 100vw, 602px\" \/><\/figure>\n\n\n\n<p><\/p>\n\n\n\n<p>O grande triunfo do projeto j\u00e1 come\u00e7a no hall de entrada, onde um grafite do artista Cadumen d\u00e1 as boas-vindas com suas cores vivas e ousadas. Essa pe\u00e7a \u00e9 o primeiro ind\u00edcio de que cada canto do apartamento foi pensado com um olhar atento \u00e0 est\u00e9tica e \u00e0 funcionalidade. Ao adentrar no im\u00f3vel, h\u00e1 uma ampla vis\u00e3o da sala de estar e da sala de jantar, que se integram harmoniosamente a um home office, a varanda gourmet e a cozinha.<\/p>\n\n\n\n<p><\/p>\n\n\n\n<figure class=\"wp-block-image size-full\"><img width=\"913\" height=\"609\" src=\"https:\/\/vimagazine.com.br\/wp-content\/uploads\/2025\/04\/a-3.jpg\" alt=\"\" class=\"wp-image-18270\" srcset=\"https:\/\/vimagazine.com.br\/wp-content\/uploads\/2025\/04\/a-3.jpg 913w, https:\/\/vimagazine.com.br\/wp-content\/uploads\/2025\/04\/a-3-300x200.jpg 300w, https:\/\/vimagazine.com.br\/wp-content\/uploads\/2025\/04\/a-3-768x512.jpg 768w\" sizes=\"(max-width: 913px) 100vw, 913px\" \/><\/figure>\n\n\n\n<p><\/p>\n\n\n\n<p>O conceito de espa\u00e7o integrado \u00e9 uma das marcas registradas do projeto. No entanto, a arquiteta priorizou a necessidade de privacidade em alguns ambientes. Para isso, a profissional criou alternativas que permitem a fluidez entre os c\u00f4modos, sem perder a individualidade de cada um. O destaque do espa\u00e7o \u00e9 um painel de madeira que percorre a sala, englobando a chapelaria e mimetizando a porta que leva \u00e0 cozinha, criando uma est\u00e9tica limpa e coesa. O mobili\u00e1rio selecionado destaca-se de maneira marcante no ambiente, trazendo uma est\u00e9tica \u00fanica que combina eleg\u00e2ncia e conforto. Suas linhas org\u00e2nicas e sinuosas n\u00e3o apenas atraem o olhar, mas tamb\u00e9m proporcionam uma sensa\u00e7\u00e3o de fluidez e harmonia ao espa\u00e7o, criando uma atmosfera acolhedora e convidativa, que enriquece ainda mais a experi\u00eancia visual e t\u00e1til.<\/p>\n\n\n\n<p><\/p>\n\n\n\n<figure class=\"wp-block-image size-full\"><img width=\"928\" height=\"619\" src=\"https:\/\/vimagazine.com.br\/wp-content\/uploads\/2025\/04\/a-4.jpg\" alt=\"\" class=\"wp-image-18271\" srcset=\"https:\/\/vimagazine.com.br\/wp-content\/uploads\/2025\/04\/a-4.jpg 928w, https:\/\/vimagazine.com.br\/wp-content\/uploads\/2025\/04\/a-4-300x200.jpg 300w, https:\/\/vimagazine.com.br\/wp-content\/uploads\/2025\/04\/a-4-768x512.jpg 768w\" sizes=\"(max-width: 928px) 100vw, 928px\" \/><\/figure>\n\n\n\n<p><\/p>\n\n\n\n<p>As paredes da sala, revestidas de tijolinho branco, trazem um ar casual e quente ao ambiente. Combinadas com as obras de arte do renomado artista Eduardo Sancinetti, que trazem cores alegres e formas org\u00e2nicas, essas paredes se tornam verdadeiros pontos de interesse visual.<\/p>\n\n\n\n<p><\/p>\n\n\n\n<figure class=\"wp-block-image size-full\"><img width=\"954\" height=\"636\" src=\"https:\/\/vimagazine.com.br\/wp-content\/uploads\/2025\/04\/a-5.jpg\" alt=\"\" class=\"wp-image-18272\" srcset=\"https:\/\/vimagazine.com.br\/wp-content\/uploads\/2025\/04\/a-5.jpg 954w, https:\/\/vimagazine.com.br\/wp-content\/uploads\/2025\/04\/a-5-300x200.jpg 300w, https:\/\/vimagazine.com.br\/wp-content\/uploads\/2025\/04\/a-5-768x512.jpg 768w\" sizes=\"(max-width: 954px) 100vw, 954px\" \/><\/figure>\n\n\n\n<p><\/p>\n\n\n\n<p>A utiliza\u00e7\u00e3o da cor azul reflete a personalidade dos moradores e foi harmoniosamente incorporada ao buffet da sala de jantar, ao home office, \u00e0 cozinha e \u00e0 lavanderia. A mesa de jantar, com sua forma org\u00e2nica e as cadeiras em tom de madeira caramelo do Fernando Jaeger, complementam perfeitamente a paleta de cores. O projeto luminot\u00e9cnico com trilhos e lumin\u00e1rias pretas adiciona um toque urbano e casual ao ambiente, real\u00e7ando as texturas e cores que se mesclam entre o cinza e o amadeirado.<\/p>\n\n\n\n<p><\/p>\n\n\n\n<figure class=\"wp-block-image size-full\"><img width=\"579\" height=\"867\" src=\"https:\/\/vimagazine.com.br\/wp-content\/uploads\/2025\/04\/a-6.jpg\" alt=\"\" class=\"wp-image-18273\" srcset=\"https:\/\/vimagazine.com.br\/wp-content\/uploads\/2025\/04\/a-6.jpg 579w, https:\/\/vimagazine.com.br\/wp-content\/uploads\/2025\/04\/a-6-200x300.jpg 200w\" sizes=\"(max-width: 579px) 100vw, 579px\" \/><\/figure>\n\n\n\n<p><\/p>\n\n\n\n<p>A cozinha, totalmente isolada, com marcenaria azul e azulejos estampados da Lurca na rodabanca, \u00e9 um espa\u00e7o que une praticidade e estilo. O mix de cores e estampas traz um toque contempor\u00e2neo e jovem ao ambiente, enquanto a ampla circula\u00e7\u00e3o proporciona acesso reservado \u00e0 lavanderia.<\/p>\n\n\n\n<p><\/p>\n\n\n\n<figure class=\"wp-container-2 wp-block-gallery-1 wp-block-gallery has-nested-images columns-default is-cropped\">\n<figure class=\"wp-block-image size-large\"><img width=\"484\" height=\"726\" data-id=\"18275\"  src=\"https:\/\/vimagazine.com.br\/wp-content\/uploads\/2025\/04\/a-8.jpg\" alt=\"\" class=\"wp-image-18275\" srcset=\"https:\/\/vimagazine.com.br\/wp-content\/uploads\/2025\/04\/a-8.jpg 484w, https:\/\/vimagazine.com.br\/wp-content\/uploads\/2025\/04\/a-8-200x300.jpg 200w\" sizes=\"(max-width: 484px) 100vw, 484px\" \/><\/figure>\n\n\n\n<figure class=\"wp-block-image size-large\"><img width=\"774\" height=\"516\" data-id=\"18276\"  src=\"https:\/\/vimagazine.com.br\/wp-content\/uploads\/2025\/04\/a-7-1.jpg\" alt=\"\" class=\"wp-image-18276\" srcset=\"https:\/\/vimagazine.com.br\/wp-content\/uploads\/2025\/04\/a-7-1.jpg 774w, https:\/\/vimagazine.com.br\/wp-content\/uploads\/2025\/04\/a-7-1-300x200.jpg 300w, https:\/\/vimagazine.com.br\/wp-content\/uploads\/2025\/04\/a-7-1-768x512.jpg 768w\" sizes=\"(max-width: 774px) 100vw, 774px\" \/><\/figure>\n<\/figure>\n\n\n\n<p><\/p>\n\n\n\n<p>A varanda gourmet se destaca como uma extens\u00e3o do lar, equipada com todos os eletrodom\u00e9sticos necess\u00e1rios e um bar adega com bancada preta e mesa acoplada. O projeto de paisagismo assinado pela paisagista Marianne Ramos transforma o espa\u00e7o em um verdadeiro o\u00e1sis urbano, com um jardim vertical que traz a sensa\u00e7\u00e3o de \u00e1rea externa. Uma poltrona estrategicamente posicionada junto ao jardim proporciona o local ideal para relaxamento e contempla\u00e7\u00e3o da vista e das plantas.<\/p>\n\n\n\n<p><\/p>\n\n\n\n<figure class=\"wp-container-4 wp-block-gallery-3 wp-block-gallery has-nested-images columns-default is-cropped\">\n<figure class=\"wp-block-image size-large\"><img width=\"599\" height=\"779\" data-id=\"18277\"  src=\"https:\/\/vimagazine.com.br\/wp-content\/uploads\/2025\/04\/a-9.jpg\" alt=\"\" class=\"wp-image-18277\" srcset=\"https:\/\/vimagazine.com.br\/wp-content\/uploads\/2025\/04\/a-9.jpg 599w, https:\/\/vimagazine.com.br\/wp-content\/uploads\/2025\/04\/a-9-231x300.jpg 231w\" sizes=\"(max-width: 599px) 100vw, 599px\" \/><\/figure>\n\n\n\n<figure class=\"wp-block-image size-large\"><img width=\"514\" height=\"770\" data-id=\"18278\"  src=\"https:\/\/vimagazine.com.br\/wp-content\/uploads\/2025\/04\/a-10.jpg\" alt=\"\" class=\"wp-image-18278\" srcset=\"https:\/\/vimagazine.com.br\/wp-content\/uploads\/2025\/04\/a-10.jpg 514w, https:\/\/vimagazine.com.br\/wp-content\/uploads\/2025\/04\/a-10-200x300.jpg 200w\" sizes=\"(max-width: 514px) 100vw, 514px\" \/><\/figure>\n<\/figure>\n\n\n\n<p><\/p>\n\n\n\n<p><\/p>\n\n\n\n<p>Na \u00e1rea \u00edntima, a arquiteta fez algumas modifica\u00e7\u00f5es estruturais para atender \u00e0s necessidades do casal. A demoli\u00e7\u00e3o da parede da cozinha permitiu a amplia\u00e7\u00e3o da su\u00edte master, que agora abriga uma cama maior e um closet. Os tons escuros do quarto e do banheiro criam uma atmosfera acolhedora e \u00edntima, quase como uma &#8216;caverna&#8217; de tranquilidade. A marcenaria sob medida, com nichos para expor elementos decorativos, complementa o ambiente com acesso \u00e0 varanda.<br><\/p>\n\n\n\n<p>O quarto do filho, por sua vez, \u00e9 um espa\u00e7o divertido e l\u00fadico. Com marcenaria sob medida que remete a uma casinha, o ambiente \u00e9 projetado para atender \u00e0s necessidades de organiza\u00e7\u00e3o dos pais, ao mesmo tempo em que encanta a crian\u00e7a. Apresenta uma paleta de cores frias que combina nuances de madeira com tons de azul e verde, criando um aut\u00eantico ref\u00fagio infantil.<\/p>\n\n\n\n<p>Fotos: @jpimage_arq<\/p>\n\n\n\n<p>Flavia Campos<br>@flaviacampos.arq<\/p>\n","protected":false},"excerpt":{"rendered":"<p>Estilo contempor\u00e2neo e familiaridade definem o projeto da arquiteta Fl\u00e1via Campos, que transforma ap\u00ea em&#8230;<\/p>\n","protected":false},"author":1,"featured_media":18279,"comment_status":"closed","ping_status":"open","sticky":false,"template":"","format":"standard","meta":{"om_disable_all_campaigns":false,"_monsterinsights_skip_tracking":false,"_monsterinsights_sitenote_active":false,"_monsterinsights_sitenote_note":"","_monsterinsights_sitenote_category":0,"spay_email":""},"categories":[1],"tags":[],"jetpack_featured_media_url":"https:\/\/vimagazine.com.br\/wp-content\/uploads\/2025\/04\/a-1.jpg","_links":{"self":[{"href":"https:\/\/vimagazine.com.br\/index.php?rest_route=\/wp\/v2\/posts\/18268"}],"collection":[{"href":"https:\/\/vimagazine.com.br\/index.php?rest_route=\/wp\/v2\/posts"}],"about":[{"href":"https:\/\/vimagazine.com.br\/index.php?rest_route=\/wp\/v2\/types\/post"}],"author":[{"embeddable":true,"href":"https:\/\/vimagazine.com.br\/index.php?rest_route=\/wp\/v2\/users\/1"}],"replies":[{"embeddable":true,"href":"https:\/\/vimagazine.com.br\/index.php?rest_route=%2Fwp%2Fv2%2Fcomments&post=18268"}],"version-history":[{"count":1,"href":"https:\/\/vimagazine.com.br\/index.php?rest_route=\/wp\/v2\/posts\/18268\/revisions"}],"predecessor-version":[{"id":18280,"href":"https:\/\/vimagazine.com.br\/index.php?rest_route=\/wp\/v2\/posts\/18268\/revisions\/18280"}],"wp:featuredmedia":[{"embeddable":true,"href":"https:\/\/vimagazine.com.br\/index.php?rest_route=\/wp\/v2\/media\/18279"}],"wp:attachment":[{"href":"https:\/\/vimagazine.com.br\/index.php?rest_route=%2Fwp%2Fv2%2Fmedia&parent=18268"}],"wp:term":[{"taxonomy":"category","embeddable":true,"href":"https:\/\/vimagazine.com.br\/index.php?rest_route=%2Fwp%2Fv2%2Fcategories&post=18268"},{"taxonomy":"post_tag","embeddable":true,"href":"https:\/\/vimagazine.com.br\/index.php?rest_route=%2Fwp%2Fv2%2Ftags&post=18268"}],"curies":[{"name":"wp","href":"https:\/\/api.w.org\/{rel}","templated":true}]}}