{"id":1829,"date":"2021-12-08T21:23:12","date_gmt":"2021-12-09T00:23:12","guid":{"rendered":"https:\/\/vimagazine.com.br\/?p=1829"},"modified":"2021-12-08T21:46:32","modified_gmt":"2021-12-09T00:46:32","slug":"boccaletti-dono-do-mundo-official-music-video","status":"publish","type":"post","link":"https:\/\/vimagazine.com.br\/?p=1829","title":{"rendered":"VIDEO OFICIAL &#8211; Boccaletti &#8211; Dono do mundo (Official Music Video)"},"content":{"rendered":"\n<figure class=\"wp-block-embed is-type-video is-provider-youtube wp-block-embed-youtube wp-embed-aspect-16-9 wp-has-aspect-ratio\"><div class=\"wp-block-embed__wrapper\">\n<iframe loading=\"lazy\" title=\"Boccaletti - Dono do mundo (Official Music Video) Prod. JayBlack\" width=\"640\" height=\"360\" src=\"https:\/\/www.youtube.com\/embed\/AzPPz79upcE?feature=oembed\" frameborder=\"0\" allow=\"accelerometer; autoplay; clipboard-write; encrypted-media; gyroscope; picture-in-picture\" allowfullscreen><\/iframe>\n<\/div><\/figure>\n\n\n\n<p class=\"has-text-align-center\" style=\"font-size:10px\">(Ficha T\u00e9cnica)<br>Cantor e Compositor: Boccaletti(@mtboccaletti)<br>Produ\u00e7\u00e3o Musical ( beat) : JayBlack<\/p>\n\n\n\n<p class=\"has-text-align-center\"><br><br><\/p>\n\n\n\n<p><strong><em>BODAS DE PRATA DA CARREIRA DO ESTILISTA GUILHERME TAVARES TER\u00c1 A PRESEN\u00c7A DO TRAPPER MATHEUS BOCCALETTI<\/em><\/strong><br><br>Para comemora\u00e7\u00e3o das bodas de prata do estilista Guilherme Tavares (GT), o <strong><em>trapper Matheus Boccaletti<\/em><\/strong>, ser\u00e1 a atra\u00e7\u00e3o principal na festa que acontecer\u00e1, no Rio de Janeiro .<\/p>\n\n\n\n<p>Para celebrar este dia, GT ir\u00e1 reunir o maior time de modelos e celebridades.<\/p>\n\n\n\n<p>A festa ir\u00e1 acontecer em alto mar e contar\u00e1 com servi\u00e7o vip de&nbsp;bordo incluindo champanhe francesa e um bel\u00edssimo buffet com modelos vivos.&nbsp;<\/p>\n\n\n\n<p>Servi\u00e7o:<\/p>\n\n\n\n<p>@guilhermetavaresoficial&nbsp;<br>Fotos: Etna Fotos&nbsp;<\/p>\n","protected":false},"excerpt":{"rendered":"<p>(Ficha T\u00e9cnica)Cantor e Compositor: Boccaletti(@mtboccaletti)Produ\u00e7\u00e3o Musical ( beat) : JayBlack BODAS DE PRATA DA CARREIRA&#8230;<\/p>\n","protected":false},"author":1,"featured_media":1764,"comment_status":"closed","ping_status":"open","sticky":false,"template":"","format":"video","meta":{"om_disable_all_campaigns":false,"_monsterinsights_skip_tracking":false,"_monsterinsights_sitenote_active":false,"_monsterinsights_sitenote_note":"","_monsterinsights_sitenote_category":0,"spay_email":""},"categories":[26],"tags":[152,82,34,72,63,149],"jetpack_featured_media_url":"https:\/\/vimagazine.com.br\/wp-content\/uploads\/2021\/12\/IMG-20211116-WA0070-1.jpg","_links":{"self":[{"href":"https:\/\/vimagazine.com.br\/index.php?rest_route=\/wp\/v2\/posts\/1829"}],"collection":[{"href":"https:\/\/vimagazine.com.br\/index.php?rest_route=\/wp\/v2\/posts"}],"about":[{"href":"https:\/\/vimagazine.com.br\/index.php?rest_route=\/wp\/v2\/types\/post"}],"author":[{"embeddable":true,"href":"https:\/\/vimagazine.com.br\/index.php?rest_route=\/wp\/v2\/users\/1"}],"replies":[{"embeddable":true,"href":"https:\/\/vimagazine.com.br\/index.php?rest_route=%2Fwp%2Fv2%2Fcomments&post=1829"}],"version-history":[{"count":6,"href":"https:\/\/vimagazine.com.br\/index.php?rest_route=\/wp\/v2\/posts\/1829\/revisions"}],"predecessor-version":[{"id":1836,"href":"https:\/\/vimagazine.com.br\/index.php?rest_route=\/wp\/v2\/posts\/1829\/revisions\/1836"}],"wp:featuredmedia":[{"embeddable":true,"href":"https:\/\/vimagazine.com.br\/index.php?rest_route=\/wp\/v2\/media\/1764"}],"wp:attachment":[{"href":"https:\/\/vimagazine.com.br\/index.php?rest_route=%2Fwp%2Fv2%2Fmedia&parent=1829"}],"wp:term":[{"taxonomy":"category","embeddable":true,"href":"https:\/\/vimagazine.com.br\/index.php?rest_route=%2Fwp%2Fv2%2Fcategories&post=1829"},{"taxonomy":"post_tag","embeddable":true,"href":"https:\/\/vimagazine.com.br\/index.php?rest_route=%2Fwp%2Fv2%2Ftags&post=1829"}],"curies":[{"name":"wp","href":"https:\/\/api.w.org\/{rel}","templated":true}]}}