{"id":18303,"date":"2025-04-16T15:23:52","date_gmt":"2025-04-16T18:23:52","guid":{"rendered":"https:\/\/vimagazine.com.br\/?p=18303"},"modified":"2025-04-16T15:26:30","modified_gmt":"2025-04-16T18:26:30","slug":"lucio-mathias-brilha-nos-bastidores-do-sao-paulo-fashion-week-com-producoes-para-lino-villaventura-e-dendezeiro","status":"publish","type":"post","link":"https:\/\/vimagazine.com.br\/?p=18303","title":{"rendered":"L\u00facio Mathias brilha nos bastidores do S\u00e3o Paulo Fashion Week com produ\u00e7\u00f5es para Lino Villaventura e Dendezeiro"},"content":{"rendered":"\n<p><br><\/p>\n\n\n\n<p>O renomado visagista e hair stylist L\u00facio Mathias marcou presen\u00e7a na \u00faltima edi\u00e7\u00e3o do S\u00e3o Paulo Fashion Week, encerrada no \u00faltimo s\u00e1bado (12\/04), integrando duas equipes de beleza nos desfiles da semana de moda mais prestigiada do pa\u00eds.<\/p>\n\n\n\n<p>A convite de Murilo Maur\u00edcio, da Casa Conceito, respons\u00e1vel pela curadoria de beleza do desfile do consagrado estilista Lino Villaventura, L\u00facio Mathias contribuiu na prepara\u00e7\u00e3o dos cabelos dos modelos e celebridades como o ator Paulo Dalagnoli que desfilaram com looks marcantes na passarela.<\/p>\n\n\n\n<p>Al\u00e9m disso, a convite de Gotham Muah, respons\u00e1vel pela beleza da marca Dendezeiro, o visagista tamb\u00e9m colaborou no desfile da dupla de estilistas Hisan Silva e Pedro Batalha. Em sua participa\u00e7\u00e3o, cuidou da beleza de nomes de peso como a cantora Gaby Amarantos,al\u00e9m de outros modelos que cruzaram a passarela com penteados assinados por ele.<\/p>\n\n\n\n<p><\/p>\n\n\n\n<figure class=\"wp-container-2 wp-block-gallery-1 wp-block-gallery has-nested-images columns-3 is-cropped\">\n<figure class=\"wp-block-image size-large\"><img width=\"869\" height=\"1280\" data-id=\"18304\"  src=\"https:\/\/vimagazine.com.br\/wp-content\/uploads\/2025\/04\/WhatsApp-Image-2025-04-16-at-15.17.30-2.jpeg\" alt=\"\" class=\"wp-image-18304\" srcset=\"https:\/\/vimagazine.com.br\/wp-content\/uploads\/2025\/04\/WhatsApp-Image-2025-04-16-at-15.17.30-2.jpeg 869w, https:\/\/vimagazine.com.br\/wp-content\/uploads\/2025\/04\/WhatsApp-Image-2025-04-16-at-15.17.30-2-204x300.jpeg 204w, https:\/\/vimagazine.com.br\/wp-content\/uploads\/2025\/04\/WhatsApp-Image-2025-04-16-at-15.17.30-2-695x1024.jpeg 695w, https:\/\/vimagazine.com.br\/wp-content\/uploads\/2025\/04\/WhatsApp-Image-2025-04-16-at-15.17.30-2-768x1131.jpeg 768w\" sizes=\"(max-width: 869px) 100vw, 869px\" \/><\/figure>\n\n\n\n<figure class=\"wp-block-image size-large\"><img width=\"960\" height=\"1280\" data-id=\"18305\"  src=\"https:\/\/vimagazine.com.br\/wp-content\/uploads\/2025\/04\/WhatsApp-Image-2025-04-16-at-15.17.30.jpeg\" alt=\"\" class=\"wp-image-18305\" srcset=\"https:\/\/vimagazine.com.br\/wp-content\/uploads\/2025\/04\/WhatsApp-Image-2025-04-16-at-15.17.30.jpeg 960w, https:\/\/vimagazine.com.br\/wp-content\/uploads\/2025\/04\/WhatsApp-Image-2025-04-16-at-15.17.30-225x300.jpeg 225w, https:\/\/vimagazine.com.br\/wp-content\/uploads\/2025\/04\/WhatsApp-Image-2025-04-16-at-15.17.30-768x1024.jpeg 768w\" sizes=\"(max-width: 960px) 100vw, 960px\" \/><\/figure>\n\n\n\n<figure class=\"wp-block-image size-large\"><img width=\"959\" height=\"1280\" data-id=\"18306\"  src=\"https:\/\/vimagazine.com.br\/wp-content\/uploads\/2025\/04\/WhatsApp-Image-2025-04-16-at-15.17.29-1.jpeg\" alt=\"\" class=\"wp-image-18306\" srcset=\"https:\/\/vimagazine.com.br\/wp-content\/uploads\/2025\/04\/WhatsApp-Image-2025-04-16-at-15.17.29-1.jpeg 959w, https:\/\/vimagazine.com.br\/wp-content\/uploads\/2025\/04\/WhatsApp-Image-2025-04-16-at-15.17.29-1-225x300.jpeg 225w, https:\/\/vimagazine.com.br\/wp-content\/uploads\/2025\/04\/WhatsApp-Image-2025-04-16-at-15.17.29-1-767x1024.jpeg 767w, https:\/\/vimagazine.com.br\/wp-content\/uploads\/2025\/04\/WhatsApp-Image-2025-04-16-at-15.17.29-1-768x1025.jpeg 768w\" sizes=\"(max-width: 959px) 100vw, 959px\" \/><\/figure>\n\n\n\n<figure class=\"wp-block-image size-large\"><img width=\"721\" height=\"1280\" data-id=\"18307\"  src=\"https:\/\/vimagazine.com.br\/wp-content\/uploads\/2025\/04\/WhatsApp-Image-2025-04-16-at-15.17.29.jpeg\" alt=\"\" class=\"wp-image-18307\" srcset=\"https:\/\/vimagazine.com.br\/wp-content\/uploads\/2025\/04\/WhatsApp-Image-2025-04-16-at-15.17.29.jpeg 721w, https:\/\/vimagazine.com.br\/wp-content\/uploads\/2025\/04\/WhatsApp-Image-2025-04-16-at-15.17.29-169x300.jpeg 169w, https:\/\/vimagazine.com.br\/wp-content\/uploads\/2025\/04\/WhatsApp-Image-2025-04-16-at-15.17.29-577x1024.jpeg 577w\" sizes=\"(max-width: 721px) 100vw, 721px\" \/><\/figure>\n\n\n\n<figure class=\"wp-block-image size-large\"><img width=\"583\" height=\"1024\" data-id=\"18309\"  src=\"https:\/\/vimagazine.com.br\/wp-content\/uploads\/2025\/04\/WhatsApp-Image-2025-04-16-at-15.18.35-583x1024.jpeg\" alt=\"\" class=\"wp-image-18309\" srcset=\"https:\/\/vimagazine.com.br\/wp-content\/uploads\/2025\/04\/WhatsApp-Image-2025-04-16-at-15.18.35-583x1024.jpeg 583w, https:\/\/vimagazine.com.br\/wp-content\/uploads\/2025\/04\/WhatsApp-Image-2025-04-16-at-15.18.35-171x300.jpeg 171w, https:\/\/vimagazine.com.br\/wp-content\/uploads\/2025\/04\/WhatsApp-Image-2025-04-16-at-15.18.35-768x1349.jpeg 768w, https:\/\/vimagazine.com.br\/wp-content\/uploads\/2025\/04\/WhatsApp-Image-2025-04-16-at-15.18.35-874x1536.jpeg 874w, https:\/\/vimagazine.com.br\/wp-content\/uploads\/2025\/04\/WhatsApp-Image-2025-04-16-at-15.18.35-1166x2048.jpeg 1166w, https:\/\/vimagazine.com.br\/wp-content\/uploads\/2025\/04\/WhatsApp-Image-2025-04-16-at-15.18.35-1024x1799.jpeg 1024w, https:\/\/vimagazine.com.br\/wp-content\/uploads\/2025\/04\/WhatsApp-Image-2025-04-16-at-15.18.35.jpeg 1179w\" sizes=\"(max-width: 583px) 100vw, 583px\" \/><figcaption>Lucio e o ator Paulo Dalagnoli<\/figcaption><\/figure>\n<\/figure>\n\n\n\n<p>Reconhecido por sua sensibilidade est\u00e9tica e dom\u00ednio t\u00e9cnico, L\u00facio destacou a ess\u00eancia desta edi\u00e7\u00e3o do SPFW:<\/p>\n\n\n\n<p>\u201cO que mais me encantou nesta edi\u00e7\u00e3o do S\u00e3o Paulo Fashion Week foi a leveza.<br>Belezas clean, cabelos e maquiagens minimalistas que exaltaram a sofistica\u00e7\u00e3o e a eleg\u00e2ncia com naturalidade.<br>As passarelas foram um verdadeiro di\u00e1logo entre beleza, moda e atitude. Cabelos, maquiagens, roupas e acess\u00f3rios conversavam em perfeita harmonia \u2014 revelando que a est\u00e9tica tamb\u00e9m \u00e9 uma forma de express\u00e3o.<br>E o mais inspirador: ver marcas preocupadas em criar tend\u00eancias reais, com cores, tecidos e texturas pensadas para quem vai usar.<br>Tend\u00eancia com prop\u00f3sito, beleza com alma.<br>Estou feliz e honrado por ter participado desta edi\u00e7\u00e3o do SPFW contribuindo com meu trabalho como hair style e visagista.\u201d<\/p>\n\n\n\n<p>Com sua atua\u00e7\u00e3o impec\u00e1vel, L\u00facio Mathias reafirma sua posi\u00e7\u00e3o como um dos principais nomes da beleza no Brasil, levando seu olhar art\u00edstico e sua assinatura \u00fanica para os bastidores da alta moda.<br><br><\/p>\n","protected":false},"excerpt":{"rendered":"<p>O renomado visagista e hair stylist L\u00facio Mathias marcou presen\u00e7a na \u00faltima edi\u00e7\u00e3o do S\u00e3o&#8230;<\/p>\n","protected":false},"author":1,"featured_media":18311,"comment_status":"closed","ping_status":"open","sticky":false,"template":"","format":"standard","meta":{"om_disable_all_campaigns":false,"_monsterinsights_skip_tracking":false,"_monsterinsights_sitenote_active":false,"_monsterinsights_sitenote_note":"","_monsterinsights_sitenote_category":0,"spay_email":""},"categories":[1],"tags":[],"jetpack_featured_media_url":"https:\/\/vimagazine.com.br\/wp-content\/uploads\/2025\/04\/WhatsApp-Image-2025-04-16-at-15.17.30-1-1.jpeg","_links":{"self":[{"href":"https:\/\/vimagazine.com.br\/index.php?rest_route=\/wp\/v2\/posts\/18303"}],"collection":[{"href":"https:\/\/vimagazine.com.br\/index.php?rest_route=\/wp\/v2\/posts"}],"about":[{"href":"https:\/\/vimagazine.com.br\/index.php?rest_route=\/wp\/v2\/types\/post"}],"author":[{"embeddable":true,"href":"https:\/\/vimagazine.com.br\/index.php?rest_route=\/wp\/v2\/users\/1"}],"replies":[{"embeddable":true,"href":"https:\/\/vimagazine.com.br\/index.php?rest_route=%2Fwp%2Fv2%2Fcomments&post=18303"}],"version-history":[{"count":1,"href":"https:\/\/vimagazine.com.br\/index.php?rest_route=\/wp\/v2\/posts\/18303\/revisions"}],"predecessor-version":[{"id":18310,"href":"https:\/\/vimagazine.com.br\/index.php?rest_route=\/wp\/v2\/posts\/18303\/revisions\/18310"}],"wp:featuredmedia":[{"embeddable":true,"href":"https:\/\/vimagazine.com.br\/index.php?rest_route=\/wp\/v2\/media\/18311"}],"wp:attachment":[{"href":"https:\/\/vimagazine.com.br\/index.php?rest_route=%2Fwp%2Fv2%2Fmedia&parent=18303"}],"wp:term":[{"taxonomy":"category","embeddable":true,"href":"https:\/\/vimagazine.com.br\/index.php?rest_route=%2Fwp%2Fv2%2Fcategories&post=18303"},{"taxonomy":"post_tag","embeddable":true,"href":"https:\/\/vimagazine.com.br\/index.php?rest_route=%2Fwp%2Fv2%2Ftags&post=18303"}],"curies":[{"name":"wp","href":"https:\/\/api.w.org\/{rel}","templated":true}]}}