{"id":18317,"date":"2025-04-17T15:59:14","date_gmt":"2025-04-17T18:59:14","guid":{"rendered":"https:\/\/vimagazine.com.br\/?p=18317"},"modified":"2025-04-17T15:59:16","modified_gmt":"2025-04-17T18:59:16","slug":"12-sugestoes-para-colocar-a-leitura-em-dia-no-feriado-prolongado","status":"publish","type":"post","link":"https:\/\/vimagazine.com.br\/?p=18317","title":{"rendered":"12 sugest\u00f5es para colocar a leitura em dia no feriado prolongado"},"content":{"rendered":"\n<p class=\"has-medium-font-size\"><br><em>A lista abaixo re\u00fane livros com diferentes temas que agradam a todos os gostos e contribuem para um descanso repleto de conhecimento<\/em><\/p>\n\n\n\n<p><\/p>\n\n\n\n<p>Se voc\u00ea quer aproveitar os quatro dias de folga para descansar e colocar as leituras em dia, confira a lista abaixo para encontrar o livro perfeito! As indica\u00e7\u00f5es atravessam temas e g\u00eaneros distintos para agradar a todos os gostos, desde \u00e0queles que amam uma hist\u00f3ria em quadrinhos at\u00e9 a quem est\u00e1 interessado em conselhos para uma vida mais saud\u00e1vel.<br><br><\/p>\n\n\n\n<p><\/p>\n\n\n\n<p><br><br><\/p>\n\n\n\n<div class=\"wp-block-media-text alignwide is-stacked-on-mobile\" style=\"grid-template-columns:19% auto\"><figure class=\"wp-block-media-text__media\"><img width=\"701\" height=\"1024\" src=\"https:\/\/vimagazine.com.br\/wp-content\/uploads\/2025\/04\/Capa-OsTamboresdeSaoLuis-701x1024.jpg\" alt=\"\" class=\"wp-image-18318 size-full\" srcset=\"https:\/\/vimagazine.com.br\/wp-content\/uploads\/2025\/04\/Capa-OsTamboresdeSaoLuis-701x1024.jpg 701w, https:\/\/vimagazine.com.br\/wp-content\/uploads\/2025\/04\/Capa-OsTamboresdeSaoLuis-205x300.jpg 205w, https:\/\/vimagazine.com.br\/wp-content\/uploads\/2025\/04\/Capa-OsTamboresdeSaoLuis-768x1122.jpg 768w, https:\/\/vimagazine.com.br\/wp-content\/uploads\/2025\/04\/Capa-OsTamboresdeSaoLuis-1051x1536.jpg 1051w, https:\/\/vimagazine.com.br\/wp-content\/uploads\/2025\/04\/Capa-OsTamboresdeSaoLuis-1024x1496.jpg 1024w, https:\/\/vimagazine.com.br\/wp-content\/uploads\/2025\/04\/Capa-OsTamboresdeSaoLuis.jpg 1314w\" sizes=\"(max-width: 701px) 100vw, 701px\" \/><\/figure><div class=\"wp-block-media-text__content\">\n<p><strong>Os tambores de S\u00e3o Lu\u00eds &#8211; em quadrinhos<\/strong><\/p>\n\n\n\n<p>Adapta\u00e7\u00e3o do cl\u00e1ssico hom\u00f4nimo de Josu\u00e9 Montello, a HQ acompanha a trajet\u00f3ria de vida e luta de Dami\u00e3o. O protagonista percorre a cidade para ver o nascimento do trineto enquanto recorda mem\u00f3rias marcantes, como a destrui\u00e7\u00e3o do quilombo fundado pelo pai, a ida at\u00e9 S\u00e3o Lu\u00eds para escapar da escravid\u00e3o, o cotidiano no semin\u00e1rio para a forma\u00e7\u00e3o como padre e as viol\u00eancias do racismo. Narrativa \u00e9pica sobre o povo negro no Brasil, o livro foi roteirizado por<strong>&nbsp;Iramir Araujo<\/strong>&nbsp;e conta com ilustra\u00e7\u00f5es de Ronilson Freire e Rom Freire.<\/p>\n\n\n\n<p>(Autor: Iramir Araujo | Onde encontrar:&nbsp;<a href=\"https:\/\/www.gibizada.com.br\/os-tambores-de-sao-luis-adaptado-por-iramir-araujo\/\" target=\"_blank\" rel=\"noreferrer noopener\">Gibizada<\/a>)<\/p>\n<\/div><\/div>\n\n\n\n<p><\/p>\n\n\n\n<div class=\"wp-block-media-text alignwide is-stacked-on-mobile\" style=\"grid-template-columns:19% auto\"><figure class=\"wp-block-media-text__media\"><img width=\"718\" height=\"1024\" src=\"https:\/\/vimagazine.com.br\/wp-content\/uploads\/2025\/04\/Capa-Errantes-do-Pensamento-A.-A.-A.-Fernandes-718x1024.jpg\" alt=\"\" class=\"wp-image-18319 size-full\" srcset=\"https:\/\/vimagazine.com.br\/wp-content\/uploads\/2025\/04\/Capa-Errantes-do-Pensamento-A.-A.-A.-Fernandes-718x1024.jpg 718w, https:\/\/vimagazine.com.br\/wp-content\/uploads\/2025\/04\/Capa-Errantes-do-Pensamento-A.-A.-A.-Fernandes-210x300.jpg 210w, https:\/\/vimagazine.com.br\/wp-content\/uploads\/2025\/04\/Capa-Errantes-do-Pensamento-A.-A.-A.-Fernandes-768x1095.jpg 768w, https:\/\/vimagazine.com.br\/wp-content\/uploads\/2025\/04\/Capa-Errantes-do-Pensamento-A.-A.-A.-Fernandes-1078x1536.jpg 1078w, https:\/\/vimagazine.com.br\/wp-content\/uploads\/2025\/04\/Capa-Errantes-do-Pensamento-A.-A.-A.-Fernandes-1024x1460.jpg 1024w, https:\/\/vimagazine.com.br\/wp-content\/uploads\/2025\/04\/Capa-Errantes-do-Pensamento-A.-A.-A.-Fernandes.jpg 1326w\" sizes=\"(max-width: 718px) 100vw, 718px\" \/><\/figure><div class=\"wp-block-media-text__content\">\n<p><strong>Errantes do pensamento: O segredo de Poggio \u2013 Uma raps\u00f3dia filos\u00f3fica<\/strong><\/p>\n\n\n\n<p>O neurocirurgi\u00e3o Urbano enfrenta uma crise existencial e \u00e9 internado na ala psiqui\u00e1trica de um hospital. Ap\u00f3s se tornar paciente, imerge em uma jornada em busca de novos sentidos para a vida e de ressignificar conceitos pr\u00e9-estabelecidos. Esse percurso filos\u00f3fico se expande mais quando entra em contato com Poggio, um jovem internado na institui\u00e7\u00e3o com hist\u00f3rico espetacular. Livro do m\u00e9dico e escritor&nbsp;<strong>A. A. A. Fernandes<\/strong>&nbsp;transita entre diferentes vozes e g\u00eaneros com objetivo de retratar um fluxo de pensamento sem linearidade e um tempo n\u00e3o cronol\u00f3gico.<\/p>\n\n\n\n<p>(Autor: A. A. A. Fernandes | Onde encontrar:&nbsp;<a href=\"https:\/\/a.co\/d\/fm5oWtN\" target=\"_blank\" rel=\"noreferrer noopener\">Amazon<\/a>)<\/p>\n<\/div><\/div>\n\n\n\n<p><\/p>\n\n\n\n<div class=\"wp-block-media-text alignwide is-stacked-on-mobile\" style=\"grid-template-columns:19% auto\"><figure class=\"wp-block-media-text__media\"><img width=\"683\" height=\"1024\" src=\"https:\/\/vimagazine.com.br\/wp-content\/uploads\/2025\/04\/Capa-EntreaTogaeoPerdao-SalatielSoaresCorreia-683x1024.jpg\" alt=\"\" class=\"wp-image-18320 size-full\" srcset=\"https:\/\/vimagazine.com.br\/wp-content\/uploads\/2025\/04\/Capa-EntreaTogaeoPerdao-SalatielSoaresCorreia-683x1024.jpg 683w, https:\/\/vimagazine.com.br\/wp-content\/uploads\/2025\/04\/Capa-EntreaTogaeoPerdao-SalatielSoaresCorreia-200x300.jpg 200w, https:\/\/vimagazine.com.br\/wp-content\/uploads\/2025\/04\/Capa-EntreaTogaeoPerdao-SalatielSoaresCorreia-768x1151.jpg 768w, https:\/\/vimagazine.com.br\/wp-content\/uploads\/2025\/04\/Capa-EntreaTogaeoPerdao-SalatielSoaresCorreia-1025x1536.jpg 1025w, https:\/\/vimagazine.com.br\/wp-content\/uploads\/2025\/04\/Capa-EntreaTogaeoPerdao-SalatielSoaresCorreia-1024x1535.jpg 1024w, https:\/\/vimagazine.com.br\/wp-content\/uploads\/2025\/04\/Capa-EntreaTogaeoPerdao-SalatielSoaresCorreia.jpg 1281w\" sizes=\"(max-width: 683px) 100vw, 683px\" \/><\/figure><div class=\"wp-block-media-text__content\">\n<p><strong>Entre a toga e o perd\u00e3o<\/strong><\/p>\n\n\n\n<p>Nesta autofic\u00e7\u00e3o, o autor revisita o passado para compreender sua trajet\u00f3ria e encontrar o perd\u00e3o. Para isso, mergulha na pr\u00f3pria rela\u00e7\u00e3o com o pai, um importante e r\u00edgido desembargador. Ele mescla mem\u00f3ria e hist\u00f3ria, ao percorrer o Brasil do s\u00e9culo XX, refletindo tamb\u00e9m sobre desigualdades, afetos e a dureza das rela\u00e7\u00f5es familiares. Inspirado em Garc\u00eda M\u00e1rquez e Euclides da Cunha, a obra tra\u00e7a um relato sens\u00edvel sobre legado, amor e reconcilia\u00e7\u00e3o.<\/p>\n\n\n\n<p>(Autor: Salatiel Soares Correia | Onde encontrar:&nbsp;<a href=\"https:\/\/a.co\/d\/dRLecOY\" target=\"_blank\" rel=\"noreferrer noopener\">Amazon<\/a>)<\/p>\n<\/div><\/div>\n\n\n\n<p><\/p>\n\n\n\n<p><\/p>\n\n\n\n<div class=\"wp-block-media-text alignwide is-stacked-on-mobile\" style=\"grid-template-columns:19% auto\"><figure class=\"wp-block-media-text__media\"><img width=\"680\" height=\"1024\" src=\"https:\/\/vimagazine.com.br\/wp-content\/uploads\/2025\/04\/Capa-RadioPatrulhaII-680x1024.jpg\" alt=\"\" class=\"wp-image-18321 size-full\" srcset=\"https:\/\/vimagazine.com.br\/wp-content\/uploads\/2025\/04\/Capa-RadioPatrulhaII-680x1024.jpg 680w, https:\/\/vimagazine.com.br\/wp-content\/uploads\/2025\/04\/Capa-RadioPatrulhaII-199x300.jpg 199w, https:\/\/vimagazine.com.br\/wp-content\/uploads\/2025\/04\/Capa-RadioPatrulhaII-768x1157.jpg 768w, https:\/\/vimagazine.com.br\/wp-content\/uploads\/2025\/04\/Capa-RadioPatrulhaII-1020x1536.jpg 1020w, https:\/\/vimagazine.com.br\/wp-content\/uploads\/2025\/04\/Capa-RadioPatrulhaII-1024x1542.jpg 1024w, https:\/\/vimagazine.com.br\/wp-content\/uploads\/2025\/04\/Capa-RadioPatrulhaII.jpg 1275w\" sizes=\"(max-width: 680px) 100vw, 680px\" \/><\/figure><div class=\"wp-block-media-text__content\">\n<p><strong>R\u00e1dio Patrulha Auto II<\/strong><\/p>\n\n\n\n<p>Cabo da Pol\u00edcia Militar do Paran\u00e1,&nbsp;<strong>Gerson Junior<\/strong>&nbsp;narra as pr\u00f3prias experi\u00eancias neste livro de cr\u00f4nicas. De forma descontra\u00edda, ele aborda momentos intensos do cotidiano dos policiais que carregam consigo dois compromissos primordiais: proteger a popula\u00e7\u00e3o e chegar vivo em casa. Uma obra para todos que buscam se aproximar de uma realidade que pode parecer distante e que tamb\u00e9m queiram conhecer os bastidores da seguran\u00e7a p\u00fablica brasileira.<\/p>\n\n\n\n<p>(Autor: Gerson Junior | Onde encontrar:&nbsp;<a href=\"https:\/\/soldado-gerson.lojaintegrada.com.br\/radio-patrulha-auto-ii-a-imprevisibilidade-continua-lancamento\" target=\"_blank\" rel=\"noreferrer noopener\">Loja do autor<\/a>)<\/p>\n<\/div><\/div>\n\n\n\n<p><\/p>\n\n\n\n<p><\/p>\n\n\n\n<div class=\"wp-block-media-text alignwide is-stacked-on-mobile\" style=\"grid-template-columns:19% auto\"><figure class=\"wp-block-media-text__media\"><img width=\"683\" height=\"1024\" src=\"https:\/\/vimagazine.com.br\/wp-content\/uploads\/2025\/04\/Capa-AFontedaJuventude-FernandaFernandes-683x1024.jpg\" alt=\"\" class=\"wp-image-18322 size-full\" srcset=\"https:\/\/vimagazine.com.br\/wp-content\/uploads\/2025\/04\/Capa-AFontedaJuventude-FernandaFernandes-683x1024.jpg 683w, https:\/\/vimagazine.com.br\/wp-content\/uploads\/2025\/04\/Capa-AFontedaJuventude-FernandaFernandes-200x300.jpg 200w, https:\/\/vimagazine.com.br\/wp-content\/uploads\/2025\/04\/Capa-AFontedaJuventude-FernandaFernandes-768x1151.jpg 768w, https:\/\/vimagazine.com.br\/wp-content\/uploads\/2025\/04\/Capa-AFontedaJuventude-FernandaFernandes-1025x1536.jpg 1025w, https:\/\/vimagazine.com.br\/wp-content\/uploads\/2025\/04\/Capa-AFontedaJuventude-FernandaFernandes-1024x1535.jpg 1024w, https:\/\/vimagazine.com.br\/wp-content\/uploads\/2025\/04\/Capa-AFontedaJuventude-FernandaFernandes.jpg 1281w\" sizes=\"(max-width: 683px) 100vw, 683px\" \/><\/figure><div class=\"wp-block-media-text__content\">\n<p><strong>A fonte da juventude<\/strong><\/p>\n\n\n\n<p>No livro, a naturopata especialista em longevidade&nbsp;<strong>Fernanda Fernandes<\/strong>&nbsp;afirma que a vitalidade duradoura est\u00e1 diretamente relacionada \u00e0 sa\u00fade celular, ao equil\u00edbrio metab\u00f3lico e \u00e0 suplementa\u00e7\u00e3o correta. Em 12 cap\u00edtulos did\u00e1ticos, ela explora os principais fatores que influenciam positivamente ou n\u00e3o o envelhecimento. Direcionado a quem deseja mudar h\u00e1bitos para cultivar uma vida com mais qualidade, a obra traz um plano de a\u00e7\u00e3o pessoal e um checklist di\u00e1rio de h\u00e1bitos que contribuem para guiar o leitor nas escolhas di\u00e1rias em prol do bem-estar.<\/p>\n\n\n\n<p>(Autora: Fernanda Fernandes | Onde encontrar:&nbsp;<a href=\"https:\/\/a.co\/d\/21guGHq\" target=\"_blank\" rel=\"noreferrer noopener\">Amazon<\/a>)&nbsp;<\/p>\n<\/div><\/div>\n\n\n\n<p><\/p>\n\n\n\n<p><\/p>\n\n\n\n<div class=\"wp-block-media-text alignwide is-stacked-on-mobile\" style=\"grid-template-columns:19% auto\"><figure class=\"wp-block-media-text__media\"><img width=\"714\" height=\"1024\" src=\"https:\/\/vimagazine.com.br\/wp-content\/uploads\/2025\/04\/Capa-Novisalmos-714x1024.jpg\" alt=\"\" class=\"wp-image-18323 size-full\" srcset=\"https:\/\/vimagazine.com.br\/wp-content\/uploads\/2025\/04\/Capa-Novisalmos-714x1024.jpg 714w, https:\/\/vimagazine.com.br\/wp-content\/uploads\/2025\/04\/Capa-Novisalmos-209x300.jpg 209w, https:\/\/vimagazine.com.br\/wp-content\/uploads\/2025\/04\/Capa-Novisalmos-768x1102.jpg 768w, https:\/\/vimagazine.com.br\/wp-content\/uploads\/2025\/04\/Capa-Novisalmos-1070x1536.jpg 1070w, https:\/\/vimagazine.com.br\/wp-content\/uploads\/2025\/04\/Capa-Novisalmos-1024x1469.jpg 1024w, https:\/\/vimagazine.com.br\/wp-content\/uploads\/2025\/04\/Capa-Novisalmos.jpg 1338w\" sizes=\"(max-width: 714px) 100vw, 714px\" \/><\/figure><div class=\"wp-block-media-text__content\">\n<p><strong>NoviSalmos \u2014 Novos salmos para novos tempos<\/strong><\/p>\n\n\n\n<p>Inspirado por uma experi\u00eancia pessoal de supera\u00e7\u00e3o, o mestre cordelista e te\u00f3logo&nbsp;<strong>F\u00e1bio Sombra<\/strong>&nbsp;apresenta um devocional em forma de poesia de cordel. Publicado pela&nbsp;<strong>Editora Rocco<\/strong>, o livro traz reflex\u00f5es espirituais adaptadas aos dilemas do mundo atual, como ansiedade, depress\u00e3o, v\u00edcios, preconceito, esperan\u00e7a e f\u00e9. Cada poema convida o leitor a enxergar a espiritualidade como fonte de for\u00e7a interior, ao unir a tradi\u00e7\u00e3o dos salmos b\u00edblicos com todo o lirismo da linguagem popular brasileira.<\/p>\n\n\n\n<p>(Autor: F\u00e1bio Sombra | Editora: Rocco | Onde encontrar:&nbsp;<a href=\"https:\/\/www.amazon.com.br\/Novisalmos-Novos-salmos-novos-tempos\/dp\/6555325151\" target=\"_blank\" rel=\"noreferrer noopener\">Amazon<\/a>)<\/p>\n<\/div><\/div>\n\n\n\n<p><\/p>\n\n\n\n<p><\/p>\n\n\n\n<div class=\"wp-block-media-text alignwide is-stacked-on-mobile\" style=\"grid-template-columns:19% auto\"><figure class=\"wp-block-media-text__media\"><img width=\"668\" height=\"1024\" src=\"https:\/\/vimagazine.com.br\/wp-content\/uploads\/2025\/04\/Capa-OCaoQueSeguiaAsEstrelas-668x1024.jpg\" alt=\"\" class=\"wp-image-18324 size-full\" srcset=\"https:\/\/vimagazine.com.br\/wp-content\/uploads\/2025\/04\/Capa-OCaoQueSeguiaAsEstrelas-668x1024.jpg 668w, https:\/\/vimagazine.com.br\/wp-content\/uploads\/2025\/04\/Capa-OCaoQueSeguiaAsEstrelas-196x300.jpg 196w, https:\/\/vimagazine.com.br\/wp-content\/uploads\/2025\/04\/Capa-OCaoQueSeguiaAsEstrelas-768x1177.jpg 768w, https:\/\/vimagazine.com.br\/wp-content\/uploads\/2025\/04\/Capa-OCaoQueSeguiaAsEstrelas-1002x1536.jpg 1002w, https:\/\/vimagazine.com.br\/wp-content\/uploads\/2025\/04\/Capa-OCaoQueSeguiaAsEstrelas-1024x1569.jpg 1024w, https:\/\/vimagazine.com.br\/wp-content\/uploads\/2025\/04\/Capa-OCaoQueSeguiaAsEstrelas.jpg 1253w\" sizes=\"(max-width: 668px) 100vw, 668px\" \/><\/figure><div class=\"wp-block-media-text__content\">\n<p><strong>O c\u00e3o que seguia as estrelas<\/strong><\/p>\n\n\n\n<p>Inspirada em uma hist\u00f3ria real, esta fic\u00e7\u00e3o de cura narra a emocionante travessia de Roshi, um golden retriever que cruza o pa\u00eds para reencontrar a tutora ap\u00f3s se perder durante uma viagem. Ao longo dessa jornada, o c\u00e3ozinho transforma a vida de todas as pessoas que encontra pelo caminho, ensinando li\u00e7\u00f5es sobre amor, lealdade, compaix\u00e3o, luto, solid\u00e3o e resili\u00eancia. Da mesma autora do best-seller&nbsp;<em>Neko Caf\u00e9<\/em>, o livro \u00e9 narrado pelo ponto de vista do pr\u00f3prio cachorro, em um verdadeiro testemunho do v\u00ednculo incondicional entre humanos e&nbsp;<em>pets<\/em>.<\/p>\n\n\n\n<p>(Autora: Anna S\u00f3lyom | Editora: VR | Onde encontrar:&nbsp;<a href=\"https:\/\/www.amazon.com.br\/c%C3%A3o-que-seguia-estrelas-dist%C3%A2ncias\/dp\/8550706604\/ref=sr_1_1?__mk_pt_BR=%C3%85M%C3%85%C5%BD%C3%95%C3%91&amp;crid=34GCJEQGXFMT5&amp;dib=eyJ2IjoiMSJ9.LF-oTC-1c5-HoLHpOUMac7SaLphiktYBAbakeWR4uZXGjHj071QN20LucGBJIEps.agz9ND31KECzLuUfoUuJaNym0sd_KlLK7rdgm0iHO1Q&amp;dib_tag=se&amp;keywords=o+c%C3%A3o+que+seguia+as+estrelas&amp;qid=1744657754&amp;s=books&amp;sprefix=o+c%C3%A3o+que+seguia+as+estrelas%2Cstripbooks%2C296&amp;sr=1-1&amp;ufe=app_do%3Aamzn1.fos.6d798eae-cadf-45de-946a-f477d47705b9\" target=\"_blank\" rel=\"noreferrer noopener\">Amazon<\/a>)<\/p>\n<\/div><\/div>\n\n\n\n<p><\/p>\n\n\n\n<p><\/p>\n\n\n\n<p><\/p>\n\n\n\n<div class=\"wp-block-media-text alignwide is-stacked-on-mobile\" style=\"grid-template-columns:19% auto\"><figure class=\"wp-block-media-text__media\"><img width=\"683\" height=\"1024\" src=\"https:\/\/vimagazine.com.br\/wp-content\/uploads\/2025\/04\/Capa-Embaixo-do-Aquario-FRENTE-683x1024.jpg\" alt=\"\" class=\"wp-image-18325 size-full\" srcset=\"https:\/\/vimagazine.com.br\/wp-content\/uploads\/2025\/04\/Capa-Embaixo-do-Aquario-FRENTE-683x1024.jpg 683w, https:\/\/vimagazine.com.br\/wp-content\/uploads\/2025\/04\/Capa-Embaixo-do-Aquario-FRENTE-200x300.jpg 200w, https:\/\/vimagazine.com.br\/wp-content\/uploads\/2025\/04\/Capa-Embaixo-do-Aquario-FRENTE.jpg 700w\" sizes=\"(max-width: 683px) 100vw, 683px\" \/><\/figure><div class=\"wp-block-media-text__content\">\n<p><strong>Embaixo do Aqu\u00e1rio<\/strong><\/p>\n\n\n\n<p>O romance acompanha Tina, uma ex-nadadora que retorna ao Brasil ap\u00f3s uma temporada morando em Boston. Embora sonhasse em se tornar atleta ol\u00edmpica, um epis\u00f3dio de abuso frustra seus planos. O roteiro da vida de Tina \u00e9 real\u00e7ado pela presen\u00e7a de personagens marcantes, como suas irm\u00e3s, Lena e Tet\u00ea, e sua sobrinha Ol\u00edvia. Entre encontros e desencontros, as personagens lidam com os traumas e buscam apoio para superar essas dores.<\/p>\n\n\n\n<p>(Autora: Jana\u00edna Santana | Editora: Viseu | Onde encontrar:&nbsp;<a href=\"https:\/\/www.amazon.com.br\/Embaixo-do-Aqu%C3%A1rio-Jana%C3%ADna-Santana\/dp\/6528001995\" target=\"_blank\" rel=\"noreferrer noopener\">Amazon<\/a>)<\/p>\n<\/div><\/div>\n\n\n\n<p><\/p>\n\n\n\n<p><\/p>\n\n\n\n<p><\/p>\n\n\n\n<div class=\"wp-block-media-text alignwide is-stacked-on-mobile\" style=\"grid-template-columns:19% auto\"><figure class=\"wp-block-media-text__media\"><img width=\"662\" height=\"1024\" src=\"https:\/\/vimagazine.com.br\/wp-content\/uploads\/2025\/04\/Parem-de-me-interromper-CAPA-662x1024.jpg\" alt=\"\" class=\"wp-image-18326 size-full\" srcset=\"https:\/\/vimagazine.com.br\/wp-content\/uploads\/2025\/04\/Parem-de-me-interromper-CAPA-662x1024.jpg 662w, https:\/\/vimagazine.com.br\/wp-content\/uploads\/2025\/04\/Parem-de-me-interromper-CAPA-194x300.jpg 194w, https:\/\/vimagazine.com.br\/wp-content\/uploads\/2025\/04\/Parem-de-me-interromper-CAPA-768x1187.jpg 768w, https:\/\/vimagazine.com.br\/wp-content\/uploads\/2025\/04\/Parem-de-me-interromper-CAPA-994x1536.jpg 994w, https:\/\/vimagazine.com.br\/wp-content\/uploads\/2025\/04\/Parem-de-me-interromper-CAPA-1024x1583.jpg 1024w, https:\/\/vimagazine.com.br\/wp-content\/uploads\/2025\/04\/Parem-de-me-interromper-CAPA.jpg 1242w\" sizes=\"(max-width: 662px) 100vw, 662px\" \/><\/figure><div class=\"wp-block-media-text__content\">\n<p><strong>Parem de me interromper<\/strong><\/p>\n\n\n\n<p>Nesta obra,&nbsp;<strong>Christian R\u00f4\u00e7as<\/strong>, ex-CEO do Porta dos Fundos e refer\u00eancia no mercado de comunica\u00e7\u00e3o, reflete sobre como conquistar aten\u00e7\u00e3o em tempos de excesso de est\u00edmulos. Com linguagem acess\u00edvel e exemplos pr\u00e1ticos, ele prop\u00f5e estrat\u00e9gias eficazes para marcas, criadores e profissionais se comunicarem de forma relevante e respeitosa. A obra percorre a evolu\u00e7\u00e3o da m\u00eddia, das cartas ao Instagram, com insights sobre inova\u00e7\u00e3o, autenticidade e prop\u00f3sito.<\/p>\n\n\n\n<p>(Autor: Christian Ro\u00e7as | Editora: Citadel | Onde encontrar:&nbsp;<a href=\"https:\/\/amzn.to\/4jy8P0c\" target=\"_blank\" rel=\"noreferrer noopener\">Amazon<\/a>)<\/p>\n<\/div><\/div>\n\n\n\n<p><\/p>\n\n\n\n<p><\/p>\n\n\n\n<p><\/p>\n\n\n\n<div class=\"wp-block-media-text alignwide is-stacked-on-mobile\" style=\"grid-template-columns:19% auto\"><figure class=\"wp-block-media-text__media\"><img width=\"690\" height=\"1024\" src=\"https:\/\/vimagazine.com.br\/wp-content\/uploads\/2025\/04\/Capa-Guia-politicamente-incorreto-para-empreendedores-digitais-690x1024.jpg\" alt=\"\" class=\"wp-image-18327 size-full\" srcset=\"https:\/\/vimagazine.com.br\/wp-content\/uploads\/2025\/04\/Capa-Guia-politicamente-incorreto-para-empreendedores-digitais-690x1024.jpg 690w, https:\/\/vimagazine.com.br\/wp-content\/uploads\/2025\/04\/Capa-Guia-politicamente-incorreto-para-empreendedores-digitais-202x300.jpg 202w, https:\/\/vimagazine.com.br\/wp-content\/uploads\/2025\/04\/Capa-Guia-politicamente-incorreto-para-empreendedores-digitais-768x1140.jpg 768w, https:\/\/vimagazine.com.br\/wp-content\/uploads\/2025\/04\/Capa-Guia-politicamente-incorreto-para-empreendedores-digitais-1034x1536.jpg 1034w, https:\/\/vimagazine.com.br\/wp-content\/uploads\/2025\/04\/Capa-Guia-politicamente-incorreto-para-empreendedores-digitais-1024x1521.jpg 1024w, https:\/\/vimagazine.com.br\/wp-content\/uploads\/2025\/04\/Capa-Guia-politicamente-incorreto-para-empreendedores-digitais.jpg 1293w\" sizes=\"(max-width: 690px) 100vw, 690px\" \/><\/figure><div class=\"wp-block-media-text__content\">\n<p><strong>Guia politicamente incorreto para empreendedores digitais<\/strong><\/p>\n\n\n\n<p>Este livro&nbsp;\u00e9 um manifesto direto e provocativo de&nbsp;<strong>Andr\u00e9 Cruz<\/strong>&nbsp;sobre os perigos escondidos no mercado digital. O autor denuncia as armadilhas de plataformas que exploram empreendedores com promessas vazias e taxas abusivas. Com base em sua trajet\u00f3ria como fundador da Digital Manager Guru, Cruz apresenta estrat\u00e9gias para conquistar autonomia nos neg\u00f3cios online. A obra prop\u00f5e uma ruptura com o sistema tradicional e incentiva uma mentalidade disruptiva e independente. Essencial para quem quer crescer com liberdade e consci\u00eancia no mundo digital.<\/p>\n\n\n\n<p>(Autor: Andr\u00e9 Cruz | Editora: DVS | Onde encontrar:&nbsp;<a href=\"https:\/\/amzn.to\/44xL0RI\" target=\"_blank\" rel=\"noreferrer noopener\">Amazon<\/a>)<\/p>\n<\/div><\/div>\n\n\n\n<p><\/p>\n\n\n\n<p><\/p>\n\n\n\n<div class=\"wp-block-media-text alignwide is-stacked-on-mobile\" style=\"grid-template-columns:19% auto\"><figure class=\"wp-block-media-text__media\"><img width=\"662\" height=\"1024\" src=\"https:\/\/vimagazine.com.br\/wp-content\/uploads\/2025\/04\/Capa-a-vida-entre-marionetes-2--662x1024.jpg\" alt=\"\" class=\"wp-image-18328 size-full\" srcset=\"https:\/\/vimagazine.com.br\/wp-content\/uploads\/2025\/04\/Capa-a-vida-entre-marionetes-2--662x1024.jpg 662w, https:\/\/vimagazine.com.br\/wp-content\/uploads\/2025\/04\/Capa-a-vida-entre-marionetes-2--194x300.jpg 194w, https:\/\/vimagazine.com.br\/wp-content\/uploads\/2025\/04\/Capa-a-vida-entre-marionetes-2--768x1189.jpg 768w, https:\/\/vimagazine.com.br\/wp-content\/uploads\/2025\/04\/Capa-a-vida-entre-marionetes-2-.jpg 969w\" sizes=\"(max-width: 662px) 100vw, 662px\" \/><\/figure><div class=\"wp-block-media-text__content\">\n<p><strong>A vida entre marionetes<\/strong><\/p>\n\n\n\n<p>Em uma floresta isolada, o jovem humano Victor Lawson vive com sua exc\u00eantrica fam\u00edlia de rob\u00f4s. Sua vida pac\u00edfica muda quando ele encontra Hap, um androide ca\u00e7ador de humanos com um passado sombrio. A partir da\u00ed, o protagonista parte em uma jornada perigosa para resgatar seu pai androide e descobrir quem realmente \u00e9. Misturando fic\u00e7\u00e3o cient\u00edfica, fantasia e romance queer,&nbsp;<strong>TJ Klune<\/strong>&nbsp;entrega uma hist\u00f3ria emocionante sobre amor, identidade e livre-arb\u00edtrio. Uma f\u00e1bula futurista para leitores que acreditam na for\u00e7a das conex\u00f5es escolhidas.<\/p>\n\n\n\n<p>(Autor: TJ Klune | Editora: Morro Branco | Onde encontrar:&nbsp;<a href=\"https:\/\/amzn.to\/42fGh5Y\" target=\"_blank\" rel=\"noreferrer noopener\">Amazon<\/a>)<\/p>\n<\/div><\/div>\n\n\n\n<p><\/p>\n\n\n\n<p><\/p>\n\n\n\n<p><\/p>\n\n\n\n<div class=\"wp-block-media-text alignwide is-stacked-on-mobile\" style=\"grid-template-columns:19% auto\"><figure class=\"wp-block-media-text__media\"><img width=\"1013\" height=\"1024\" src=\"https:\/\/vimagazine.com.br\/wp-content\/uploads\/2025\/04\/O-grande-contador-de-pedrinhas-300-2--1013x1024.jpg\" alt=\"\" class=\"wp-image-18329 size-full\" srcset=\"https:\/\/vimagazine.com.br\/wp-content\/uploads\/2025\/04\/O-grande-contador-de-pedrinhas-300-2--1013x1024.jpg 1013w, https:\/\/vimagazine.com.br\/wp-content\/uploads\/2025\/04\/O-grande-contador-de-pedrinhas-300-2--297x300.jpg 297w, https:\/\/vimagazine.com.br\/wp-content\/uploads\/2025\/04\/O-grande-contador-de-pedrinhas-300-2--768x776.jpg 768w, https:\/\/vimagazine.com.br\/wp-content\/uploads\/2025\/04\/O-grande-contador-de-pedrinhas-300-2--1519x1536.jpg 1519w, https:\/\/vimagazine.com.br\/wp-content\/uploads\/2025\/04\/O-grande-contador-de-pedrinhas-300-2--1024x1035.jpg 1024w, https:\/\/vimagazine.com.br\/wp-content\/uploads\/2025\/04\/O-grande-contador-de-pedrinhas-300-2-.jpg 1899w\" sizes=\"(max-width: 1013px) 100vw, 1013px\" \/><\/figure><div class=\"wp-block-media-text__content\">\n<p><strong>O grande contador de pedrinhas<\/strong><\/p>\n\n\n\n<p>Obra&nbsp;acompanha Vicente, um menino curioso que descobre a magia dos n\u00fameros a partir de uma hist\u00f3ria contada por sua m\u00e3e. Inspirado por um pastor que usava pedrinhas para contar ovelhas, ele come\u00e7a a explorar a matem\u00e1tica com objetos do seu dia a dia. Com linguagem po\u00e9tica e ilustra\u00e7\u00f5es delicadas, o livro mostra que contar pode ser t\u00e3o divertido quanto brincar. Uma leitura encantadora que une imagina\u00e7\u00e3o, aprendizado e afeto.<\/p>\n\n\n\n<p>(Autora: Denise Crispin | Editora: Matrix\/Trix | Onde encontrar:&nbsp;<a href=\"https:\/\/amzn.to\/3Gm5naw\" target=\"_blank\" rel=\"noreferrer noopener\">Amazon<\/a>)<\/p>\n<\/div><\/div>\n\n\n\n<p><\/p>\n","protected":false},"excerpt":{"rendered":"<p>A lista abaixo re\u00fane livros com diferentes temas que agradam a todos os gostos e&#8230;<\/p>\n","protected":false},"author":1,"featured_media":18330,"comment_status":"closed","ping_status":"open","sticky":false,"template":"","format":"standard","meta":{"om_disable_all_campaigns":false,"_monsterinsights_skip_tracking":false,"_monsterinsights_sitenote_active":false,"_monsterinsights_sitenote_note":"","_monsterinsights_sitenote_category":0,"spay_email":""},"categories":[1],"tags":[],"jetpack_featured_media_url":"https:\/\/vimagazine.com.br\/wp-content\/uploads\/2025\/04\/SUGESTAO-DE-CAPA-PEXELS-2-1-.jpg","_links":{"self":[{"href":"https:\/\/vimagazine.com.br\/index.php?rest_route=\/wp\/v2\/posts\/18317"}],"collection":[{"href":"https:\/\/vimagazine.com.br\/index.php?rest_route=\/wp\/v2\/posts"}],"about":[{"href":"https:\/\/vimagazine.com.br\/index.php?rest_route=\/wp\/v2\/types\/post"}],"author":[{"embeddable":true,"href":"https:\/\/vimagazine.com.br\/index.php?rest_route=\/wp\/v2\/users\/1"}],"replies":[{"embeddable":true,"href":"https:\/\/vimagazine.com.br\/index.php?rest_route=%2Fwp%2Fv2%2Fcomments&post=18317"}],"version-history":[{"count":1,"href":"https:\/\/vimagazine.com.br\/index.php?rest_route=\/wp\/v2\/posts\/18317\/revisions"}],"predecessor-version":[{"id":18331,"href":"https:\/\/vimagazine.com.br\/index.php?rest_route=\/wp\/v2\/posts\/18317\/revisions\/18331"}],"wp:featuredmedia":[{"embeddable":true,"href":"https:\/\/vimagazine.com.br\/index.php?rest_route=\/wp\/v2\/media\/18330"}],"wp:attachment":[{"href":"https:\/\/vimagazine.com.br\/index.php?rest_route=%2Fwp%2Fv2%2Fmedia&parent=18317"}],"wp:term":[{"taxonomy":"category","embeddable":true,"href":"https:\/\/vimagazine.com.br\/index.php?rest_route=%2Fwp%2Fv2%2Fcategories&post=18317"},{"taxonomy":"post_tag","embeddable":true,"href":"https:\/\/vimagazine.com.br\/index.php?rest_route=%2Fwp%2Fv2%2Ftags&post=18317"}],"curies":[{"name":"wp","href":"https:\/\/api.w.org\/{rel}","templated":true}]}}