{"id":18333,"date":"2025-04-19T17:24:32","date_gmt":"2025-04-19T20:24:32","guid":{"rendered":"https:\/\/vimagazine.com.br\/?p=18333"},"modified":"2025-04-19T17:26:19","modified_gmt":"2025-04-19T20:26:19","slug":"o-pod-do-brilha-se-consolida-e-recebe-o-grupo-exaltasamba-em-uma-edicao-comemorativa","status":"publish","type":"post","link":"https:\/\/vimagazine.com.br\/?p=18333","title":{"rendered":"O \u201cPod do Brilha\u201d se consolida e recebe o grupo Exaltasamba em uma edi\u00e7\u00e3o comemorativa"},"content":{"rendered":"\n<p>O&nbsp;<strong>\u201cPod do Brilha\u201d,&nbsp;<\/strong>que tem recebido convidados famosos do mundo do samba e pagode, contou com a presen\u00e7a especial dos integrantes do grupo \u201c<strong>Exaltasamba\u201d,&nbsp;<\/strong>(Thell e Izaque) em uma incr\u00edvel edi\u00e7\u00e3o.<\/p>\n\n\n\n<p>O bate-papo com o grupo, j\u00e1 come\u00e7ou em alto astral, com hist\u00f3rias engra\u00e7adas de bastidores e grandes sucessos que atravessam gera\u00e7\u00f5es, afinal s\u00e3o 43 anos de carreira, a edi\u00e7\u00e3o contou tamb\u00e9m com muita m\u00fasica, pra ningu\u00e9m botar defeito.<\/p>\n\n\n\n<p>Em sua vig\u00e9sima primeira edi\u00e7\u00e3o, o podcast vem se consolidando tanto no Brasil quanto no exterior, s\u00e3o mais de 168 mil visualiza\u00e7\u00f5es e 15.7 mil horas assistidas.<\/p>\n\n\n\n<p> O&nbsp;<strong>\u201cPod do Brilha\u201d,&nbsp;<\/strong>tem despertado o interesse de personalidades do universo do samba e da m\u00eddia.<\/p>\n\n\n\n<p>Apresentado pelo Brilhantina, integrante do Grupo Exaltasamba,&nbsp; que com seu carisma e bom humor, conduz conversas leves e descontra\u00eddas, se conectando com o p\u00fablico, explorando hist\u00f3rias interessantes, curiosidades dos bastidores e deixando de fora qualquer pol\u00eamica. <\/p>\n\n\n\n<p>O Podcast pela hist\u00f3ria crescente e audi\u00eancia j\u00e1 consolidou parcerias com a TV Rec\u00f4ncavo (BA) e WTJ Minas TV (MG), &nbsp;fazendo parte da grade de programa\u00e7\u00e3o das emissoras, mostrando que o conte\u00fado \u00e9 interessante e de grande valor para o p\u00fablico apaixonado pelo samba.<\/p>\n\n\n\n<p>O carisma e a popularidade de Brilhantina no meio art\u00edstico s\u00e3o evidentes, refletidos nas participa\u00e7\u00f5es especiais j\u00e1 registradas, entre os convidados, podemos destacar: Luiz Carlos (Ra\u00e7a Negra), Eder Miguel (DOCE ENCONTRO), Evandro Art, Thiago de Xang\u00f4, Wilsinho Soares (ex Mal\u00edcia), Adryana Ribeiro, Marcio Art, Ademir Foga\u00e7a, Fabinho C\u00e9sar (ex Ra\u00e7a Negra), Biro do Cavaco, Wagninho (ex Negritude Junior), Breno Faria (ex Katinguel\u00ea), Douglas SAMPA, Grupo Casa Nossa e Marcelinho Freitas (ex Grupo Sem Compromisso), tamb\u00e9m os m\u00fasicos: Rafael Esteves, Wendell Cosme, Aderson Resolva e Nando Martins.<\/p>\n\n\n\n<p><strong>\u201cEstou muito feliz com esse projeto, ele \u00e9 minha cara, nas grava\u00e7\u00f5es me sinto em casa recebendo meus amigos\u201d.<\/strong>&nbsp;Comenta o m\u00fasico Brilhantina.<\/p>\n\n\n\n<p>Criado para aproximar o p\u00fablico que curte o mundo do samba e do pagode, g\u00eaneros que seguem em alta no mercado, o &#8220;Pod do Brilha&#8221; j\u00e1 se prepara para receber novos projetos e lan\u00e7amentos., a lista de convidados \u00e9 imensa e os pedidos para participa\u00e7\u00e3o &nbsp;continuam crescendo, mostrando que o&nbsp;<strong>&#8220;Pod do<\/strong>&nbsp;<strong>Brilha&#8221;,<\/strong>&nbsp;<strong>invadiu o mundo do samba e chegou para ficar!<\/strong><\/p>\n\n\n\n<p>Gravado nos Est\u00fadios Brazucas, em S\u00e3o Paulo, com produ\u00e7\u00e3o e dire\u00e7\u00e3o de Rubens J\u00fanior, o&nbsp;<strong>&#8220;Pod do Brilha&#8221;<\/strong>&nbsp;j\u00e1 conquistou seu espa\u00e7o, crescendo a cada dia e marcando presen\u00e7a no universo dos podcasts.<\/p>\n\n\n\n<p><strong>A edi\u00e7\u00e3o com o \u201cExaltasamba\u201d vai ao ar no pr\u00f3ximo dia 25 de abril \u2013 19h<\/strong><strong><\/strong><\/p>\n\n\n\n<p>Vale conferir!<\/p>\n\n\n\n<p><strong>Fonte:<\/strong>&nbsp;Fernanda Lara Rocca &#8211; @flrcomunica\u00e7\u00e3o<\/p>\n\n\n\n<p><strong>Fotos cr\u00e9ditos<\/strong>: Rubens Junior&nbsp;&nbsp;<\/p>\n\n\n\n<p><strong>Para saber mais acesse:<\/strong><\/p>\n\n\n\n<p><a href=\"https:\/\/www.youtube.com\/@poddobrilha\">https:\/\/www.youtube.com\/@poddobrilha<\/a><\/p>\n\n\n\n<p><a href=\"https:\/\/www.instagram.com\/poddobrilha\">https:\/\/www.instagram.com\/poddobrilha<\/a><\/p>\n\n\n\n<p><a href=\"https:\/\/www.facebook.com\/poddobrilha\">https:\/\/www.facebook.com\/poddobrilha<\/a><\/p>\n\n\n\n<p><a href=\"https:\/\/www.tiktok.com\/@pod.do.brilha\">https:\/\/www.tiktok.com\/@pod.do.brilha<\/a><\/p>\n","protected":false},"excerpt":{"rendered":"<p>O&nbsp;\u201cPod do Brilha\u201d,&nbsp;que tem recebido convidados famosos do mundo do samba e pagode, contou com&#8230;<\/p>\n","protected":false},"author":3,"featured_media":18334,"comment_status":"closed","ping_status":"open","sticky":false,"template":"","format":"standard","meta":{"om_disable_all_campaigns":false,"_monsterinsights_skip_tracking":false,"_monsterinsights_sitenote_active":false,"_monsterinsights_sitenote_note":"","_monsterinsights_sitenote_category":0,"spay_email":""},"categories":[1],"tags":[],"jetpack_featured_media_url":"https:\/\/vimagazine.com.br\/wp-content\/uploads\/2025\/04\/POD-do-Brilha.jpeg","_links":{"self":[{"href":"https:\/\/vimagazine.com.br\/index.php?rest_route=\/wp\/v2\/posts\/18333"}],"collection":[{"href":"https:\/\/vimagazine.com.br\/index.php?rest_route=\/wp\/v2\/posts"}],"about":[{"href":"https:\/\/vimagazine.com.br\/index.php?rest_route=\/wp\/v2\/types\/post"}],"author":[{"embeddable":true,"href":"https:\/\/vimagazine.com.br\/index.php?rest_route=\/wp\/v2\/users\/3"}],"replies":[{"embeddable":true,"href":"https:\/\/vimagazine.com.br\/index.php?rest_route=%2Fwp%2Fv2%2Fcomments&post=18333"}],"version-history":[{"count":2,"href":"https:\/\/vimagazine.com.br\/index.php?rest_route=\/wp\/v2\/posts\/18333\/revisions"}],"predecessor-version":[{"id":18336,"href":"https:\/\/vimagazine.com.br\/index.php?rest_route=\/wp\/v2\/posts\/18333\/revisions\/18336"}],"wp:featuredmedia":[{"embeddable":true,"href":"https:\/\/vimagazine.com.br\/index.php?rest_route=\/wp\/v2\/media\/18334"}],"wp:attachment":[{"href":"https:\/\/vimagazine.com.br\/index.php?rest_route=%2Fwp%2Fv2%2Fmedia&parent=18333"}],"wp:term":[{"taxonomy":"category","embeddable":true,"href":"https:\/\/vimagazine.com.br\/index.php?rest_route=%2Fwp%2Fv2%2Fcategories&post=18333"},{"taxonomy":"post_tag","embeddable":true,"href":"https:\/\/vimagazine.com.br\/index.php?rest_route=%2Fwp%2Fv2%2Ftags&post=18333"}],"curies":[{"name":"wp","href":"https:\/\/api.w.org\/{rel}","templated":true}]}}