{"id":18341,"date":"2025-04-19T17:51:00","date_gmt":"2025-04-19T20:51:00","guid":{"rendered":"https:\/\/vimagazine.com.br\/?p=18341"},"modified":"2025-04-19T17:51:05","modified_gmt":"2025-04-19T20:51:05","slug":"amanda-linhares-anuncia-show-especial-em-joinville","status":"publish","type":"post","link":"https:\/\/vimagazine.com.br\/?p=18341","title":{"rendered":"\u00a0AMANDA LINHARES ANUNCIA SHOW ESPECIAL EM JOINVILLE\u00a0"},"content":{"rendered":"\n<p><em>Ap\u00f3s show na capital catarinense, no in\u00edcio do m\u00eas de abril, com banda completa e participa\u00e7\u00f5es especiais, a artista<\/em><em>&nbsp;<\/em><em>finalista do 8\u00ba Pr\u00eamio Profissionais da M\u00fasica 2025, Amanda Linhares, apresenta em Joinville, cidade onde nasceu, seu show completo e mostra premier&nbsp;<\/em><em>dos bastidores da grava\u00e7\u00e3o do<\/em><em>&nbsp;videoclipe&nbsp;<\/em><em>da&nbsp;<\/em><em>sua nova m\u00fasica, intitulada: \u201cAcaso\u201d, o show acontecer\u00e1 no Instituto Internacional Juarez Machado.&nbsp;<\/em><\/p>\n\n\n\n<p>No dia 10 de maio, s\u00e1bado, a partir das 15h, no Instituto Internacional Juarez Machado, a cantora, compositora e musicista Amanda Linhares, apresenta em show especial com banda completa, m\u00fasicas autorais j\u00e1 conhecidas pelo seu p\u00fablico fiel e faixas in\u00e9ditas, e que j\u00e1 acompanham a trajet\u00f3ria desta revela\u00e7\u00e3o da m\u00fasica catarinense nestes dois anos de carreira profissional, no repert\u00f3rio, a m\u00fasica in\u00e9dita&nbsp;<em>\u201cAcaso\u201d, lan\u00e7ada recentemente e algumas surpresas preparadas especialmente para o p\u00fablico presente no IIJM.<\/em><\/p>\n\n\n\n<p><em>Este show,\u00a0segundo\u00a0Amanda Linhares, celebra o \u00f3timo momento de sua carreira, iniciada a pouco tempo, mas com solidez, foco e objetivos bem tra\u00e7ados, ser\u00e1 tamb\u00e9m a maior apresenta\u00e7\u00e3o da artista em sua cidade de nascimento, sendo at\u00e9 ent\u00e3o, seu maior p\u00fablico. <\/em><\/p>\n\n\n\n<p><em>A artista tamb\u00e9m comemora sua indica\u00e7\u00e3o como finalista do 8\u00ba Pr\u00eamio Profissionais da M\u00fasica 2025, pr\u00eamio este muito respeitado no mercado musical, e que ter\u00e1 sua festa de premia\u00e7\u00e3o, em junho de 2025, em Bras\u00edlia (DF). <\/em><\/p>\n\n\n\n<p><em>Para a tarde multicultural, num dos locais mais simb\u00f3licos de Joinville, Amanda estar\u00e1 acompanhada do guitarrista e\u00a0produtor\u00a0Vitor Busarello, do contrabaixista Gui Velvet e do baterista Rafael Vieira\u00a0e de convidados especiais.<\/em><\/p>\n\n\n\n<p><em>Amanda, segue com o financiamento coletivo pela plataforma: \u201dBenfeitoria\u201c, com o objetivo de arrecadar fundos para a grava\u00e7\u00e3o do primeiro \u00e1lbum da artista, com previs\u00e3o de lan\u00e7amento ainda para outubro deste ano. <\/em><\/p>\n\n\n\n<figure class=\"wp-block-image size-full\"><img width=\"810\" height=\"1013\" src=\"https:\/\/vimagazine.com.br\/wp-content\/uploads\/2025\/04\/0F1F3A4B-A271-4BE1-8A6E-E8EAC6FF153D.jpeg\" alt=\"\" class=\"wp-image-18343\" srcset=\"https:\/\/vimagazine.com.br\/wp-content\/uploads\/2025\/04\/0F1F3A4B-A271-4BE1-8A6E-E8EAC6FF153D.jpeg 810w, https:\/\/vimagazine.com.br\/wp-content\/uploads\/2025\/04\/0F1F3A4B-A271-4BE1-8A6E-E8EAC6FF153D-240x300.jpeg 240w, https:\/\/vimagazine.com.br\/wp-content\/uploads\/2025\/04\/0F1F3A4B-A271-4BE1-8A6E-E8EAC6FF153D-768x960.jpeg 768w\" sizes=\"(max-width: 810px) 100vw, 810px\" \/><\/figure>\n\n\n\n<p><em>As pessoas que contribu\u00edrem pela plataforma, ir\u00e3o receber recompensas especiais.<\/em><\/p>\n\n\n\n<p><em>Cada oportunidade \u00e9 vista como essencial pela artista, para dar vida ao projeto e torn\u00e1-lo acess\u00edvel ao p\u00fablico. <\/em><\/p>\n\n\n\n<p><em>Os apoiadores ter\u00e3o acesso a itens exclusivos, desenhados e criados pela pr\u00f3pria artista, oferecendo uma conex\u00e3o ainda mais pessoal com o projeto. <\/em><\/p>\n\n\n\n<p><em>Dessa forma, cada contribui\u00e7\u00e3o ser\u00e1 fundamental para transformar esse \u00e1lbum em realidade, permitindo que a arte, a m\u00fasica e a cultura se unam em uma experi\u00eancia \u00fanica e colaborativa.<\/em><\/p>\n\n\n\n<p><em> O conceito est\u00e1 sendo cuidadosamente trabalhado para trazer uma experi\u00eancia sonora \u00fanica, refletindo a for\u00e7a da mulher e a riqueza da m\u00fasica brasileira.<\/em><\/p>\n\n\n\n<p><em>O primeiro \u00e1lbum de Amanda Linhares, ter\u00e1 at\u00e9 doze faixas, incluindo interl\u00fadios criados com \u00e1udios, vocalizes e poesias. <\/em><\/p>\n\n\n\n<p><em>Ele est\u00e1 sendo produzido pelo Busa Est\u00fadio, um novo lan\u00e7amento no mercado de Joinville (SC), com dire\u00e7\u00e3o musical\u00a0de Vitor Busarello. <\/em><\/p>\n\n\n\n<p><em>O projeto contar\u00e1 com participa\u00e7\u00f5es nacionais e internacionais, explorando uma fus\u00e3o rica entre diferentes idiomas e sonoridades. <\/em><\/p>\n\n\n\n<p><em>Mais do que um \u00e1lbum, ser\u00e1 uma imers\u00e3o audiovisual que une m\u00faltiplos instrumentistas em uma experi\u00eancia inovadora. <\/em><\/p>\n\n\n\n<p><em>Amanda Linhares est\u00e1 profundamente envolvida nessa produ\u00e7\u00e3o, trazendo sua identidade e criatividade para cada detalhe.<\/em><\/p>\n\n\n\n<figure class=\"wp-block-image size-large\"><img width=\"576\" height=\"1024\" src=\"https:\/\/vimagazine.com.br\/wp-content\/uploads\/2025\/04\/5DE3A773-7E0A-4234-A719-94E81D35512C-576x1024.jpeg\" alt=\"\" class=\"wp-image-18344\" srcset=\"https:\/\/vimagazine.com.br\/wp-content\/uploads\/2025\/04\/5DE3A773-7E0A-4234-A719-94E81D35512C-576x1024.jpeg 576w, https:\/\/vimagazine.com.br\/wp-content\/uploads\/2025\/04\/5DE3A773-7E0A-4234-A719-94E81D35512C-169x300.jpeg 169w, https:\/\/vimagazine.com.br\/wp-content\/uploads\/2025\/04\/5DE3A773-7E0A-4234-A719-94E81D35512C-768x1365.jpeg 768w, https:\/\/vimagazine.com.br\/wp-content\/uploads\/2025\/04\/5DE3A773-7E0A-4234-A719-94E81D35512C-864x1536.jpeg 864w, https:\/\/vimagazine.com.br\/wp-content\/uploads\/2025\/04\/5DE3A773-7E0A-4234-A719-94E81D35512C-1024x1820.jpeg 1024w, https:\/\/vimagazine.com.br\/wp-content\/uploads\/2025\/04\/5DE3A773-7E0A-4234-A719-94E81D35512C.jpeg 1080w\" sizes=\"(max-width: 576px) 100vw, 576px\" \/><\/figure>\n\n\n\n<p>\u2002\u2002\u2002\u2002\u2002\u2002<\/p>\n\n\n\n<p><strong>Link financiamento coletivo para produ\u00e7\u00e3o do \u00e1lbum:<\/strong><a href=\"https:\/\/benfeitoria.com\/projeto\/amandalinhares\" target=\"_blank\" rel=\"noreferrer noopener\">https:\/\/benfeitoria.com\/projeto\/amandalinhares<\/a><\/p>\n\n\n\n<p><strong>Assista o videoclipe de \u201cAcaso\u201d:&nbsp;<\/strong><a href=\"https:\/\/www.youtube.com\/watch?v=rpFwvkEhC8c\" target=\"_blank\" rel=\"noreferrer noopener\">https:\/\/www.youtube.com\/watch?v=rpFwvkEhC8c<\/a><\/p>\n\n\n\n<p><strong>Ou\u00e7a \u201cAcaso\u201d no Spotify:<\/strong>&nbsp;<a href=\"https:\/\/open.spotify.com\/intl-pt\/artist\/5ADdu1B7W9My1AYw1Sq3RF\" target=\"_blank\" rel=\"noreferrer noopener\">https:\/\/open.spotify.com\/intl-pt\/artist\/5ADdu1B7W9My1AYw1Sq3RF<\/a><\/p>\n\n\n\n<p><strong>SERVI\u00c7O<\/strong><\/p>\n\n\n\n<p><strong>O qu\u00ea:&nbsp;<\/strong>Show de Amanda Linhares e Banda<\/p>\n\n\n\n<p><strong>Onde:<\/strong>&nbsp;Instituto Internacional Juarez Machado &#8211;&nbsp;Rua Lages, 994 &#8211; Am\u00e9rica, Joinville \u2013 SC<\/p>\n\n\n\n<p><strong>Quando:&nbsp;<\/strong>10 de maio &#8211; s\u00e1bado<\/p>\n\n\n\n<p><strong>Quanto:<\/strong>&nbsp;R$35,00 primeiro lote e 45,00 &nbsp;Ingresso Show Amanda linhares + Acesso ao Museu Juarez Machado (Obras e exposi\u00e7\u00e3o) 1\u00b0 Lote<\/p>\n\n\n\n<p><strong>Link compra de ingressos:&nbsp;<\/strong><a href=\"https:\/\/shotgun.live\/pt-br\/events\/show-amanda-linhares\" target=\"_blank\" rel=\"noreferrer noopener\"><strong>https:\/\/shotgun.live\/pt-br\/events\/show-amanda-linhares<\/strong><\/a><strong><\/strong><\/p>\n\n\n\n<p><strong>INFORMA\u00c7\u00d5ES&nbsp;<\/strong><\/p>\n\n\n\n<p><strong>Amanda Linhares \u2013 cantora e compositora&nbsp;<\/strong><\/p>\n\n\n\n<p><strong>Telefone:<\/strong>&nbsp;<a href=\"tel:47%20999170065\" target=\"_blank\" rel=\"noreferrer noopener\">47 999170065<\/a><\/p>\n\n\n\n<p><strong>Telefone:&nbsp;<\/strong><a href=\"tel:47%209999-5548\" target=\"_blank\" rel=\"noreferrer noopener\">47 9999-5548<\/a>&nbsp;Vitor Busarello &#8211; produtor&nbsp;<\/p>\n\n\n\n<p><strong>Instagram:&nbsp;<\/strong>@amandalinharesm&nbsp;<\/p>\n\n\n\n<p><strong>E-mail:<\/strong>&nbsp;<a href=\"mailto:amandalinharesm2@gmail.com\" target=\"_blank\" rel=\"noreferrer noopener\">amandalinharesm2@gmail.com<\/a><\/p>\n\n\n\n<p><strong>Dom Comunica &#8211; assessoria de comunica\u00e7\u00e3o<\/strong><\/p>\n\n\n\n<p><strong>Telefone:&nbsp;<\/strong><a href=\"tel:47%2099612%203517\" target=\"_blank\" rel=\"noreferrer noopener\">47 99612 3517<\/a><\/p>\n\n\n\n<p><strong>E-mail:<\/strong>&nbsp;<a href=\"mailto:rodrigo@domcomunica.com.br\" target=\"_blank\" rel=\"noreferrer noopener\">rodrigo@domcomunica.com.br<\/a>&nbsp;<a href=\"mailto:rodrigocomunica@hotmail.com\" target=\"_blank\" rel=\"noreferrer noopener\">rodrigocomunica@hotmail.com<\/a><\/p>\n\n\n\n<p><strong>Instagram:<\/strong>&nbsp;@domcomunica<\/p>\n\n\n\n<p><\/p>\n\n\n\n<figure class=\"wp-block-image size-large\"><img width=\"1024\" height=\"682\" src=\"https:\/\/vimagazine.com.br\/wp-content\/uploads\/2025\/04\/9B30797B-1ACE-44CF-95BE-C6D34FE28512-1024x682.jpeg\" alt=\"\" class=\"wp-image-18345\" srcset=\"https:\/\/vimagazine.com.br\/wp-content\/uploads\/2025\/04\/9B30797B-1ACE-44CF-95BE-C6D34FE28512-1024x682.jpeg 1024w, https:\/\/vimagazine.com.br\/wp-content\/uploads\/2025\/04\/9B30797B-1ACE-44CF-95BE-C6D34FE28512-300x200.jpeg 300w, https:\/\/vimagazine.com.br\/wp-content\/uploads\/2025\/04\/9B30797B-1ACE-44CF-95BE-C6D34FE28512-768x512.jpeg 768w, https:\/\/vimagazine.com.br\/wp-content\/uploads\/2025\/04\/9B30797B-1ACE-44CF-95BE-C6D34FE28512.jpeg 1280w\" sizes=\"(max-width: 1024px) 100vw, 1024px\" \/><\/figure>\n","protected":false},"excerpt":{"rendered":"<p>Ap\u00f3s show na capital catarinense, no in\u00edcio do m\u00eas de abril, com banda completa e&#8230;<\/p>\n","protected":false},"author":3,"featured_media":18342,"comment_status":"closed","ping_status":"open","sticky":false,"template":"","format":"standard","meta":{"om_disable_all_campaigns":false,"_monsterinsights_skip_tracking":false,"_monsterinsights_sitenote_active":false,"_monsterinsights_sitenote_note":"","_monsterinsights_sitenote_category":0,"spay_email":""},"categories":[1],"tags":[],"jetpack_featured_media_url":"https:\/\/vimagazine.com.br\/wp-content\/uploads\/2025\/04\/8089CCA2-3675-46DE-8096-63EA28F3A940-e1745095615313.jpeg","_links":{"self":[{"href":"https:\/\/vimagazine.com.br\/index.php?rest_route=\/wp\/v2\/posts\/18341"}],"collection":[{"href":"https:\/\/vimagazine.com.br\/index.php?rest_route=\/wp\/v2\/posts"}],"about":[{"href":"https:\/\/vimagazine.com.br\/index.php?rest_route=\/wp\/v2\/types\/post"}],"author":[{"embeddable":true,"href":"https:\/\/vimagazine.com.br\/index.php?rest_route=\/wp\/v2\/users\/3"}],"replies":[{"embeddable":true,"href":"https:\/\/vimagazine.com.br\/index.php?rest_route=%2Fwp%2Fv2%2Fcomments&post=18341"}],"version-history":[{"count":1,"href":"https:\/\/vimagazine.com.br\/index.php?rest_route=\/wp\/v2\/posts\/18341\/revisions"}],"predecessor-version":[{"id":18346,"href":"https:\/\/vimagazine.com.br\/index.php?rest_route=\/wp\/v2\/posts\/18341\/revisions\/18346"}],"wp:featuredmedia":[{"embeddable":true,"href":"https:\/\/vimagazine.com.br\/index.php?rest_route=\/wp\/v2\/media\/18342"}],"wp:attachment":[{"href":"https:\/\/vimagazine.com.br\/index.php?rest_route=%2Fwp%2Fv2%2Fmedia&parent=18341"}],"wp:term":[{"taxonomy":"category","embeddable":true,"href":"https:\/\/vimagazine.com.br\/index.php?rest_route=%2Fwp%2Fv2%2Fcategories&post=18341"},{"taxonomy":"post_tag","embeddable":true,"href":"https:\/\/vimagazine.com.br\/index.php?rest_route=%2Fwp%2Fv2%2Ftags&post=18341"}],"curies":[{"name":"wp","href":"https:\/\/api.w.org\/{rel}","templated":true}]}}