{"id":18375,"date":"2025-04-22T13:10:34","date_gmt":"2025-04-22T16:10:34","guid":{"rendered":"https:\/\/vimagazine.com.br\/?p=18375"},"modified":"2025-04-22T13:10:36","modified_gmt":"2025-04-22T16:10:36","slug":"no-dia-do-livro-instituto-caminho-de-davi-aposta-na-imaginacao-como-chave-para-a-alfabetizacao","status":"publish","type":"post","link":"https:\/\/vimagazine.com.br\/?p=18375","title":{"rendered":"No Dia do Livro, Instituto Caminho de Davi aposta na imagina\u00e7\u00e3o como chave para a alfabetiza\u00e7\u00e3o"},"content":{"rendered":"\n<p><\/p>\n\n\n\n<p><\/p>\n\n\n\n<p class=\"has-text-align-center has-medium-font-size\"><em><strong>Por meio de media\u00e7\u00f5es de leitura e conta\u00e7\u00e3o de hist\u00f3rias, a institui\u00e7\u00e3o mostra como a fantasia e o encantamento podem acelerar o processo de aprendizagem<\/strong><\/em><\/p>\n\n\n\n<p><\/p>\n\n\n\n<p>Neste Dia Mundial do Livro, celebrado em 23 de abril, o Instituto Caminho de Davi, entidade sem fins lucrativos que j\u00e1 atendeu mais de 3 mil crian\u00e7as de 11 escolas p\u00fablicas da Regi\u00e3o Metropolitana de Curitiba, refor\u00e7a que alfabetizar \u00e9 muito mais do que ensinar a ler, \u00e9 abrir portas para o encantamento, a autonomia e o v\u00ednculo com o outro. Por isso, a organiza\u00e7\u00e3o aposta em uma alfabetiza\u00e7\u00e3o com imagina\u00e7\u00e3o, onde a leitura surge como experi\u00eancia afetiva e l\u00fadica, capaz de transformar vidas.<\/p>\n\n\n\n<p>Por meio de media\u00e7\u00e3o e conta\u00e7\u00e3o de hist\u00f3rias, conduzidas por mediadoras experientes, o Instituto promove um ambiente seguro e acolhedor dentro das escolas, onde as crian\u00e7as n\u00e3o apenas aprendem a decodificar palavras, mas tamb\u00e9m desenvolvem empatia, autoestima e habilidades sociais. Livros infantis s\u00e3o apresentados de forma criativa, com vozes, gestos, m\u00fasica e liberdade para imaginar e recontar hist\u00f3rias. O objetivo \u00e9 formar leitores ativos, conscientes e encantados desde os primeiros passos da alfabetiza\u00e7\u00e3o.<\/p>\n\n\n\n<p>\u201cA crian\u00e7a que se encanta com a leitura aprende com mais leveza. Quando ela participa, comenta, cria e compartilha suas ideias com os colegas, n\u00e3o est\u00e1 s\u00f3 aprendendo a ler, como tamb\u00e9m se descobrindo como sujeito no mundo\u201d, explica Patr\u00edcia Walger, fundadora do Instituto Caminho de Davi e especialista em alfabetiza\u00e7\u00e3o com mais de 30 anos de atua\u00e7\u00e3o no ensino fundamental 1.<\/p>\n\n\n\n<p>A necessidade de iniciativas como essa se torna ainda mais evidente diante dos dados da 6\u00aa edi\u00e7\u00e3o da pesquisa Retratos da Leitura no Brasil (2024). O estudo revelou que 53% dos brasileiros n\u00e3o leram sequer parte de um livro nos tr\u00eas meses anteriores \u00e0 pesquisa, e que o pa\u00eds perdeu quase 7 milh\u00f5es de leitores nos \u00faltimos quatro anos. Pela primeira vez na s\u00e9rie hist\u00f3rica, a propor\u00e7\u00e3o de n\u00e3o leitores superou a de leitores, um sinal de alerta para o futuro da educa\u00e7\u00e3o e da forma\u00e7\u00e3o cidad\u00e3 no Brasil.<\/p>\n\n\n\n<p>A pesquisa mostra ainda que a leitura motivada pelo gosto cai drasticamente a partir da adolesc\u00eancia, e que o espa\u00e7o escolar vem deixando de ser ambiente estimulador da leitura: apenas 19% dos entrevistados mencionaram a sala de aula como local onde costumam ler livros, o menor \u00edndice j\u00e1 registrado.<\/p>\n\n\n\n<p>\u201cO livro tamb\u00e9m acolhe. Quando a crian\u00e7a l\u00ea uma hist\u00f3ria e percebe que outros personagens sentem medo, alegria ou saudade como ela, isso fortalece seu repert\u00f3rio emocional e social. \u00c9 um aprendizado que vai al\u00e9m da sala de aula\u201d, complementa Patr\u00edcia.<\/p>\n\n\n\n<p>Neste Dia do Livro, o Instituto Caminho de Davi refor\u00e7a seu compromisso com uma alfabetiza\u00e7\u00e3o que respeita o tempo da inf\u00e2ncia, valoriza o brincar e reconhece a leitura como ponte para o desenvolvimento integral \u2014 intelectual, emocional e social.<\/p>\n\n\n\n<figure class=\"wp-block-image size-large\"><img width=\"1024\" height=\"720\" src=\"https:\/\/vimagazine.com.br\/wp-content\/uploads\/2025\/04\/Instituto-Caminho-de-Davi-2-1024x720.jpg\" alt=\"\" class=\"wp-image-18377\" srcset=\"https:\/\/vimagazine.com.br\/wp-content\/uploads\/2025\/04\/Instituto-Caminho-de-Davi-2-1024x720.jpg 1024w, https:\/\/vimagazine.com.br\/wp-content\/uploads\/2025\/04\/Instituto-Caminho-de-Davi-2-300x211.jpg 300w, https:\/\/vimagazine.com.br\/wp-content\/uploads\/2025\/04\/Instituto-Caminho-de-Davi-2-768x540.jpg 768w, https:\/\/vimagazine.com.br\/wp-content\/uploads\/2025\/04\/Instituto-Caminho-de-Davi-2-1536x1080.jpg 1536w, https:\/\/vimagazine.com.br\/wp-content\/uploads\/2025\/04\/Instituto-Caminho-de-Davi-2.jpg 1600w\" sizes=\"(max-width: 1024px) 100vw, 1024px\" \/><\/figure>\n\n\n\n<p><\/p>\n\n\n\n<p><strong>Sobre Instituto Caminho de Davi &#8211;<\/strong>\u00a0Iniciativa que nasceu da paix\u00e3o pelo ensino e o processo de alfabetiza\u00e7\u00e3o por meio da leitura da professora Patr\u00edcia Walger, diretora do instituto. O desafio de alfabetizar o menino de nome Davi, deu origem ao projeto em 2022, que at\u00e9 hoje alcan\u00e7ou cerca de 3 mil alunos da rede p\u00fablica de ensino de escolas da Regi\u00e3o Metropolitana de Curitiba. Mais informa\u00e7\u00f5es sobre o instituto no site\u00a0<a href=\"https:\/\/caminhodedavi.com.br\/\" target=\"_blank\" rel=\"noreferrer noopener\">https:\/\/caminhodedavi.com.br\/<\/a>.<\/p>\n\n\n\n<p><\/p>\n\n\n\n<p><\/p>\n","protected":false},"excerpt":{"rendered":"<p>Por meio de media\u00e7\u00f5es de leitura e conta\u00e7\u00e3o de hist\u00f3rias, a institui\u00e7\u00e3o mostra como a&#8230;<\/p>\n","protected":false},"author":1,"featured_media":18378,"comment_status":"closed","ping_status":"open","sticky":false,"template":"","format":"standard","meta":{"om_disable_all_campaigns":false,"_monsterinsights_skip_tracking":false,"_monsterinsights_sitenote_active":false,"_monsterinsights_sitenote_note":"","_monsterinsights_sitenote_category":0,"spay_email":""},"categories":[1],"tags":[],"jetpack_featured_media_url":"https:\/\/vimagazine.com.br\/wp-content\/uploads\/2025\/04\/Instituto-Caminho-de-Davi.jpg","_links":{"self":[{"href":"https:\/\/vimagazine.com.br\/index.php?rest_route=\/wp\/v2\/posts\/18375"}],"collection":[{"href":"https:\/\/vimagazine.com.br\/index.php?rest_route=\/wp\/v2\/posts"}],"about":[{"href":"https:\/\/vimagazine.com.br\/index.php?rest_route=\/wp\/v2\/types\/post"}],"author":[{"embeddable":true,"href":"https:\/\/vimagazine.com.br\/index.php?rest_route=\/wp\/v2\/users\/1"}],"replies":[{"embeddable":true,"href":"https:\/\/vimagazine.com.br\/index.php?rest_route=%2Fwp%2Fv2%2Fcomments&post=18375"}],"version-history":[{"count":1,"href":"https:\/\/vimagazine.com.br\/index.php?rest_route=\/wp\/v2\/posts\/18375\/revisions"}],"predecessor-version":[{"id":18379,"href":"https:\/\/vimagazine.com.br\/index.php?rest_route=\/wp\/v2\/posts\/18375\/revisions\/18379"}],"wp:featuredmedia":[{"embeddable":true,"href":"https:\/\/vimagazine.com.br\/index.php?rest_route=\/wp\/v2\/media\/18378"}],"wp:attachment":[{"href":"https:\/\/vimagazine.com.br\/index.php?rest_route=%2Fwp%2Fv2%2Fmedia&parent=18375"}],"wp:term":[{"taxonomy":"category","embeddable":true,"href":"https:\/\/vimagazine.com.br\/index.php?rest_route=%2Fwp%2Fv2%2Fcategories&post=18375"},{"taxonomy":"post_tag","embeddable":true,"href":"https:\/\/vimagazine.com.br\/index.php?rest_route=%2Fwp%2Fv2%2Ftags&post=18375"}],"curies":[{"name":"wp","href":"https:\/\/api.w.org\/{rel}","templated":true}]}}