{"id":18381,"date":"2025-04-22T15:45:36","date_gmt":"2025-04-22T18:45:36","guid":{"rendered":"https:\/\/vimagazine.com.br\/?p=18381"},"modified":"2025-04-22T16:39:29","modified_gmt":"2025-04-22T19:39:29","slug":"spa-maria-bonita-itacare-tradicao-cuidado-e-saude-integrativa-no-coracao-da-natureza-baiana","status":"publish","type":"post","link":"https:\/\/vimagazine.com.br\/?p=18381","title":{"rendered":"Spa Maria Bonita Itacar\u00e9 &#8211; Tradi\u00e7\u00e3o, cuidado e sa\u00fade integrativa no cora\u00e7\u00e3o da natureza baiana"},"content":{"rendered":"\n<p>Fundado em 1992 pela atriz T\u00e2nia Alves e pelo educador f\u00edsico Tadeu Viscardi, o Spa Maria Bonita conquistou, ao longo das d\u00e9cadas, reconhecimento nacional e internacional por seus programas dedicados ao equil\u00edbrio f\u00edsico, emocional e energ\u00e9tico.<\/p>\n\n\n\n<p>Em mar\u00e7o de 2025, o spa iniciou uma nova fase ao firmar parceria com o Resende Imperial Hotel &amp; Spa, em Itacar\u00e9 (BA), expandindo sua atua\u00e7\u00e3o para um dos destinos mais encantadores do Brasil, cercado pela Mata Atl\u00e2ntica e pelo mar. Essa uni\u00e3o marcou o in\u00edcio de uma experi\u00eancia ainda mais completa e transformadora.<\/p>\n\n\n\n<figure class=\"wp-container-2 wp-block-gallery-1 wp-block-gallery has-nested-images columns-default is-cropped\">\n<figure class=\"wp-block-image size-large\"><img width=\"1280\" height=\"1920\" data-id=\"18400\"  src=\"https:\/\/vimagazine.com.br\/wp-content\/uploads\/2025\/04\/IMG_4043.jpg\" alt=\"\" class=\"wp-image-18400\" srcset=\"https:\/\/vimagazine.com.br\/wp-content\/uploads\/2025\/04\/IMG_4043.jpg 1280w, https:\/\/vimagazine.com.br\/wp-content\/uploads\/2025\/04\/IMG_4043-200x300.jpg 200w, https:\/\/vimagazine.com.br\/wp-content\/uploads\/2025\/04\/IMG_4043-683x1024.jpg 683w, https:\/\/vimagazine.com.br\/wp-content\/uploads\/2025\/04\/IMG_4043-768x1152.jpg 768w, https:\/\/vimagazine.com.br\/wp-content\/uploads\/2025\/04\/IMG_4043-1024x1536.jpg 1024w\" sizes=\"(max-width: 1280px) 100vw, 1280px\" \/><figcaption>Foto: Jo\u00e3o Guilger <\/figcaption><\/figure>\n\n\n\n<figure class=\"wp-block-image size-large\"><img width=\"1920\" height=\"1280\" data-id=\"18399\"  src=\"https:\/\/vimagazine.com.br\/wp-content\/uploads\/2025\/04\/IMG_4044.jpg\" alt=\"\" class=\"wp-image-18399\" srcset=\"https:\/\/vimagazine.com.br\/wp-content\/uploads\/2025\/04\/IMG_4044.jpg 1920w, https:\/\/vimagazine.com.br\/wp-content\/uploads\/2025\/04\/IMG_4044-300x200.jpg 300w, https:\/\/vimagazine.com.br\/wp-content\/uploads\/2025\/04\/IMG_4044-1024x683.jpg 1024w, https:\/\/vimagazine.com.br\/wp-content\/uploads\/2025\/04\/IMG_4044-768x512.jpg 768w, https:\/\/vimagazine.com.br\/wp-content\/uploads\/2025\/04\/IMG_4044-1536x1024.jpg 1536w\" sizes=\"(max-width: 1920px) 100vw, 1920px\" \/><figcaption>Foto: Jo\u00e3o Guilger <\/figcaption><\/figure>\n<\/figure>\n\n\n\n<p>Sob a coordena\u00e7\u00e3o do naturopata Adoilto Chaves, criador do m\u00e9todo Super Detox, foram desenvolvidos tr\u00eas programas exclusivos de imers\u00e3o, com dura\u00e7\u00e3o de uma semana (domingo a domingo), voltados ao bem-estar integral:<\/p>\n\n\n\n<p><strong>\u2022 Spa Emagrecimento<\/strong><br>Focado na perda de peso sustent\u00e1vel e na mudan\u00e7a de h\u00e1bitos, esse programa re\u00fane acompanhamento nutricional, bioimped\u00e2ncia, atividades f\u00edsicas di\u00e1rias e palestras sobre reeduca\u00e7\u00e3o alimentar. Uma oportunidade de aprender a cuidar do corpo com consci\u00eancia e leveza.<\/p>\n\n\n\n<p><strong>\u2022 Spa Relaxamento<\/strong><strong><br><\/strong>Ideal para quem busca desacelerar e reconectar-se consigo mesmo. As pr\u00e1ticas incluem medita\u00e7\u00e3o, yoga, caminhadas guiadas e massagens relaxantes que ajudam a restaurar a vitalidade e acalmar a mente.<\/p>\n\n\n\n<figure class=\"wp-block-image aligncenter size-large is-resized\"><img src=\"https:\/\/vimagazine.com.br\/wp-content\/uploads\/2025\/04\/WhatsApp-Image-2025-04-22-at-14.50.53-1024x768.jpeg\" alt=\"\" class=\"wp-image-18384\" width=\"749\" height=\"562\" srcset=\"https:\/\/vimagazine.com.br\/wp-content\/uploads\/2025\/04\/WhatsApp-Image-2025-04-22-at-14.50.53-1024x768.jpeg 1024w, https:\/\/vimagazine.com.br\/wp-content\/uploads\/2025\/04\/WhatsApp-Image-2025-04-22-at-14.50.53-300x225.jpeg 300w, https:\/\/vimagazine.com.br\/wp-content\/uploads\/2025\/04\/WhatsApp-Image-2025-04-22-at-14.50.53-768x576.jpeg 768w, https:\/\/vimagazine.com.br\/wp-content\/uploads\/2025\/04\/WhatsApp-Image-2025-04-22-at-14.50.53-1536x1152.jpeg 1536w, https:\/\/vimagazine.com.br\/wp-content\/uploads\/2025\/04\/WhatsApp-Image-2025-04-22-at-14.50.53.jpeg 1600w\" sizes=\"(max-width: 749px) 100vw, 749px\" \/><figcaption>Professora de Yoga Jaqueline Santos Toledo &#8211; Foto Divulga\u00e7\u00e3o<\/figcaption><\/figure>\n\n\n\n<p><strong>\u2022 Spa Super Detox<\/strong><strong><br><\/strong>Um verdadeiro mergulho de purifica\u00e7\u00e3o e regenera\u00e7\u00e3o, com protocolo intensivo de desintoxica\u00e7\u00e3o org\u00e2nica. O programa inclui ozonioterapia, Foot Detox (desintoxica\u00e7\u00e3o i\u00f4nica), enemas terap\u00eauticos, an\u00e1lise energ\u00e9tica com os aparelhos Quantum AQRM e Bioplasm, al\u00e9m de alimenta\u00e7\u00e3o alcalina e org\u00e2nica (com 70% dos alimentos produzidos localmente).<\/p>\n\n\n\n<p>Outros recursos como pr\u00e1ticas respirat\u00f3rias, banhos terap\u00eauticos, medita\u00e7\u00f5es e palestras sobre funcionamento corporal e culin\u00e1ria saud\u00e1vel complementam a experi\u00eancia. Tudo isso \u00e9 acompanhado por avalia\u00e7\u00f5es nutricionais e corporais antes e depois da imers\u00e3o, para que cada pessoa perceba sua pr\u00f3pria transforma\u00e7\u00e3o.<\/p>\n\n\n\n<figure class=\"wp-block-image size-large\"><img width=\"1024\" height=\"683\" src=\"https:\/\/vimagazine.com.br\/wp-content\/uploads\/2025\/04\/IMG_3834-1024x683.jpeg\" alt=\"\" class=\"wp-image-18395\" srcset=\"https:\/\/vimagazine.com.br\/wp-content\/uploads\/2025\/04\/IMG_3834-1024x683.jpeg 1024w, https:\/\/vimagazine.com.br\/wp-content\/uploads\/2025\/04\/IMG_3834-300x200.jpeg 300w, https:\/\/vimagazine.com.br\/wp-content\/uploads\/2025\/04\/IMG_3834-768x512.jpeg 768w, https:\/\/vimagazine.com.br\/wp-content\/uploads\/2025\/04\/IMG_3834-1536x1024.jpeg 1536w, https:\/\/vimagazine.com.br\/wp-content\/uploads\/2025\/04\/IMG_3834.jpeg 1920w\" sizes=\"(max-width: 1024px) 100vw, 1024px\" \/><figcaption>Suco Verde  &#8211; Foto: Thamylles Amaral<\/figcaption><\/figure>\n\n\n\n<p><strong>Hospedagem e Alimenta\u00e7\u00e3o Funcional<\/strong><br>O Resende Imperial Hotel &amp; Spa oferece uma estrutura encantadora: su\u00edtes com hidromassagem, varanda privativa com vista para a Mata Atl\u00e2ntica e todo o conforto necess\u00e1rio para uma imers\u00e3o verdadeira na natureza.<\/p>\n\n\n\n<p>As refei\u00e7\u00f5es seguem card\u00e1pios funcionais, saborosos e cuidadosamente elaborados pela nutricionista Lorena Magalh\u00e3es, com foco em sa\u00fade, equil\u00edbrio e prazer ao comer.<\/p>\n\n\n\n<p>Entre as atividades do dia a dia, est\u00e3o a gin\u00e1stica funcional, as pr\u00e1ticas de medita\u00e7\u00e3o e yoga. A equipe do spa foi ainda mais fortalecida com a chegada da professora Jaqueline Toledo dos Santos, educadora f\u00edsica h\u00e1 30 anos e professora de yoga com duas d\u00e9cadas de experi\u00eancia. Jaqueline se especializou em yoga Ashtanga e medita\u00e7\u00e3o em Bali (Ubur Yogi Center), trazendo uma presen\u00e7a inspiradora e acolhedora a cada pr\u00e1tica.<\/p>\n\n\n\n<p><strong>Um time que cuida de voc\u00ea com alma e prop\u00f3sito<\/strong><\/p>\n\n\n\n<figure class=\"wp-block-image aligncenter size-large\"><img width=\"683\" height=\"1024\" src=\"https:\/\/vimagazine.com.br\/wp-content\/uploads\/2025\/04\/IMG_0428-683x1024.jpg\" alt=\"\" class=\"wp-image-18390\" srcset=\"https:\/\/vimagazine.com.br\/wp-content\/uploads\/2025\/04\/IMG_0428-683x1024.jpg 683w, https:\/\/vimagazine.com.br\/wp-content\/uploads\/2025\/04\/IMG_0428-200x300.jpg 200w, https:\/\/vimagazine.com.br\/wp-content\/uploads\/2025\/04\/IMG_0428-768x1152.jpg 768w, https:\/\/vimagazine.com.br\/wp-content\/uploads\/2025\/04\/IMG_0428-1024x1536.jpg 1024w, https:\/\/vimagazine.com.br\/wp-content\/uploads\/2025\/04\/IMG_0428.jpg 1280w\" sizes=\"(max-width: 683px) 100vw, 683px\" \/><figcaption>Adoilto Chaves  &#8211; Foto: Thamylles Amaral<\/figcaption><\/figure>\n\n\n\n<p><strong>Adoilto Chaves \u2013 Naturopata e criador do m\u00e9todo Super Detox<\/strong><strong><br><\/strong>Com viv\u00eancia internacional e profundo conhecimento em sa\u00fade integrativa, Adoilto combina tecnologias avan\u00e7adas com saberes ancestrais para promover uma desintoxica\u00e7\u00e3o profunda e verdadeira reconex\u00e3o com o corpo e a alma.<\/p>\n\n\n\n<p><em>\u201cIntegrar ci\u00eancia, espiritualidade e terapias naturais \u00e9 essencial para uma verdadeira transforma\u00e7\u00e3o.\u201d<\/em><\/p>\n\n\n\n<figure class=\"wp-block-image aligncenter size-large\"><img width=\"683\" height=\"1024\" src=\"https:\/\/vimagazine.com.br\/wp-content\/uploads\/2025\/04\/IMG_0402-683x1024.jpg\" alt=\"\" class=\"wp-image-18387\" srcset=\"https:\/\/vimagazine.com.br\/wp-content\/uploads\/2025\/04\/IMG_0402-683x1024.jpg 683w, https:\/\/vimagazine.com.br\/wp-content\/uploads\/2025\/04\/IMG_0402-200x300.jpg 200w, https:\/\/vimagazine.com.br\/wp-content\/uploads\/2025\/04\/IMG_0402-768x1152.jpg 768w, https:\/\/vimagazine.com.br\/wp-content\/uploads\/2025\/04\/IMG_0402-1024x1536.jpg 1024w, https:\/\/vimagazine.com.br\/wp-content\/uploads\/2025\/04\/IMG_0402.jpg 1280w\" sizes=\"(max-width: 683px) 100vw, 683px\" \/><figcaption>Pablo Almeida &#8211; \nFoto: Thamylles Amaral<\/figcaption><\/figure>\n\n\n\n<p><strong>Pablo Almeida \u2013 Fisioterapeuta e terapeuta manual<\/strong><strong><br><\/strong>Com mais de seis anos de atua\u00e7\u00e3o em terapias manuais, massoterapia desportiva, terap\u00eautica e dry needling, Pablo une t\u00e9cnica, presen\u00e7a e sensibilidade em cada atendimento.<\/p>\n\n\n\n<p><em>\u201cA fus\u00e3o entre duas marcas \u2013 Maria Bonita Itacar\u00e9 e Resende Imperial \u2013 que prezam o cuidado ao pr\u00f3ximo, nos posiciona no caminho certo. Hoje vivo com prop\u00f3sito, ajudando pessoas a cuidarem do bem mais precioso: a vida e a sa\u00fade.\u201d<\/em><\/p>\n\n\n\n<figure class=\"wp-block-image aligncenter size-large\"><img width=\"683\" height=\"1024\" src=\"https:\/\/vimagazine.com.br\/wp-content\/uploads\/2025\/04\/IMG_3777-683x1024.jpeg\" alt=\"\" class=\"wp-image-18389\" srcset=\"https:\/\/vimagazine.com.br\/wp-content\/uploads\/2025\/04\/IMG_3777-683x1024.jpeg 683w, https:\/\/vimagazine.com.br\/wp-content\/uploads\/2025\/04\/IMG_3777-200x300.jpeg 200w, https:\/\/vimagazine.com.br\/wp-content\/uploads\/2025\/04\/IMG_3777-768x1152.jpeg 768w, https:\/\/vimagazine.com.br\/wp-content\/uploads\/2025\/04\/IMG_3777-1024x1536.jpeg 1024w, https:\/\/vimagazine.com.br\/wp-content\/uploads\/2025\/04\/IMG_3777.jpeg 1280w\" sizes=\"(max-width: 683px) 100vw, 683px\" \/><figcaption>Tatielle de Jesus Reis  &#8211; Foto: Thamylles Amaral<\/figcaption><\/figure>\n\n\n\n<p><strong>Tatielle de Jesus Reis \u2013 Terapeuta integrativa e ayurv\u00e9dica<\/strong><strong><br><\/strong>Tatielle re\u00fane mais de 11 anos de experi\u00eancia e forma\u00e7\u00f5es que v\u00e3o da gest\u00e3o de pessoas \u00e0 auriculoterapia neurofisiol\u00f3gica, reflexologia e massagens ayurv\u00e9dicas. Seu atendimento \u00e9 sempre atento e personalizado.<\/p>\n\n\n\n<p><em>\u201cAtrav\u00e9s de uma avalia\u00e7\u00e3o cuidadosa, combino t\u00e9cnicas que promovem equil\u00edbrio, al\u00edvio de dores e bem-estar emocional. Cada tratamento \u00e9 \u00fanico, assim como cada pessoa.\u201d<\/em><\/p>\n\n\n\n<figure class=\"wp-block-image aligncenter size-large\"><img width=\"683\" height=\"1024\" src=\"https:\/\/vimagazine.com.br\/wp-content\/uploads\/2025\/04\/IMG_3775-683x1024.jpeg\" alt=\"\" class=\"wp-image-18392\" srcset=\"https:\/\/vimagazine.com.br\/wp-content\/uploads\/2025\/04\/IMG_3775-683x1024.jpeg 683w, https:\/\/vimagazine.com.br\/wp-content\/uploads\/2025\/04\/IMG_3775-200x300.jpeg 200w, https:\/\/vimagazine.com.br\/wp-content\/uploads\/2025\/04\/IMG_3775-768x1152.jpeg 768w, https:\/\/vimagazine.com.br\/wp-content\/uploads\/2025\/04\/IMG_3775-1024x1536.jpeg 1024w, https:\/\/vimagazine.com.br\/wp-content\/uploads\/2025\/04\/IMG_3775.jpeg 1280w\" sizes=\"(max-width: 683px) 100vw, 683px\" \/><figcaption>Gisele Drebes  &#8211; Foto: Thamylles Amaral<\/figcaption><\/figure>\n\n\n\n<p><strong>Gisele Drebes \u2013 Reiki e Cura da Crian\u00e7a Interior<br><\/strong>Gisele atua com diferentes linhagens de Reiki (Usui, Kahuna, Nyorai e Xam\u00e2nico Estelar), terapias de toque e processos profundos de reconex\u00e3o com a crian\u00e7a interior.<\/p>\n\n\n\n<p><em>\u201cA verdadeira cura acontece quando h\u00e1 alinhamento entre corpo, mente, emo\u00e7\u00e3o e esp\u00edrito. Crio um espa\u00e7o seguro onde cada pessoa pode se reconectar com seu poder de autocura.\u201d<\/em><\/p>\n\n\n\n<figure class=\"wp-block-image aligncenter size-large\"><img width=\"683\" height=\"1024\" src=\"https:\/\/vimagazine.com.br\/wp-content\/uploads\/2025\/04\/IMG_3773-683x1024.jpeg\" alt=\"\" class=\"wp-image-18393\" srcset=\"https:\/\/vimagazine.com.br\/wp-content\/uploads\/2025\/04\/IMG_3773-683x1024.jpeg 683w, https:\/\/vimagazine.com.br\/wp-content\/uploads\/2025\/04\/IMG_3773-200x300.jpeg 200w, https:\/\/vimagazine.com.br\/wp-content\/uploads\/2025\/04\/IMG_3773-768x1152.jpeg 768w, https:\/\/vimagazine.com.br\/wp-content\/uploads\/2025\/04\/IMG_3773-1024x1536.jpeg 1024w, https:\/\/vimagazine.com.br\/wp-content\/uploads\/2025\/04\/IMG_3773.jpeg 1280w\" sizes=\"(max-width: 683px) 100vw, 683px\" \/><figcaption>Lorena Magalh\u00e3es  &#8211; Foto: Thamylles Amaral<\/figcaption><\/figure>\n\n\n\n<p><strong>Lorena Magalh\u00e3es \u2013 Nutri\u00e7\u00e3o funcional e detox<\/strong><strong><br><\/strong>Com experi\u00eancia cl\u00ednica e atua\u00e7\u00e3o em sa\u00fade p\u00fablica, Lorena \u00e9 respons\u00e1vel pela cria\u00e7\u00e3o dos card\u00e1pios funcionais e dos protocolos nutricionais dos programas. Sua abordagem \u00e9 gentil, consciente e sem radicalismos.<\/p>\n\n\n\n<p><em>\u201cO spa \u00e9 o in\u00edcio de um novo olhar para a alimenta\u00e7\u00e3o. Mais do que emagrecer, aqui buscamos qualidade de vida e bem-estar duradouros.\u201d<\/em><\/p>\n\n\n\n<p>Com uma infraestrutura de excel\u00eancia, programas cuidadosamente planejados e uma equipe apaixonada pelo que faz, o Spa Maria Bonita Itacar\u00e9 \u00e9 um convite \u00e0 transforma\u00e7\u00e3o. Um espa\u00e7o onde corpo, mente e esp\u00edrito se alinham em harmonia com a natureza, e cada detalhe \u00e9 pensado para acolher, inspirar e cuidar de voc\u00ea.<br><\/p>\n\n\n\n<figure class=\"wp-container-4 wp-block-gallery-3 wp-block-gallery has-nested-images columns-default is-cropped\">\n<figure class=\"wp-block-image size-large\"><img width=\"1280\" height=\"1920\" data-id=\"18398\"  src=\"https:\/\/vimagazine.com.br\/wp-content\/uploads\/2025\/04\/IMG_3831.jpg\" alt=\"\" class=\"wp-image-18398\" srcset=\"https:\/\/vimagazine.com.br\/wp-content\/uploads\/2025\/04\/IMG_3831.jpg 1280w, https:\/\/vimagazine.com.br\/wp-content\/uploads\/2025\/04\/IMG_3831-200x300.jpg 200w, https:\/\/vimagazine.com.br\/wp-content\/uploads\/2025\/04\/IMG_3831-683x1024.jpg 683w, https:\/\/vimagazine.com.br\/wp-content\/uploads\/2025\/04\/IMG_3831-768x1152.jpg 768w, https:\/\/vimagazine.com.br\/wp-content\/uploads\/2025\/04\/IMG_3831-1024x1536.jpg 1024w\" sizes=\"(max-width: 1280px) 100vw, 1280px\" \/><figcaption>Foto: Jo\u00e3o Guilger <\/figcaption><\/figure>\n\n\n\n<figure class=\"wp-block-image size-large\"><img width=\"1280\" height=\"1920\" data-id=\"18397\"  src=\"https:\/\/vimagazine.com.br\/wp-content\/uploads\/2025\/04\/IMG_3830.jpg\" alt=\"\" class=\"wp-image-18397\" srcset=\"https:\/\/vimagazine.com.br\/wp-content\/uploads\/2025\/04\/IMG_3830.jpg 1280w, https:\/\/vimagazine.com.br\/wp-content\/uploads\/2025\/04\/IMG_3830-200x300.jpg 200w, https:\/\/vimagazine.com.br\/wp-content\/uploads\/2025\/04\/IMG_3830-683x1024.jpg 683w, https:\/\/vimagazine.com.br\/wp-content\/uploads\/2025\/04\/IMG_3830-768x1152.jpg 768w, https:\/\/vimagazine.com.br\/wp-content\/uploads\/2025\/04\/IMG_3830-1024x1536.jpg 1024w\" sizes=\"(max-width: 1280px) 100vw, 1280px\" \/><figcaption>Foto: Jo\u00e3o Guilger <\/figcaption><\/figure>\n<\/figure>\n\n\n\n<p><strong>Informa\u00e7\u00f5es e reservas:<\/strong><br>Spa Maria Bonita Itacar\u00e9 | Resende Imperial Hotel &amp; Spa<br>Instagram @mariabonitaitacare<br>Tel\/WhatsApp: (21) 99963-6717<\/p>\n","protected":false},"excerpt":{"rendered":"<p>Fundado em 1992 pela atriz T\u00e2nia Alves e pelo educador f\u00edsico Tadeu Viscardi, o Spa&#8230;<\/p>\n","protected":false},"author":18,"featured_media":18382,"comment_status":"closed","ping_status":"open","sticky":false,"template":"","format":"standard","meta":{"om_disable_all_campaigns":false,"_monsterinsights_skip_tracking":false,"_monsterinsights_sitenote_active":false,"_monsterinsights_sitenote_note":"","_monsterinsights_sitenote_category":0,"spay_email":""},"categories":[1],"tags":[1031,1033,504,1032,1035,1034,832,1036,374,1019,1028,1030,1029],"jetpack_featured_media_url":"https:\/\/vimagazine.com.br\/wp-content\/uploads\/2025\/04\/capa.jpg","_links":{"self":[{"href":"https:\/\/vimagazine.com.br\/index.php?rest_route=\/wp\/v2\/posts\/18381"}],"collection":[{"href":"https:\/\/vimagazine.com.br\/index.php?rest_route=\/wp\/v2\/posts"}],"about":[{"href":"https:\/\/vimagazine.com.br\/index.php?rest_route=\/wp\/v2\/types\/post"}],"author":[{"embeddable":true,"href":"https:\/\/vimagazine.com.br\/index.php?rest_route=\/wp\/v2\/users\/18"}],"replies":[{"embeddable":true,"href":"https:\/\/vimagazine.com.br\/index.php?rest_route=%2Fwp%2Fv2%2Fcomments&post=18381"}],"version-history":[{"count":7,"href":"https:\/\/vimagazine.com.br\/index.php?rest_route=\/wp\/v2\/posts\/18381\/revisions"}],"predecessor-version":[{"id":18408,"href":"https:\/\/vimagazine.com.br\/index.php?rest_route=\/wp\/v2\/posts\/18381\/revisions\/18408"}],"wp:featuredmedia":[{"embeddable":true,"href":"https:\/\/vimagazine.com.br\/index.php?rest_route=\/wp\/v2\/media\/18382"}],"wp:attachment":[{"href":"https:\/\/vimagazine.com.br\/index.php?rest_route=%2Fwp%2Fv2%2Fmedia&parent=18381"}],"wp:term":[{"taxonomy":"category","embeddable":true,"href":"https:\/\/vimagazine.com.br\/index.php?rest_route=%2Fwp%2Fv2%2Fcategories&post=18381"},{"taxonomy":"post_tag","embeddable":true,"href":"https:\/\/vimagazine.com.br\/index.php?rest_route=%2Fwp%2Fv2%2Ftags&post=18381"}],"curies":[{"name":"wp","href":"https:\/\/api.w.org\/{rel}","templated":true}]}}