{"id":18409,"date":"2025-04-22T19:11:56","date_gmt":"2025-04-22T22:11:56","guid":{"rendered":"https:\/\/vimagazine.com.br\/?p=18409"},"modified":"2025-04-22T19:11:57","modified_gmt":"2025-04-22T22:11:57","slug":"do-suburbio-ao-estrelato-claudia-martins-encanta-o-brasil-no-domingao-com-huck","status":"publish","type":"post","link":"https:\/\/vimagazine.com.br\/?p=18409","title":{"rendered":"Do Sub\u00farbio ao Estrelato: Cl\u00e1udia Martins Encanta o Brasil no Doming\u00e3o com Huck"},"content":{"rendered":"\n<p><br><\/p>\n\n\n\n<p>Do cora\u00e7\u00e3o vibrante do Engenho de Dentro para os holofotes da TV nacional, Cl\u00e1udia Martins provou que sonhos nascidos no samba podem ecoar por todo o pa\u00eds. No \u00faltimo domingo de P\u00e1scoa, ela emocionou o Brasil inteiro com uma performance arrebatadora no palco do \u201cDoming\u00e3o com Huck\u201d.<\/p>\n\n\n\n<p>Criada na zona norte do Rio de Janeiro, Cl\u00e1udia respirou m\u00fasica desde o ber\u00e7o. Filha de um mestre-sala da Portela e de uma m\u00e3e que transformava afazeres dom\u00e9sticos em serenatas, ela encontrou cedo seu caminho na arte. Ainda pequena, j\u00e1 encantava os vizinhos com sua voz marcante e sua alegria contagiante, sempre embalada pelos ritmos da MPB e da Bossa Nova.<\/p>\n\n\n\n<p>A paix\u00e3o virou profiss\u00e3o, e os palcos de eventos e rodas de samba viram nascer uma estrela. Com carisma de sobra e uma entrega visceral a cada nota, Cl\u00e1udia conquistou seu espa\u00e7o na cena musical carioca, tornando-se refer\u00eancia de emo\u00e7\u00e3o e autenticidade.<\/p>\n\n\n\n<p>Mas foi neste domingo, 20 de abril, que o Brasil inteiro conheceu essa joia da m\u00fasica popular. Indica\u00e7\u00e3o de um amigo somada ao olhar atento do carnavalesco Milton Cunha resultaram no convite para o quadro \u201c3 Minutos para Brilhar\u201d. E ela brilhou \u2014 com for\u00e7a, alma e verdade.<\/p>\n\n\n\n<p>No palco, diante de nomes como Dona D\u00e9ia L\u00facia, Alexandre Pires, Ed Gama, L\u00edvia Andrade, Rafael Portugal e Padre F\u00e1bio de Melo, Cl\u00e1udia entregou uma vers\u00e3o arrebatadora de \u201cO B\u00eabado e a Equilibrista\u201d, cl\u00e1ssico eternizado por Elis Regina. Em poucos minutos, conquistou aplausos de p\u00e9, l\u00e1grimas emocionadas e o cora\u00e7\u00e3o do Brasil.<\/p>\n\n\n\n<p>Mais do que cantar, Cl\u00e1udia fez hist\u00f3ria. Mostrou que talento somado \u00e0 perseveran\u00e7a rompe barreiras, atravessa telinhas e transforma vidas. Uma artista que nasceu no sub\u00farbio, mas tem brilho de estrela nacional.<br><br><\/p>\n\n\n\n<figure class=\"wp-container-2 wp-block-gallery-1 wp-block-gallery has-nested-images columns-default is-cropped\">\n<figure class=\"wp-block-image size-large\"><img width=\"798\" height=\"435\" data-id=\"18410\"  src=\"https:\/\/vimagazine.com.br\/wp-content\/uploads\/2025\/04\/WhatsApp-Image-2025-04-22-at-17.14.05-3.jpeg\" alt=\"\" class=\"wp-image-18410\" srcset=\"https:\/\/vimagazine.com.br\/wp-content\/uploads\/2025\/04\/WhatsApp-Image-2025-04-22-at-17.14.05-3.jpeg 798w, https:\/\/vimagazine.com.br\/wp-content\/uploads\/2025\/04\/WhatsApp-Image-2025-04-22-at-17.14.05-3-300x164.jpeg 300w, https:\/\/vimagazine.com.br\/wp-content\/uploads\/2025\/04\/WhatsApp-Image-2025-04-22-at-17.14.05-3-768x419.jpeg 768w\" sizes=\"(max-width: 798px) 100vw, 798px\" \/><\/figure>\n\n\n\n<figure class=\"wp-block-image size-large\"><img width=\"1046\" height=\"589\" data-id=\"18411\"  src=\"https:\/\/vimagazine.com.br\/wp-content\/uploads\/2025\/04\/WhatsApp-Image-2025-04-22-at-17.14.05-2.jpeg\" alt=\"\" class=\"wp-image-18411\" srcset=\"https:\/\/vimagazine.com.br\/wp-content\/uploads\/2025\/04\/WhatsApp-Image-2025-04-22-at-17.14.05-2.jpeg 1046w, https:\/\/vimagazine.com.br\/wp-content\/uploads\/2025\/04\/WhatsApp-Image-2025-04-22-at-17.14.05-2-300x169.jpeg 300w, https:\/\/vimagazine.com.br\/wp-content\/uploads\/2025\/04\/WhatsApp-Image-2025-04-22-at-17.14.05-2-1024x577.jpeg 1024w, https:\/\/vimagazine.com.br\/wp-content\/uploads\/2025\/04\/WhatsApp-Image-2025-04-22-at-17.14.05-2-768x432.jpeg 768w\" sizes=\"(max-width: 1046px) 100vw, 1046px\" \/><\/figure>\n<\/figure>\n","protected":false},"excerpt":{"rendered":"<p>Do cora\u00e7\u00e3o vibrante do Engenho de Dentro para os holofotes da TV nacional, Cl\u00e1udia Martins&#8230;<\/p>\n","protected":false},"author":1,"featured_media":18412,"comment_status":"closed","ping_status":"open","sticky":false,"template":"","format":"standard","meta":{"om_disable_all_campaigns":false,"_monsterinsights_skip_tracking":false,"_monsterinsights_sitenote_active":false,"_monsterinsights_sitenote_note":"","_monsterinsights_sitenote_category":0,"spay_email":""},"categories":[1],"tags":[],"jetpack_featured_media_url":"https:\/\/vimagazine.com.br\/wp-content\/uploads\/2025\/04\/WhatsApp-Image-2025-04-22-at-17.14.05-1.jpeg","_links":{"self":[{"href":"https:\/\/vimagazine.com.br\/index.php?rest_route=\/wp\/v2\/posts\/18409"}],"collection":[{"href":"https:\/\/vimagazine.com.br\/index.php?rest_route=\/wp\/v2\/posts"}],"about":[{"href":"https:\/\/vimagazine.com.br\/index.php?rest_route=\/wp\/v2\/types\/post"}],"author":[{"embeddable":true,"href":"https:\/\/vimagazine.com.br\/index.php?rest_route=\/wp\/v2\/users\/1"}],"replies":[{"embeddable":true,"href":"https:\/\/vimagazine.com.br\/index.php?rest_route=%2Fwp%2Fv2%2Fcomments&post=18409"}],"version-history":[{"count":1,"href":"https:\/\/vimagazine.com.br\/index.php?rest_route=\/wp\/v2\/posts\/18409\/revisions"}],"predecessor-version":[{"id":18413,"href":"https:\/\/vimagazine.com.br\/index.php?rest_route=\/wp\/v2\/posts\/18409\/revisions\/18413"}],"wp:featuredmedia":[{"embeddable":true,"href":"https:\/\/vimagazine.com.br\/index.php?rest_route=\/wp\/v2\/media\/18412"}],"wp:attachment":[{"href":"https:\/\/vimagazine.com.br\/index.php?rest_route=%2Fwp%2Fv2%2Fmedia&parent=18409"}],"wp:term":[{"taxonomy":"category","embeddable":true,"href":"https:\/\/vimagazine.com.br\/index.php?rest_route=%2Fwp%2Fv2%2Fcategories&post=18409"},{"taxonomy":"post_tag","embeddable":true,"href":"https:\/\/vimagazine.com.br\/index.php?rest_route=%2Fwp%2Fv2%2Ftags&post=18409"}],"curies":[{"name":"wp","href":"https:\/\/api.w.org\/{rel}","templated":true}]}}