{"id":18414,"date":"2025-04-23T19:14:53","date_gmt":"2025-04-23T22:14:53","guid":{"rendered":"https:\/\/vimagazine.com.br\/?p=18414"},"modified":"2025-04-23T19:14:55","modified_gmt":"2025-04-23T22:14:55","slug":"sucesso-em-joinville-festa-das-luzes-tera-edicao-inedita-na-cidade-mais-antiga-de-sc","status":"publish","type":"post","link":"https:\/\/vimagazine.com.br\/?p=18414","title":{"rendered":"Sucesso em Joinville, Festa das Luzes ter\u00e1 edi\u00e7\u00e3o in\u00e9dita na cidade mais antiga de SC"},"content":{"rendered":"\n<figure class=\"wp-block-image size-large\"><img width=\"819\" height=\"1024\" src=\"https:\/\/vimagazine.com.br\/wp-content\/uploads\/2025\/04\/festa-das-cores-819x1024.jpg\" alt=\"\" class=\"wp-image-18415\" srcset=\"https:\/\/vimagazine.com.br\/wp-content\/uploads\/2025\/04\/festa-das-cores-819x1024.jpg 819w, https:\/\/vimagazine.com.br\/wp-content\/uploads\/2025\/04\/festa-das-cores-240x300.jpg 240w, https:\/\/vimagazine.com.br\/wp-content\/uploads\/2025\/04\/festa-das-cores-768x960.jpg 768w, https:\/\/vimagazine.com.br\/wp-content\/uploads\/2025\/04\/festa-das-cores-1024x1280.jpg 1024w, https:\/\/vimagazine.com.br\/wp-content\/uploads\/2025\/04\/festa-das-cores.jpg 1080w\" sizes=\"(max-width: 819px) 100vw, 819px\" \/><\/figure>\n\n\n\n<p><em>Evento acontece, pela primeira vez, em S\u00e3o Francisco do Sul nos dias 16 e 17 de maio<\/em><\/p>\n\n\n\n<p>Depois de surpreender Joinville e reunir milhares de visitantes em suas duas edi\u00e7\u00f5es, a Festa das Luzes prepara sua estreia em S\u00e3o Francisco do Sul, a cidade mais antiga de Santa Catarina. O festival, realizado com recursos da Lei Federal de Incentivo \u00e0 Cultura, une arte contempor\u00e2nea, tecnologia e patrim\u00f4nio hist\u00f3rico, acontece nos dias 16 e 17 de maio, com programa\u00e7\u00e3o gratuita e uma proposta que promete transformar ruas e pra\u00e7as do centro hist\u00f3rico.<\/p>\n\n\n\n<p>Consagrado como um dos maiores eventos de luz e arte urbana do estado, a proposta iluminou o centro de Joinville em sua \u00faltima edi\u00e7\u00e3o, surpreendendo mais de 80 mil pessoas com experi\u00eancias sensoriais que misturam proje\u00e7\u00f5es mapeadas, instala\u00e7\u00f5es interativas e performances art\u00edsticas. Agora, inicia uma nova fase como festival itinerante, expandindo suas fronteiras e propondo um novo olhar sobre o espa\u00e7o urbano por meio da magia da luz.<\/p>\n\n\n\n<p>Em S\u00e3o Francisco do Sul, o p\u00fablico vai encontrar uma programa\u00e7\u00e3o que valoriza tanto a arquitetura quanto as mem\u00f3rias afetivas da cidade. Atra\u00e7\u00f5es musicais, proje\u00e7\u00f5es mapeadas e instala\u00e7\u00f5es art\u00edsticas v\u00e3o ocupar pontos ic\u00f4nicos como a Pra\u00e7a da Matriz,&nbsp; a fachada do Bar do J\u00fanior, e outras \u00e1reas centrais, colorindo o cen\u00e1rio hist\u00f3rico e estimulando novas conex\u00f5es entre arte, cidade e comunidade.<\/p>\n\n\n\n<p>Entre os destaques, o Mercado Municipal ser\u00e1 o ponto de partida do circuito, com proje\u00e7\u00f5es de videomapping criadas por artistas do Brasil e do exterior. Ao longo do trajeto, apresenta\u00e7\u00f5es de DJs, VJs, grupos culturais locais e instala\u00e7\u00f5es que transformam luz em poesia visual completam a experi\u00eancia.<\/p>\n\n\n\n<p>\u201cA proposta \u00e9 usar a arte para criar novas conex\u00f5es entre as pessoas e a cidade. A luz tem esse poder de transformar o olhar e de provocar encontros, especialmente em lugares t\u00e3o simb\u00f3licos quanto o centro hist\u00f3rico de S\u00e3o Chico\u201d, explica o artista visual Leandro Vigas, idealizador do festival.<\/p>\n\n\n\n<p>Chamada para artistas da cidade<\/p>\n\n\n\n<p>Al\u00e9m de democratizar o acesso \u00e0 arte, a Festa das Luzes abre espa\u00e7o para a participa\u00e7\u00e3o de artistas visuais de S\u00e3o Francisco. As inscri\u00e7\u00f5es est\u00e3o abertas para criadores que queiram integrar a programa\u00e7\u00e3o, com a possibilidade de exibir suas obras durante o evento. Os trabalhos \u2014 que n\u00e3o precisam ser in\u00e9ditos \u2014 ser\u00e3o selecionados por um j\u00fari especializado e os artistas escolhidos receber\u00e3o um pr\u00eamio de participa\u00e7\u00e3o em dinheiro. As inscri\u00e7\u00f5es podem ser feitas pelo e-mail: @festivaldeluzessfs@gmail.com<\/p>\n\n\n\n<p>Mais do que um evento cultural, a Festa das Luzes \u00e9 uma experi\u00eancia sensorial que convida o p\u00fablico a caminhar, observar e se reconectar com a cidade \u2014 redescobrindo hist\u00f3rias, mem\u00f3rias e paisagens sob uma nova luz.<\/p>\n\n\n\n<p>O evento conta com o patroc\u00ednio de Tigre, Grupo Koch, Fullport e Cia. Latino Americana de Medicamentos. Apoio: Prefeitura de S\u00e3o Francisco do Sul, Secretaria de Turismo, Funda\u00e7\u00e3o Cultural, Favretto M\u00eddia Exterior, Seta Solu\u00e7\u00f5es Visuais, Resolume, Madmapper, Tagtool. Produ\u00e7\u00e3o: Ginja Produ\u00e7\u00f5es e Biolumen Studio.<\/p>\n\n\n\n<p><strong>Agende-se<\/strong><\/p>\n\n\n\n<p>Festa das Luzes edi\u00e7\u00e3o S\u00e3o Francisco do Sul<\/p>\n\n\n\n<p>Data: 16 e 17 de maio de 2025<\/p>\n\n\n\n<p>Local: Centro Hist\u00f3rico de S\u00e3o Francisco do Sul \u2013 SC<\/p>\n\n\n\n<p>Hor\u00e1rio: Das 17h as 22h30<\/p>\n\n\n\n<p>Entrada: Gratuita<\/p>\n\n\n\n<p>Instagram: @festadasluzesoficial<\/p>\n","protected":false},"excerpt":{"rendered":"<p>Evento acontece, pela primeira vez, em S\u00e3o Francisco do Sul nos dias 16 e 17&#8230;<\/p>\n","protected":false},"author":20,"featured_media":0,"comment_status":"closed","ping_status":"open","sticky":false,"template":"","format":"standard","meta":{"om_disable_all_campaigns":false,"_monsterinsights_skip_tracking":false,"_monsterinsights_sitenote_active":false,"_monsterinsights_sitenote_note":"","_monsterinsights_sitenote_category":0,"spay_email":""},"categories":[1],"tags":[],"jetpack_featured_media_url":"","_links":{"self":[{"href":"https:\/\/vimagazine.com.br\/index.php?rest_route=\/wp\/v2\/posts\/18414"}],"collection":[{"href":"https:\/\/vimagazine.com.br\/index.php?rest_route=\/wp\/v2\/posts"}],"about":[{"href":"https:\/\/vimagazine.com.br\/index.php?rest_route=\/wp\/v2\/types\/post"}],"author":[{"embeddable":true,"href":"https:\/\/vimagazine.com.br\/index.php?rest_route=\/wp\/v2\/users\/20"}],"replies":[{"embeddable":true,"href":"https:\/\/vimagazine.com.br\/index.php?rest_route=%2Fwp%2Fv2%2Fcomments&post=18414"}],"version-history":[{"count":1,"href":"https:\/\/vimagazine.com.br\/index.php?rest_route=\/wp\/v2\/posts\/18414\/revisions"}],"predecessor-version":[{"id":18416,"href":"https:\/\/vimagazine.com.br\/index.php?rest_route=\/wp\/v2\/posts\/18414\/revisions\/18416"}],"wp:attachment":[{"href":"https:\/\/vimagazine.com.br\/index.php?rest_route=%2Fwp%2Fv2%2Fmedia&parent=18414"}],"wp:term":[{"taxonomy":"category","embeddable":true,"href":"https:\/\/vimagazine.com.br\/index.php?rest_route=%2Fwp%2Fv2%2Fcategories&post=18414"},{"taxonomy":"post_tag","embeddable":true,"href":"https:\/\/vimagazine.com.br\/index.php?rest_route=%2Fwp%2Fv2%2Ftags&post=18414"}],"curies":[{"name":"wp","href":"https:\/\/api.w.org\/{rel}","templated":true}]}}