{"id":18423,"date":"2025-04-23T20:24:28","date_gmt":"2025-04-23T23:24:28","guid":{"rendered":"https:\/\/vimagazine.com.br\/?p=18423"},"modified":"2025-04-23T20:24:29","modified_gmt":"2025-04-23T23:24:29","slug":"sebrae-sc-abre-processo-seletivo-para-novos-agentes-locais-de-inovacao-ali","status":"publish","type":"post","link":"https:\/\/vimagazine.com.br\/?p=18423","title":{"rendered":"Sebrae\/SC abre processo seletivo para novos Agentes Locais de Inova\u00e7\u00e3o (ALI)"},"content":{"rendered":"\n<figure class=\"wp-block-image size-full\"><img width=\"1000\" height=\"750\" src=\"https:\/\/vimagazine.com.br\/wp-content\/uploads\/2025\/04\/sebrae-processo-seletivo.jpg\" alt=\"\" class=\"wp-image-18424\" srcset=\"https:\/\/vimagazine.com.br\/wp-content\/uploads\/2025\/04\/sebrae-processo-seletivo.jpg 1000w, https:\/\/vimagazine.com.br\/wp-content\/uploads\/2025\/04\/sebrae-processo-seletivo-300x225.jpg 300w, https:\/\/vimagazine.com.br\/wp-content\/uploads\/2025\/04\/sebrae-processo-seletivo-768x576.jpg 768w\" sizes=\"(max-width: 1000px) 100vw, 1000px\" \/><\/figure>\n\n\n\n<p>Interessados t\u00eam at\u00e9 o dia 29 de abril para participar da sele\u00e7\u00e3o<\/p>\n\n\n\n<p>O Sebrae\/SC est\u00e1 com inscri\u00e7\u00f5es abertas para o processo seletivo de novos Agentes Locais de Inova\u00e7\u00e3o (ALI) e orientadores. O programa tem como foco promover a inova\u00e7\u00e3o e o aumento da produtividade em micro e pequenas empresas, al\u00e9m de apoiar a moderniza\u00e7\u00e3o de neg\u00f3cios rurais em Santa Catarina.<\/p>\n\n\n\n<p>Os profissionais selecionados atuar\u00e3o como bolsistas extensionistas, aplicando metodologias inovadoras para impulsionar a competitividade dos empreendimentos atendidos.<\/p>\n\n\n\n<p>Nesta edi\u00e7\u00e3o, o programa conta com duas modalidades: ALI Produtividade e ALI Rural. Ambas buscam profissionais comprometidos com o desenvolvimento de pequenos neg\u00f3cios por meio da implementa\u00e7\u00e3o de ferramentas \u00e1geis e solu\u00e7\u00f5es estrat\u00e9gicas. O objetivo \u00e9 melhorar a efici\u00eancia operacional, ampliar a sustentabilidade e aumentar o faturamento das empresas em geral e, especialmente, no setor do agroneg\u00f3cio.<\/p>\n\n\n\n<p>Segundo Paulo Rubin, gestor estadual do Programa ALI em Santa Catarina, a iniciativa representa uma oportunidade \u00fanica para quem deseja atuar na transforma\u00e7\u00e3o de neg\u00f3cios. \u201cOs Agentes Locais de Inova\u00e7\u00e3o desempenham um papel fundamental ao levar inova\u00e7\u00e3o e solu\u00e7\u00f5es estrat\u00e9gicas para os pequenos neg\u00f3cios. Eles atuam diretamente com os empres\u00e1rios, ajudando a implementar melhorias que fazem a diferen\u00e7a na competitividade das empresas\u201d, destaca.<\/p>\n\n\n\n<p>Os bolsistas N4 selecionados receber\u00e3o bolsas no valor de R$ 5.000 mensais, com dedica\u00e7\u00e3o exclusiva. A dura\u00e7\u00e3o m\u00e1xima da atua\u00e7\u00e3o \u00e9 de 24 meses, com in\u00edcio previsto para agosto de 2025 e t\u00e9rmino em agosto de 2027.<\/p>\n\n\n\n<p>Ao todo, est\u00e3o dispon\u00edveis sete vagas imediatas mais 30 para cadastro de reserva na modalidade ALI Produtividade e 16 vagas imediatas mais 33 para cadastro de reserva na modalidade ALI Rural.<\/p>\n\n\n\n<p>J\u00e1 os orientadores N6 ser\u00e3o contemplados com bolsas de R$ 6.500 mensais, sem necessidade de dedica\u00e7\u00e3o exclusiva. A dura\u00e7\u00e3o de seus contratos ser\u00e1 de 18 meses para a orienta\u00e7\u00e3o de ALI Produtividade e 13 meses para o ALI Rural, com um total de 12 vagas, metade delas para in\u00edcio imediato e o restante para reserva. Esses bolsistas dever\u00e3o orientar academicamente os bolsistas N4 durante a produ\u00e7\u00e3o bibliogr\u00e1fica de seus projetos.<\/p>\n\n\n\n<p>As inscri\u00e7\u00f5es podem ser feitas at\u00e9 o dia 29 de abril. <\/p>\n\n\n\n<p>Para mais informa\u00e7\u00f5es acesse: <a href=\"http:\/\/sebrae.sc\/ali-2025\">http:\/\/sebrae.sc\/ali-2025<\/a><\/p>\n","protected":false},"excerpt":{"rendered":"<p>Interessados t\u00eam at\u00e9 o dia 29 de abril para participar da sele\u00e7\u00e3o O Sebrae\/SC est\u00e1&#8230;<\/p>\n","protected":false},"author":20,"featured_media":0,"comment_status":"closed","ping_status":"open","sticky":false,"template":"","format":"standard","meta":{"om_disable_all_campaigns":false,"_monsterinsights_skip_tracking":false,"_monsterinsights_sitenote_active":false,"_monsterinsights_sitenote_note":"","_monsterinsights_sitenote_category":0,"spay_email":""},"categories":[1],"tags":[],"jetpack_featured_media_url":"","_links":{"self":[{"href":"https:\/\/vimagazine.com.br\/index.php?rest_route=\/wp\/v2\/posts\/18423"}],"collection":[{"href":"https:\/\/vimagazine.com.br\/index.php?rest_route=\/wp\/v2\/posts"}],"about":[{"href":"https:\/\/vimagazine.com.br\/index.php?rest_route=\/wp\/v2\/types\/post"}],"author":[{"embeddable":true,"href":"https:\/\/vimagazine.com.br\/index.php?rest_route=\/wp\/v2\/users\/20"}],"replies":[{"embeddable":true,"href":"https:\/\/vimagazine.com.br\/index.php?rest_route=%2Fwp%2Fv2%2Fcomments&post=18423"}],"version-history":[{"count":1,"href":"https:\/\/vimagazine.com.br\/index.php?rest_route=\/wp\/v2\/posts\/18423\/revisions"}],"predecessor-version":[{"id":18425,"href":"https:\/\/vimagazine.com.br\/index.php?rest_route=\/wp\/v2\/posts\/18423\/revisions\/18425"}],"wp:attachment":[{"href":"https:\/\/vimagazine.com.br\/index.php?rest_route=%2Fwp%2Fv2%2Fmedia&parent=18423"}],"wp:term":[{"taxonomy":"category","embeddable":true,"href":"https:\/\/vimagazine.com.br\/index.php?rest_route=%2Fwp%2Fv2%2Fcategories&post=18423"},{"taxonomy":"post_tag","embeddable":true,"href":"https:\/\/vimagazine.com.br\/index.php?rest_route=%2Fwp%2Fv2%2Ftags&post=18423"}],"curies":[{"name":"wp","href":"https:\/\/api.w.org\/{rel}","templated":true}]}}